{"id":27111,"date":"2026-02-12T13:46:47","date_gmt":"2026-02-12T12:46:47","guid":{"rendered":"https:\/\/serveiseducatius.xtec.cat\/badalona\/?p=27111"},"modified":"2026-02-13T08:47:07","modified_gmt":"2026-02-13T07:47:07","slug":"atencio-divendres-13-de-febrer-dia-mundial-de-la-radio-2026","status":"publish","type":"post","link":"https:\/\/serveiseducatius.xtec.cat\/badalona\/general\/atencio-divendres-13-de-febrer-dia-mundial-de-la-radio-2026\/","title":{"rendered":"Atenci\u00f3! Divendres 13 de febrer: Dia Mundial de la R\u00e0dio 2026"},"content":{"rendered":"<p><img loading=\"lazy\" decoding=\"async\" class=\" wp-image-27117 alignleft\" src=\"https:\/\/serveiseducatius.xtec.cat\/badalona\/wp-content\/uploads\/usu1088\/2026\/02\/Dia-Mundial-26-Escaleta-576x1024.png\" alt=\"\" width=\"343\" height=\"610\" \/>Ja ho tenim tot a punt!<\/p>\n<p>Dem\u00e0 <strong>divendres 13 de febrer<\/strong> se celebra el Dia Mundial de la R\u00e0dio, una jornada dedicada a recon\u00e8ixer la import\u00e0ncia d\u2019aquest mitj\u00e0 de comunicaci\u00f3 en la nostra societat. Per commemorar-ho, com ja \u00e9s tradici\u00f3, oferirem un programa especial en directe des del Centre de Recursos Pedag\u00f2gics de Badalona.<\/p>\n<p><span style=\"font-weight: 400;\">\u00a0Aquest any, celebrem el Dia Mundial de la R\u00e0dio escoltant<strong> diferents programes<\/strong> que els infants i joves de <strong>12 centres diferents de Badalona<\/strong> han elaborat, relacionades amb les propostes del <strong>grup de treball de r\u00e0dio i audiovisuals dels centres de recursos de Catalunya<\/strong> i el <strong>Departament de Cultura Digital<\/strong> de la Generalitat.\u00a0 <\/span><\/p>\n<p><span style=\"font-weight: 400;\">L\u2019arribada de la <strong>maleta d\u2019audiovisuals<\/strong> als centres ha fet que aquest any no nom\u00e9s escoltem la proposta de \u201c<em>Cent anys explicant hist\u00f2ries<\/em>\u201d amb contes i llegendes d\u2019arreu del territori, sin\u00f3 que tamb\u00e9 escoltarem propostes que s\u2019emmarquen en el projecte \u201c<em>Enrola\u2019t<\/em>\u201d. Us adonareu que alguns centres han compartit hist\u00f2ries i com \u00e9s d\u2019interessant la interpretaci\u00f3 que en fan en funci\u00f3 de quin curs les elabora. Hi participen <strong>infants des d\u2019infantil fins a joves de batxillerat i cicles formatius<\/strong>.<\/span><\/p>\n<p>Adjunt trobareu el programa de l\u2019esdeveniment, clicant <strong><a href=\"https:\/\/ja.cat\/badalona-dia-mundial-radio\" target=\"_blank\" rel=\"noopener\">aqu\u00ed si voleu escoltar des d&#8217;un centre educatiu<\/a>.<\/strong> O cliqueu aqu\u00ed\u00a0<a href=\"https:\/\/www.canva.com\/design\/DAHAQ_5BLJw\/JTyTHyKfH3yGys_eiqPM5Q\/view?utm_content=DAHAQ_5BLJw&amp;utm_campaign=designshare&amp;utm_medium=link2&amp;utm_source=uniquelinks&amp;utlId=h5d2ab14cc1\" target=\"_blank\" rel=\"noopener\"><strong>si us connecteu des d&#8217;un dispositiu extern a un centre educatiu.<\/strong><\/a><\/p>\n<p>Podreu seguir l\u2019emissi\u00f3 en directe. Clica <span style=\"font-size: 14pt;\"><strong><a href=\"https:\/\/www.youtube.com\/live\/yWKuzjw1urQ\">aqu\u00ed<\/a> <\/strong><\/span>per escoltar-nos.\u00a0<strong>No us ho perdeu<\/strong>!<\/p>\n","protected":false},"excerpt":{"rendered":"<p>Ja ho tenim tot a punt! Dem\u00e0 divendres 13 de febrer se celebra el Dia Mundial de la R\u00e0dio, una [&hellip;]<\/p>\n","protected":false},"author":51,"featured_media":27117,"comment_status":"closed","ping_status":"open","sticky":false,"template":"","format":"standard","meta":{"_bbp_topic_count":0,"_bbp_reply_count":0,"_bbp_total_topic_count":0,"_bbp_total_reply_count":0,"_bbp_voice_count":0,"_bbp_anonymous_reply_count":0,"_bbp_topic_count_hidden":0,"_bbp_reply_count_hidden":0,"_bbp_forum_subforum_count":0,"site-sidebar-layout":"default","site-content-layout":"","ast-site-content-layout":"default","site-content-style":"default","site-sidebar-style":"default","ast-global-header-display":"","ast-banner-title-visibility":"","ast-main-header-display":"","ast-hfb-above-header-display":"","ast-hfb-below-header-display":"","ast-hfb-mobile-header-display":"","site-post-title":"","ast-breadcrumbs-content":"","ast-featured-img":"","footer-sml-layout":"","theme-transparent-header-meta":"default","adv-header-id-meta":"","stick-header-meta":"","header-above-stick-meta":"","header-main-stick-meta":"","header-below-stick-meta":"","astra-migrate-meta-layouts":"set","ast-page-background-enabled":"default","ast-page-background-meta":{"desktop":{"background-color":"var(--ast-global-color-4)","background-image":"","background-repeat":"repeat","background-position":"center center","background-size":"auto","background-attachment":"scroll","background-type":"","background-media":"","overlay-type":"","overlay-color":"","overlay-opacity":"","overlay-gradient":""},"tablet":{"background-color":"","background-image":"","background-repeat":"repeat","background-position":"center center","background-size":"auto","background-attachment":"scroll","background-type":"","background-media":"","overlay-type":"","overlay-color":"","overlay-opacity":"","overlay-gradient":""},"mobile":{"background-color":"","background-image":"","background-repeat":"repeat","background-position":"center center","background-size":"auto","background-attachment":"scroll","background-type":"","background-media":"","overlay-type":"","overlay-color":"","overlay-opacity":"","overlay-gradient":""}},"ast-content-background-meta":{"desktop":{"background-color":"var(--ast-global-color-5)","background-image":"","background-repeat":"repeat","background-position":"center center","background-size":"auto","background-attachment":"scroll","background-type":"","background-media":"","overlay-type":"","overlay-color":"","overlay-opacity":"","overlay-gradient":""},"tablet":{"background-color":"var(--ast-global-color-5)","background-image":"","background-repeat":"repeat","background-position":"center center","background-size":"auto","background-attachment":"scroll","background-type":"","background-media":"","overlay-type":"","overlay-color":"","overlay-opacity":"","overlay-gradient":""},"mobile":{"background-color":"var(--ast-global-color-5)","background-image":"","background-repeat":"repeat","background-position":"center center","background-size":"auto","background-attachment":"scroll","background-type":"","background-media":"","overlay-type":"","overlay-color":"","overlay-opacity":"","overlay-gradient":""}},"footnotes":""},"categories":[66,1,29],"tags":[167,108],"class_list":["post-27111","post","type-post","status-publish","format-standard","has-post-thumbnail","hentry","category-dinamitzacio","category-general","category-portada","tag-badalona","tag-radio"],"post_mailing_queue_ids":[],"_links":{"self":[{"href":"https:\/\/serveiseducatius.xtec.cat\/badalona\/wp-json\/wp\/v2\/posts\/27111","targetHints":{"allow":["GET"]}}],"collection":[{"href":"https:\/\/serveiseducatius.xtec.cat\/badalona\/wp-json\/wp\/v2\/posts"}],"about":[{"href":"https:\/\/serveiseducatius.xtec.cat\/badalona\/wp-json\/wp\/v2\/types\/post"}],"author":[{"embeddable":true,"href":"https:\/\/serveiseducatius.xtec.cat\/badalona\/wp-json\/wp\/v2\/users\/51"}],"replies":[{"embeddable":true,"href":"https:\/\/serveiseducatius.xtec.cat\/badalona\/wp-json\/wp\/v2\/comments?post=27111"}],"version-history":[{"count":6,"href":"https:\/\/serveiseducatius.xtec.cat\/badalona\/wp-json\/wp\/v2\/posts\/27111\/revisions"}],"predecessor-version":[{"id":27123,"href":"https:\/\/serveiseducatius.xtec.cat\/badalona\/wp-json\/wp\/v2\/posts\/27111\/revisions\/27123"}],"wp:featuredmedia":[{"embeddable":true,"href":"https:\/\/serveiseducatius.xtec.cat\/badalona\/wp-json\/wp\/v2\/media\/27117"}],"wp:attachment":[{"href":"https:\/\/serveiseducatius.xtec.cat\/badalona\/wp-json\/wp\/v2\/media?parent=27111"}],"wp:term":[{"taxonomy":"category","embeddable":true,"href":"https:\/\/serveiseducatius.xtec.cat\/badalona\/wp-json\/wp\/v2\/categories?post=27111"},{"taxonomy":"post_tag","embeddable":true,"href":"https:\/\/serveiseducatius.xtec.cat\/badalona\/wp-json\/wp\/v2\/tags?post=27111"}],"curies":[{"name":"wp","href":"https:\/\/api.w.org\/{rel}","templated":true}]}}