{"id":26980,"date":"2026-01-26T08:00:06","date_gmt":"2026-01-26T07:00:06","guid":{"rendered":"https:\/\/serveiseducatius.xtec.cat\/badalona\/?p=26980"},"modified":"2026-01-26T14:46:57","modified_gmt":"2026-01-26T13:46:57","slug":"6-de-febrer-de-2026-dia-internacional-de-la-tolerancia-zero-amb-la-mutilacio-genital-femenina","status":"publish","type":"post","link":"https:\/\/serveiseducatius.xtec.cat\/badalona\/general\/6-de-febrer-de-2026-dia-internacional-de-la-tolerancia-zero-amb-la-mutilacio-genital-femenina\/","title":{"rendered":"6 de febrer de 2026: Dia Internacional de la Toler\u00e0ncia Zero amb la Mutilaci\u00f3 Genital Femenina"},"content":{"rendered":"<p><strong><img loading=\"lazy\" decoding=\"async\" class=\"wp-image-26981 alignleft\" src=\"https:\/\/serveiseducatius.xtec.cat\/badalona\/wp-content\/uploads\/usu1088\/2026\/01\/Captura-de-pantalla-2026-01-22-131155.jpg\" alt=\"\" width=\"289\" height=\"200\" \/>El <a title=\"6 de febrer 2024\" href=\"https:\/\/canalsalut.gencat.cat\/ca\/actualitat\/dies-mundials\/mutilacio-genital-femenina\/\" target=\"_blank\" rel=\"noopener\">6 de febrer 2026, <\/a><\/strong><strong>\u00e9s el dia Internacional de la Toler\u00e0ncia Zero amb la Mutilaci\u00f3 Genital Femenina<\/strong><\/p>\n<p data-path-to-node=\"3\">Amb motiu del <b data-path-to-node=\"3\" data-index-in-node=\"14\">Dia Internacional de Toler\u00e0ncia Zero amb la Mutilaci\u00f3 Genital Femenina (MGF)<\/b>, el Departament d\u2019Educaci\u00f3 i Formaci\u00f3 Professional referma el seu comprom\u00eds amb els <b data-path-to-node=\"3\" data-index-in-node=\"175\">Objectius de Desenvolupament Sostenible (ODS 5)<\/b> per erradicar aquesta pr\u00e0ctica i els matrimonis for\u00e7ats abans del 2030.<\/p>\n<p data-path-to-node=\"4\">La MGF \u00e9s una vulneraci\u00f3 greu dels drets humans i de la salut sexual i reproductiva de les nenes i dones. Com a comunitat educativa, la nostra acci\u00f3 \u00e9s clau per:<\/p>\n<ul data-path-to-node=\"5\">\n<li>\n<p data-path-to-node=\"5,0,0\"><b data-path-to-node=\"5,0,0\" data-index-in-node=\"0\">Fomentar l&#8217;esperit cr\u00edtic<\/b> de l&#8217;alumnat davant totes les formes de viol\u00e8ncia masclista.<\/p>\n<\/li>\n<li>\n<p data-path-to-node=\"5,1,0\"><b data-path-to-node=\"5,1,0\" data-index-in-node=\"0\">Empoderar les noies<\/b> com a protagonistes de la defensa dels seus drets i llibertats.<\/p>\n<\/li>\n<li>\n<p data-path-to-node=\"5,2,0\"><b data-path-to-node=\"5,2,0\" data-index-in-node=\"0\">Promoure accions inclusives<\/b> que garanteixin un entorn segur, digne i lliure de viol\u00e8ncies.<\/p>\n<\/li>\n<\/ul>\n<p data-path-to-node=\"7\"><b data-path-to-node=\"7\" data-index-in-node=\"0\">Recursos de refer\u00e8ncia per als centre<\/b><\/p>\n<ul data-path-to-node=\"8\">\n<li>\n<p data-path-to-node=\"8,0,0\"><a href=\"https:\/\/educacio.gencat.cat\/ca\/departament\/publicacions\/materials-linies-estrategiques\/coeducacio\/previnguem-mutilacio-genital-femenina\/\" target=\"_blank\" rel=\"noopener\"><b data-path-to-node=\"8,0,0\" data-index-in-node=\"0\">Previnguem la mutilaci\u00f3 genital femenina (XTEC)<\/b><\/a>: materials i recursos de suport<\/p>\n<\/li>\n<li>\n<p data-path-to-node=\"8,1,0\"><a href=\"https:\/\/www.siguestu.cat\/ca\/noticies\/92-dia-internacional-de-tolerancia-zero-amb-la-m.html\" target=\"_blank\" rel=\"noopener\"><b data-path-to-node=\"8,1,0\" data-index-in-node=\"0\">Eines pedag\u00f2giques (Sigues Tu)<\/b><\/a>: Propostes per treballar l&#8217;autonomia i la dignitat a l&#8217;aula.<\/p>\n<\/li>\n<li>\n<p data-path-to-node=\"8,1,0\"><strong><a href=\"https:\/\/xtec.gencat.cat\/ca\/centres\/celebracions\/2025\/dia-internacional-de-tolerancia-zero-amb-la-mutilacio-genital-femenina\/\" target=\"_blank\" rel=\"noopener\">M\u00e9s recursos:<\/a>\u00a0<\/strong>Protocols i eines\u00a0<\/p>\n<\/li>\n<li>\n<p data-path-to-node=\"8,1,0\"><a href=\"https:\/\/canalsalut.gencat.cat\/ca\/salut-a-z\/m\/mutilacio-genital-femenina\/\" target=\"_blank\" rel=\"noopener\"><strong>Mutilaci\u00f3 genital femenina: Canal Salut<\/strong><\/a><\/p>\n<\/li>\n<\/ul>\n","protected":false},"excerpt":{"rendered":"<p>El 6 de febrer 2026, \u00e9s el dia Internacional de la Toler\u00e0ncia Zero amb la Mutilaci\u00f3 Genital Femenina Amb motiu [&hellip;]<\/p>\n","protected":false},"author":50,"featured_media":26981,"comment_status":"closed","ping_status":"open","sticky":false,"template":"","format":"standard","meta":{"_bbp_topic_count":0,"_bbp_reply_count":0,"_bbp_total_topic_count":0,"_bbp_total_reply_count":0,"_bbp_voice_count":0,"_bbp_anonymous_reply_count":0,"_bbp_topic_count_hidden":0,"_bbp_reply_count_hidden":0,"_bbp_forum_subforum_count":0,"site-sidebar-layout":"default","site-content-layout":"","ast-site-content-layout":"default","site-content-style":"default","site-sidebar-style":"default","ast-global-header-display":"","ast-banner-title-visibility":"","ast-main-header-display":"","ast-hfb-above-header-display":"","ast-hfb-below-header-display":"","ast-hfb-mobile-header-display":"","site-post-title":"","ast-breadcrumbs-content":"","ast-featured-img":"","footer-sml-layout":"","theme-transparent-header-meta":"default","adv-header-id-meta":"","stick-header-meta":"","header-above-stick-meta":"","header-main-stick-meta":"","header-below-stick-meta":"","astra-migrate-meta-layouts":"set","ast-page-background-enabled":"default","ast-page-background-meta":{"desktop":{"background-color":"var(--ast-global-color-4)","background-image":"","background-repeat":"repeat","background-position":"center center","background-size":"auto","background-attachment":"scroll","background-type":"","background-media":"","overlay-type":"","overlay-color":"","overlay-opacity":"","overlay-gradient":""},"tablet":{"background-color":"","background-image":"","background-repeat":"repeat","background-position":"center center","background-size":"auto","background-attachment":"scroll","background-type":"","background-media":"","overlay-type":"","overlay-color":"","overlay-opacity":"","overlay-gradient":""},"mobile":{"background-color":"","background-image":"","background-repeat":"repeat","background-position":"center center","background-size":"auto","background-attachment":"scroll","background-type":"","background-media":"","overlay-type":"","overlay-color":"","overlay-opacity":"","overlay-gradient":""}},"ast-content-background-meta":{"desktop":{"background-color":"var(--ast-global-color-5)","background-image":"","background-repeat":"repeat","background-position":"center center","background-size":"auto","background-attachment":"scroll","background-type":"","background-media":"","overlay-type":"","overlay-color":"","overlay-opacity":"","overlay-gradient":""},"tablet":{"background-color":"var(--ast-global-color-5)","background-image":"","background-repeat":"repeat","background-position":"center center","background-size":"auto","background-attachment":"scroll","background-type":"","background-media":"","overlay-type":"","overlay-color":"","overlay-opacity":"","overlay-gradient":""},"mobile":{"background-color":"var(--ast-global-color-5)","background-image":"","background-repeat":"repeat","background-position":"center center","background-size":"auto","background-attachment":"scroll","background-type":"","background-media":"","overlay-type":"","overlay-color":"","overlay-opacity":"","overlay-gradient":""}},"footnotes":""},"categories":[1450,1,29,76],"tags":[],"class_list":["post-26980","post","type-post","status-publish","format-standard","has-post-thumbnail","hentry","category-coeducacio-perspectiva-de-genere-i-educacio-afectiva-sexual","category-general","category-portada","category-recursos"],"post_mailing_queue_ids":[],"_links":{"self":[{"href":"https:\/\/serveiseducatius.xtec.cat\/badalona\/wp-json\/wp\/v2\/posts\/26980","targetHints":{"allow":["GET"]}}],"collection":[{"href":"https:\/\/serveiseducatius.xtec.cat\/badalona\/wp-json\/wp\/v2\/posts"}],"about":[{"href":"https:\/\/serveiseducatius.xtec.cat\/badalona\/wp-json\/wp\/v2\/types\/post"}],"author":[{"embeddable":true,"href":"https:\/\/serveiseducatius.xtec.cat\/badalona\/wp-json\/wp\/v2\/users\/50"}],"replies":[{"embeddable":true,"href":"https:\/\/serveiseducatius.xtec.cat\/badalona\/wp-json\/wp\/v2\/comments?post=26980"}],"version-history":[{"count":2,"href":"https:\/\/serveiseducatius.xtec.cat\/badalona\/wp-json\/wp\/v2\/posts\/26980\/revisions"}],"predecessor-version":[{"id":26983,"href":"https:\/\/serveiseducatius.xtec.cat\/badalona\/wp-json\/wp\/v2\/posts\/26980\/revisions\/26983"}],"wp:featuredmedia":[{"embeddable":true,"href":"https:\/\/serveiseducatius.xtec.cat\/badalona\/wp-json\/wp\/v2\/media\/26981"}],"wp:attachment":[{"href":"https:\/\/serveiseducatius.xtec.cat\/badalona\/wp-json\/wp\/v2\/media?parent=26980"}],"wp:term":[{"taxonomy":"category","embeddable":true,"href":"https:\/\/serveiseducatius.xtec.cat\/badalona\/wp-json\/wp\/v2\/categories?post=26980"},{"taxonomy":"post_tag","embeddable":true,"href":"https:\/\/serveiseducatius.xtec.cat\/badalona\/wp-json\/wp\/v2\/tags?post=26980"}],"curies":[{"name":"wp","href":"https:\/\/api.w.org\/{rel}","templated":true}]}}