{"id":26970,"date":"2026-01-21T10:55:06","date_gmt":"2026-01-21T09:55:06","guid":{"rendered":"https:\/\/serveiseducatius.xtec.cat\/badalona\/?p=26970"},"modified":"2026-01-21T10:55:06","modified_gmt":"2026-01-21T09:55:06","slug":"infok-llegim-en-parella-llegir-millor-una-experiencia-de-lescola-baldiri-reixac","status":"publish","type":"post","link":"https:\/\/serveiseducatius.xtec.cat\/badalona\/portada\/infok-llegim-en-parella-llegir-millor-una-experiencia-de-lescola-baldiri-reixac\/","title":{"rendered":"InfoK: Llegim en parella, llegir millor, una experi\u00e8ncia de l&#8217;escola Baldiri Reixac"},"content":{"rendered":"<p><a href=\"https:\/\/www.3cat.cat\/tv3\/sx3\/llegim-en-parella-llegim-millor\/video\/6380543\/\" target=\"_blank\" rel=\"noopener\"><img loading=\"lazy\" decoding=\"async\" class=\"size-full wp-image-26971 alignleft\" src=\"https:\/\/serveiseducatius.xtec.cat\/badalona\/wp-content\/uploads\/usu1088\/2026\/01\/Captura-de-pantalla-2026-01-21-104522.png\" alt=\"\" width=\"820\" height=\"598\" \/><\/a><\/p>\n<p data-start=\"161\" data-end=\"320\"><strong data-start=\"161\" data-end=\"211\">Compartim amb vosaltres una not\u00edcia de l<a href=\"https:\/\/www.3cat.cat\/tv3\/sx3\/llegim-en-parella-llegim-millor\/video\/6380543\/\" target=\"_blank\" rel=\"noopener\">\u2019InfoK<\/a><\/strong> sobre l\u2019experi\u00e8ncia de <strong data-start=\"235\" data-end=\"258\">lectura en parelles<\/strong> que es duu a terme a l\u2019<strong data-start=\"282\" data-end=\"319\">Escola Baldiri Reixac de Badalona<\/strong>.<\/p>\n<p data-start=\"322\" data-end=\"597\">En aquest centre educatiu, l\u2019alumnat participa en una activitat de lectura cooperativa en qu\u00e8 <strong data-start=\"416\" data-end=\"509\">un infant llegeix i l\u2019altre escolta, dona suport i ajuda quan apareixen paraules dif\u00edcils<\/strong>. Aquesta metodologia fomenta l\u2019aprenentatge compartit i facilita la comprensi\u00f3 lectora.<\/p>\n<p data-start=\"599\" data-end=\"847\">La lectura en parelles esdev\u00e9 una eina especialment valuosa per a <strong data-start=\"665\" data-end=\"703\">afavorir l\u2019aprenentatge del catal\u00e0<\/strong>, sobretot en escoles amb una <strong data-start=\"733\" data-end=\"764\">gran diversitat ling\u00fc\u00edstica<\/strong>, ja que promou la col\u00b7laboraci\u00f3, la confian\u00e7a i el progr\u00e9s mutu entre els alumnes.<\/p>\n<p>&nbsp;<\/p>\n<p>&nbsp;<\/p>\n<p>&nbsp;<\/p>\n","protected":false},"excerpt":{"rendered":"<p>Compartim amb vosaltres una not\u00edcia de l\u2019InfoK sobre l\u2019experi\u00e8ncia de lectura en parelles que es duu a terme a l\u2019Escola [&hellip;]<\/p>\n","protected":false},"author":15,"featured_media":26971,"comment_status":"closed","ping_status":"open","sticky":false,"template":"","format":"standard","meta":{"_bbp_topic_count":0,"_bbp_reply_count":0,"_bbp_total_topic_count":0,"_bbp_total_reply_count":0,"_bbp_voice_count":0,"_bbp_anonymous_reply_count":0,"_bbp_topic_count_hidden":0,"_bbp_reply_count_hidden":0,"_bbp_forum_subforum_count":0,"site-sidebar-layout":"default","site-content-layout":"","ast-site-content-layout":"default","site-content-style":"default","site-sidebar-style":"default","ast-global-header-display":"","ast-banner-title-visibility":"","ast-main-header-display":"","ast-hfb-above-header-display":"","ast-hfb-below-header-display":"","ast-hfb-mobile-header-display":"","site-post-title":"","ast-breadcrumbs-content":"","ast-featured-img":"","footer-sml-layout":"","theme-transparent-header-meta":"default","adv-header-id-meta":"","stick-header-meta":"","header-above-stick-meta":"","header-main-stick-meta":"","header-below-stick-meta":"","astra-migrate-meta-layouts":"set","ast-page-background-enabled":"default","ast-page-background-meta":{"desktop":{"background-color":"var(--ast-global-color-4)","background-image":"","background-repeat":"repeat","background-position":"center center","background-size":"auto","background-attachment":"scroll","background-type":"","background-media":"","overlay-type":"","overlay-color":"","overlay-opacity":"","overlay-gradient":""},"tablet":{"background-color":"","background-image":"","background-repeat":"repeat","background-position":"center center","background-size":"auto","background-attachment":"scroll","background-type":"","background-media":"","overlay-type":"","overlay-color":"","overlay-opacity":"","overlay-gradient":""},"mobile":{"background-color":"","background-image":"","background-repeat":"repeat","background-position":"center center","background-size":"auto","background-attachment":"scroll","background-type":"","background-media":"","overlay-type":"","overlay-color":"","overlay-opacity":"","overlay-gradient":""}},"ast-content-background-meta":{"desktop":{"background-color":"var(--ast-global-color-5)","background-image":"","background-repeat":"repeat","background-position":"center center","background-size":"auto","background-attachment":"scroll","background-type":"","background-media":"","overlay-type":"","overlay-color":"","overlay-opacity":"","overlay-gradient":""},"tablet":{"background-color":"var(--ast-global-color-5)","background-image":"","background-repeat":"repeat","background-position":"center center","background-size":"auto","background-attachment":"scroll","background-type":"","background-media":"","overlay-type":"","overlay-color":"","overlay-opacity":"","overlay-gradient":""},"mobile":{"background-color":"var(--ast-global-color-5)","background-image":"","background-repeat":"repeat","background-position":"center center","background-size":"auto","background-attachment":"scroll","background-type":"","background-media":"","overlay-type":"","overlay-color":"","overlay-opacity":"","overlay-gradient":""}},"footnotes":""},"categories":[64,1662,81,29],"tags":[],"class_list":["post-26970","post","type-post","status-publish","format-standard","has-post-thumbnail","hentry","category-comunitat","category-experiencies-de-centres","category-biblioteca-escolar","category-portada"],"post_mailing_queue_ids":[],"_links":{"self":[{"href":"https:\/\/serveiseducatius.xtec.cat\/badalona\/wp-json\/wp\/v2\/posts\/26970","targetHints":{"allow":["GET"]}}],"collection":[{"href":"https:\/\/serveiseducatius.xtec.cat\/badalona\/wp-json\/wp\/v2\/posts"}],"about":[{"href":"https:\/\/serveiseducatius.xtec.cat\/badalona\/wp-json\/wp\/v2\/types\/post"}],"author":[{"embeddable":true,"href":"https:\/\/serveiseducatius.xtec.cat\/badalona\/wp-json\/wp\/v2\/users\/15"}],"replies":[{"embeddable":true,"href":"https:\/\/serveiseducatius.xtec.cat\/badalona\/wp-json\/wp\/v2\/comments?post=26970"}],"version-history":[{"count":2,"href":"https:\/\/serveiseducatius.xtec.cat\/badalona\/wp-json\/wp\/v2\/posts\/26970\/revisions"}],"predecessor-version":[{"id":26973,"href":"https:\/\/serveiseducatius.xtec.cat\/badalona\/wp-json\/wp\/v2\/posts\/26970\/revisions\/26973"}],"wp:featuredmedia":[{"embeddable":true,"href":"https:\/\/serveiseducatius.xtec.cat\/badalona\/wp-json\/wp\/v2\/media\/26971"}],"wp:attachment":[{"href":"https:\/\/serveiseducatius.xtec.cat\/badalona\/wp-json\/wp\/v2\/media?parent=26970"}],"wp:term":[{"taxonomy":"category","embeddable":true,"href":"https:\/\/serveiseducatius.xtec.cat\/badalona\/wp-json\/wp\/v2\/categories?post=26970"},{"taxonomy":"post_tag","embeddable":true,"href":"https:\/\/serveiseducatius.xtec.cat\/badalona\/wp-json\/wp\/v2\/tags?post=26970"}],"curies":[{"name":"wp","href":"https:\/\/api.w.org\/{rel}","templated":true}]}}