{"id":26934,"date":"2026-01-21T08:00:26","date_gmt":"2026-01-21T07:00:26","guid":{"rendered":"https:\/\/serveiseducatius.xtec.cat\/badalona\/?p=26934"},"modified":"2026-01-20T14:22:00","modified_gmt":"2026-01-20T13:22:00","slug":"concurs-icip-de-hip-hop-per-la-pau-2","status":"publish","type":"post","link":"https:\/\/serveiseducatius.xtec.cat\/badalona\/general\/concurs-icip-de-hip-hop-per-la-pau-2\/","title":{"rendered":"Concurs ICIP de Hip-hop per la Pau"},"content":{"rendered":"<p>50<img loading=\"lazy\" decoding=\"async\" class=\"size-full wp-image-26936 alignleft\" src=\"https:\/\/serveiseducatius.xtec.cat\/badalona\/wp-content\/uploads\/usu1088\/2026\/01\/Hip.png\" alt=\"\" width=\"177\" height=\"225\" \/>L\u2019ICIP ha obert el termini per participar en la 10a edici\u00f3 del\u00a0<strong><a href=\"https:\/\/www.icip.cat\/ca\/premi-icip-hip-hop-per-la-pau\/\">Concurs ICIP de Hip-hop per la Pau<\/a><\/strong>, que se celebrar\u00e0 al llarg del curs 2025-2026. Les candidatures es poden presentar fins al<strong>\u00a030 de gener de 2026<\/strong>, coincidint amb el Dia Escolar de la Noviol\u00e8ncia i la Pau (DENIP), mitjan\u00e7ant\u00a0<a href=\"https:\/\/web.gencat.cat\/ca\/tramits\/tramits-temes\/Concurs-Hip-hop-per-la-Pau?category=72f59030-a82c-11e3-a972-000c29052e2c\">aquest enlla\u00e7<\/a>\u00a0del portal de Tr\u00e0mits.<\/p>\n<p>El concurs \u00e9s un espai perqu\u00e8 els joves utilitzin el rap per parlar de pau, noviol\u00e8ncia, discriminaci\u00f3, drets humans i conviv\u00e8ncia, i ho facin a trav\u00e9s de la seva pr\u00f2pia experi\u00e8ncia i llenguatge.<\/p>\n<p>Hi poden participar:<\/p>\n<ul class=\"wp-block-list\">\n<li><strong>Alumnes d\u2019ESO, batxillerat i formaci\u00f3 professional<\/strong> de centres educatius de Catalunya.<\/li>\n<li>Joves de 12 a 25 anys vinculats a entitats juvenils, culturals, c\u00edviques o socioeducatives.<\/li>\n<\/ul>\n<p>En tots els casos, la participaci\u00f3 \u00e9s col\u00b7lectiva (m\u00ednim 3 persones)<strong>\u00a0<\/strong>i s\u2019ha de presentar una pe\u00e7a de rap original en format v\u00eddeo (durada m\u00e0xima: 4 minuts). Les lletres poden ser en qualsevol idioma, sempre amb traducci\u00f3 si no s\u00f3n en catal\u00e0, castell\u00e0 o angl\u00e8s.<\/p>\n<p>Les candidatures han d\u2019incloure el formulari d\u2019inscripci\u00f3, la lletra, el v\u00eddeo i les declaracions responsables previstes a les\u00a0<a href=\"https:\/\/dogc.gencat.cat\/ca\/document-del-dogc\/?documentId=854177\">bases del concurs<\/a>.<\/p>\n<h3 class=\"wp-block-heading\"><span style=\"font-size: 12pt;\"><strong><a href=\"https:\/\/www.icip.cat\/wp-content\/uploads\/2025\/11\/Fitxes-pedagogiques-HipHopPau.pdf\" target=\"_blank\" rel=\"noopener\"><img loading=\"lazy\" decoding=\"async\" class=\" wp-image-26935 alignleft\" src=\"https:\/\/serveiseducatius.xtec.cat\/badalona\/wp-content\/uploads\/usu1088\/2026\/01\/fitxes-1024x571.png\" alt=\"\" width=\"551\" height=\"307\" srcset=\"https:\/\/serveiseducatius.xtec.cat\/badalona\/wp-content\/uploads\/usu1088\/2026\/01\/fitxes-1024x571.png 1024w, https:\/\/serveiseducatius.xtec.cat\/badalona\/wp-content\/uploads\/usu1088\/2026\/01\/fitxes-300x167.png 300w, https:\/\/serveiseducatius.xtec.cat\/badalona\/wp-content\/uploads\/usu1088\/2026\/01\/fitxes-768x428.png 768w, https:\/\/serveiseducatius.xtec.cat\/badalona\/wp-content\/uploads\/usu1088\/2026\/01\/fitxes.png 1260w\" sizes=\"auto, (max-width: 551px) 100vw, 551px\" \/><\/a>Novetat 10\u00e8 aniversari: Fitxes pedag\u00f2giques per treballar el hip-hop a l\u2019aula<\/strong><\/span><\/h3>\n<p>Coincidint amb la desena edici\u00f3, l\u2019ICIP publica un conjunt de\u00a0<a href=\"https:\/\/www.icip.cat\/wp-content\/uploads\/2025\/11\/Fitxes-pedagogiques-HipHopPau.pdf\" target=\"_blank\" rel=\"noopener\">fitxes pedag\u00f2giques<\/a> perqu\u00e8 mestres i professionals de l\u2019educaci\u00f3 en general puguin treballar amb el jovent el hip-hop com una eina art\u00edstica, cr\u00edtica i de construcci\u00f3 de pau.\u00a0Les fitxes parteixen de les arrels del hip-hop com a moviment social i cultural i ofereixen activitats.<\/p>\n<p>Trobareu <a href=\"https:\/\/www.icip.cat\/ca\/sobre-el-periode-dinscripcions-de-la-10a-edicio-del-concurs-icip-de-hip-hop-per-la-pau\/\" target=\"_blank\" rel=\"noopener\">tota la informaci\u00f3 aqu\u00ed.<\/a><\/p>\n","protected":false},"excerpt":{"rendered":"<p>50L\u2019ICIP ha obert el termini per participar en la 10a edici\u00f3 del\u00a0Concurs ICIP de Hip-hop per la Pau, que se [&hellip;]<\/p>\n","protected":false},"author":49,"featured_media":26936,"comment_status":"closed","ping_status":"open","sticky":false,"template":"","format":"standard","meta":{"_bbp_topic_count":0,"_bbp_reply_count":0,"_bbp_total_topic_count":0,"_bbp_total_reply_count":0,"_bbp_voice_count":0,"_bbp_anonymous_reply_count":0,"_bbp_topic_count_hidden":0,"_bbp_reply_count_hidden":0,"_bbp_forum_subforum_count":0,"site-sidebar-layout":"default","site-content-layout":"","ast-site-content-layout":"default","site-content-style":"default","site-sidebar-style":"default","ast-global-header-display":"","ast-banner-title-visibility":"","ast-main-header-display":"","ast-hfb-above-header-display":"","ast-hfb-below-header-display":"","ast-hfb-mobile-header-display":"","site-post-title":"","ast-breadcrumbs-content":"","ast-featured-img":"","footer-sml-layout":"","theme-transparent-header-meta":"default","adv-header-id-meta":"","stick-header-meta":"","header-above-stick-meta":"","header-main-stick-meta":"","header-below-stick-meta":"","astra-migrate-meta-layouts":"set","ast-page-background-enabled":"default","ast-page-background-meta":{"desktop":{"background-color":"var(--ast-global-color-4)","background-image":"","background-repeat":"repeat","background-position":"center center","background-size":"auto","background-attachment":"scroll","background-type":"","background-media":"","overlay-type":"","overlay-color":"","overlay-opacity":"","overlay-gradient":""},"tablet":{"background-color":"","background-image":"","background-repeat":"repeat","background-position":"center center","background-size":"auto","background-attachment":"scroll","background-type":"","background-media":"","overlay-type":"","overlay-color":"","overlay-opacity":"","overlay-gradient":""},"mobile":{"background-color":"","background-image":"","background-repeat":"repeat","background-position":"center center","background-size":"auto","background-attachment":"scroll","background-type":"","background-media":"","overlay-type":"","overlay-color":"","overlay-opacity":"","overlay-gradient":""}},"ast-content-background-meta":{"desktop":{"background-color":"var(--ast-global-color-5)","background-image":"","background-repeat":"repeat","background-position":"center center","background-size":"auto","background-attachment":"scroll","background-type":"","background-media":"","overlay-type":"","overlay-color":"","overlay-opacity":"","overlay-gradient":""},"tablet":{"background-color":"var(--ast-global-color-5)","background-image":"","background-repeat":"repeat","background-position":"center center","background-size":"auto","background-attachment":"scroll","background-type":"","background-media":"","overlay-type":"","overlay-color":"","overlay-opacity":"","overlay-gradient":""},"mobile":{"background-color":"var(--ast-global-color-5)","background-image":"","background-repeat":"repeat","background-position":"center center","background-size":"auto","background-attachment":"scroll","background-type":"","background-media":"","overlay-type":"","overlay-color":"","overlay-opacity":"","overlay-gradient":""}},"footnotes":""},"categories":[66,1,29,76],"tags":[552,1414,460],"class_list":["post-26934","post","type-post","status-publish","format-standard","has-post-thumbnail","hentry","category-dinamitzacio","category-general","category-portada","category-recursos","tag-denip","tag-hip-hop","tag-pau"],"post_mailing_queue_ids":[],"_links":{"self":[{"href":"https:\/\/serveiseducatius.xtec.cat\/badalona\/wp-json\/wp\/v2\/posts\/26934","targetHints":{"allow":["GET"]}}],"collection":[{"href":"https:\/\/serveiseducatius.xtec.cat\/badalona\/wp-json\/wp\/v2\/posts"}],"about":[{"href":"https:\/\/serveiseducatius.xtec.cat\/badalona\/wp-json\/wp\/v2\/types\/post"}],"author":[{"embeddable":true,"href":"https:\/\/serveiseducatius.xtec.cat\/badalona\/wp-json\/wp\/v2\/users\/49"}],"replies":[{"embeddable":true,"href":"https:\/\/serveiseducatius.xtec.cat\/badalona\/wp-json\/wp\/v2\/comments?post=26934"}],"version-history":[{"count":4,"href":"https:\/\/serveiseducatius.xtec.cat\/badalona\/wp-json\/wp\/v2\/posts\/26934\/revisions"}],"predecessor-version":[{"id":26944,"href":"https:\/\/serveiseducatius.xtec.cat\/badalona\/wp-json\/wp\/v2\/posts\/26934\/revisions\/26944"}],"wp:featuredmedia":[{"embeddable":true,"href":"https:\/\/serveiseducatius.xtec.cat\/badalona\/wp-json\/wp\/v2\/media\/26936"}],"wp:attachment":[{"href":"https:\/\/serveiseducatius.xtec.cat\/badalona\/wp-json\/wp\/v2\/media?parent=26934"}],"wp:term":[{"taxonomy":"category","embeddable":true,"href":"https:\/\/serveiseducatius.xtec.cat\/badalona\/wp-json\/wp\/v2\/categories?post=26934"},{"taxonomy":"post_tag","embeddable":true,"href":"https:\/\/serveiseducatius.xtec.cat\/badalona\/wp-json\/wp\/v2\/tags?post=26934"}],"curies":[{"name":"wp","href":"https:\/\/api.w.org\/{rel}","templated":true}]}}