{"id":26889,"date":"2026-01-16T08:46:29","date_gmt":"2026-01-16T07:46:29","guid":{"rendered":"https:\/\/serveiseducatius.xtec.cat\/badalona\/?p=26889"},"modified":"2026-01-16T08:46:29","modified_gmt":"2026-01-16T07:46:29","slug":"espai-dialeg-les-arts-com-a-resposta-a-laula","status":"publish","type":"post","link":"https:\/\/serveiseducatius.xtec.cat\/badalona\/general\/espai-dialeg-les-arts-com-a-resposta-a-laula\/","title":{"rendered":"Espai-di\u00e0leg \u00abLes Arts com a resposta a l\u2019aula\u00bb"},"content":{"rendered":"<p><img loading=\"lazy\" decoding=\"async\" class=\"alignnone size-full wp-image-26890 aligncenter\" src=\"https:\/\/serveiseducatius.xtec.cat\/badalona\/wp-content\/uploads\/usu1088\/2026\/01\/Poster-arts-educacio-e1768549188185.png\" alt=\"\" width=\"300\" height=\"425\" \/><\/p>\n<p>Des del\u00a0<strong>Programa per a la millora de la pres\u00e8ncia de les arts i la cultura en l\u2019educaci\u00f3\u00a0<\/strong>de la Generalitat, se us convida a participar en\u00a0<strong>l\u2019Espai-di\u00e0leg<\/strong>\u00a0<strong>\u00abLes Arts com a resposta a l\u2019aula\u00bb<\/strong>, adre\u00e7at a\u00a0<strong>docents, equips directius, professionals de les arts i equipaments culturals<\/strong>\u00a0interessades en la intersecci\u00f3 entre el m\u00f3n educatiu i la creaci\u00f3 art\u00edstica.<\/p>\n<p>Aquesta trobada vol esdevenir un espai de reflexi\u00f3 i intercanvi d\u2019experi\u00e8ncies sobre com la pr\u00e0ctica art\u00edstica pot donar resposta als reptes educatius actuals, aix\u00ed com una oportunitat per generar di\u00e0leg i complicitats entre l\u2019\u00e0mbit educatiu i l\u2019\u00e0mbit art\u00edstic.<\/p>\n<p><strong>La sessi\u00f3 anir\u00e0 a c\u00e0rrec de l\u2019Esther Blazquez,<\/strong>\u00a0artista, mestre i investigadora i estar\u00e0\u00a0<strong>condu\u00efda per la Dolors Ju\u00e1rez<\/strong>, educadora de projectes art\u00edstics i doctora en Belles Arts, qui moderar\u00e0 la conversa entorn la tem\u00e0tica.<\/p>\n<p>L\u2019acte tindr\u00e0 lloc el\u00a0<strong>dimarts 3 de febrer<\/strong>, a les\u00a0<strong>17.30 h<\/strong>, al\u00a0<strong>Centre Cultural l\u2019Escorxador (Nau 3) de Badalona<\/strong>, i est\u00e0 concebut com un espai obert de trobada i debat.<\/p>\n<p>Per tal de facilitar l\u2019organitzaci\u00f3 podeu confirmar l\u2019assist\u00e8ncia escrivint un correu a martabravom@gencat.cat<\/p>\n<p style=\"text-align: left;\">Aix\u00ed mateix, us animem a fer extensiva aquesta invitaci\u00f3 a totes aquelles persones o col\u00b7lectius que considereu que hi puguin estar interessats.<\/p>\n","protected":false},"excerpt":{"rendered":"<p>Des del\u00a0Programa per a la millora de la pres\u00e8ncia de les arts i la cultura en l\u2019educaci\u00f3\u00a0de la Generalitat, se [&hellip;]<\/p>\n","protected":false},"author":51,"featured_media":26890,"comment_status":"closed","ping_status":"open","sticky":false,"template":"","format":"standard","meta":{"_bbp_topic_count":0,"_bbp_reply_count":0,"_bbp_total_topic_count":0,"_bbp_total_reply_count":0,"_bbp_voice_count":0,"_bbp_anonymous_reply_count":0,"_bbp_topic_count_hidden":0,"_bbp_reply_count_hidden":0,"_bbp_forum_subforum_count":0,"site-sidebar-layout":"default","site-content-layout":"","ast-site-content-layout":"default","site-content-style":"default","site-sidebar-style":"default","ast-global-header-display":"","ast-banner-title-visibility":"","ast-main-header-display":"","ast-hfb-above-header-display":"","ast-hfb-below-header-display":"","ast-hfb-mobile-header-display":"","site-post-title":"","ast-breadcrumbs-content":"","ast-featured-img":"","footer-sml-layout":"","theme-transparent-header-meta":"default","adv-header-id-meta":"","stick-header-meta":"","header-above-stick-meta":"","header-main-stick-meta":"","header-below-stick-meta":"","astra-migrate-meta-layouts":"set","ast-page-background-enabled":"default","ast-page-background-meta":{"desktop":{"background-color":"var(--ast-global-color-4)","background-image":"","background-repeat":"repeat","background-position":"center center","background-size":"auto","background-attachment":"scroll","background-type":"","background-media":"","overlay-type":"","overlay-color":"","overlay-opacity":"","overlay-gradient":""},"tablet":{"background-color":"","background-image":"","background-repeat":"repeat","background-position":"center center","background-size":"auto","background-attachment":"scroll","background-type":"","background-media":"","overlay-type":"","overlay-color":"","overlay-opacity":"","overlay-gradient":""},"mobile":{"background-color":"","background-image":"","background-repeat":"repeat","background-position":"center center","background-size":"auto","background-attachment":"scroll","background-type":"","background-media":"","overlay-type":"","overlay-color":"","overlay-opacity":"","overlay-gradient":""}},"ast-content-background-meta":{"desktop":{"background-color":"var(--ast-global-color-5)","background-image":"","background-repeat":"repeat","background-position":"center center","background-size":"auto","background-attachment":"scroll","background-type":"","background-media":"","overlay-type":"","overlay-color":"","overlay-opacity":"","overlay-gradient":""},"tablet":{"background-color":"var(--ast-global-color-5)","background-image":"","background-repeat":"repeat","background-position":"center center","background-size":"auto","background-attachment":"scroll","background-type":"","background-media":"","overlay-type":"","overlay-color":"","overlay-opacity":"","overlay-gradient":""},"mobile":{"background-color":"var(--ast-global-color-5)","background-image":"","background-repeat":"repeat","background-position":"center center","background-size":"auto","background-attachment":"scroll","background-type":"","background-media":"","overlay-type":"","overlay-color":"","overlay-opacity":"","overlay-gradient":""}},"footnotes":""},"categories":[66,165,1,29],"tags":[2207,167,166],"class_list":["post-26889","post","type-post","status-publish","format-standard","has-post-thumbnail","hentry","category-dinamitzacio","category-formacio","category-general","category-portada","tag-activitats-artistiques","tag-badalona","tag-formacio"],"post_mailing_queue_ids":[],"_links":{"self":[{"href":"https:\/\/serveiseducatius.xtec.cat\/badalona\/wp-json\/wp\/v2\/posts\/26889","targetHints":{"allow":["GET"]}}],"collection":[{"href":"https:\/\/serveiseducatius.xtec.cat\/badalona\/wp-json\/wp\/v2\/posts"}],"about":[{"href":"https:\/\/serveiseducatius.xtec.cat\/badalona\/wp-json\/wp\/v2\/types\/post"}],"author":[{"embeddable":true,"href":"https:\/\/serveiseducatius.xtec.cat\/badalona\/wp-json\/wp\/v2\/users\/51"}],"replies":[{"embeddable":true,"href":"https:\/\/serveiseducatius.xtec.cat\/badalona\/wp-json\/wp\/v2\/comments?post=26889"}],"version-history":[{"count":3,"href":"https:\/\/serveiseducatius.xtec.cat\/badalona\/wp-json\/wp\/v2\/posts\/26889\/revisions"}],"predecessor-version":[{"id":26893,"href":"https:\/\/serveiseducatius.xtec.cat\/badalona\/wp-json\/wp\/v2\/posts\/26889\/revisions\/26893"}],"wp:featuredmedia":[{"embeddable":true,"href":"https:\/\/serveiseducatius.xtec.cat\/badalona\/wp-json\/wp\/v2\/media\/26890"}],"wp:attachment":[{"href":"https:\/\/serveiseducatius.xtec.cat\/badalona\/wp-json\/wp\/v2\/media?parent=26889"}],"wp:term":[{"taxonomy":"category","embeddable":true,"href":"https:\/\/serveiseducatius.xtec.cat\/badalona\/wp-json\/wp\/v2\/categories?post=26889"},{"taxonomy":"post_tag","embeddable":true,"href":"https:\/\/serveiseducatius.xtec.cat\/badalona\/wp-json\/wp\/v2\/tags?post=26889"}],"curies":[{"name":"wp","href":"https:\/\/api.w.org\/{rel}","templated":true}]}}