{"id":26705,"date":"2025-12-18T09:00:21","date_gmt":"2025-12-18T08:00:21","guid":{"rendered":"https:\/\/serveiseducatius.xtec.cat\/badalona\/?p=26705"},"modified":"2026-01-09T12:37:07","modified_gmt":"2026-01-09T11:37:07","slug":"creamat-butlleti-desembre-2025","status":"publish","type":"post","link":"https:\/\/serveiseducatius.xtec.cat\/badalona\/general\/creamat-butlleti-desembre-2025\/","title":{"rendered":"CREAMAT &#8211; Butllet\u00ed Desembre 2025"},"content":{"rendered":"<div>\n<p><img decoding=\"async\" class=\"CToWUd a6T aligncenter\" style=\"font-style: inherit; font-weight: inherit;\" tabindex=\"0\" src=\"https:\/\/ci3.googleusercontent.com\/meips\/ADKq_NaEHCBum-Mv2rYPwQoRY19Gyh9kayRIfHaml9HnK0Xzt76ftVPdGFhqxoyZxZj7Odk37AcedUGnF5-7gOIgA0agCsyjrT4zzBQacfR92TdVHUp7LrXtoMI5aFtHsRFGdYPkLPG4pXu-s2L2CdtQA6o-NWuI-8dsGQlbAfc4jP1y=s0-d-e1-ft#https:\/\/serveiseducatius.xtec.cat\/cesire\/wp-content\/uploads\/usu2650\/2024\/12\/CreaMat_Butlleti_24-scaled.jpg\" width=\"750\" height=\"auto\" data-bit=\"iit\" \/><\/p>\n<\/div>\n<p style=\"text-align: center;\">Novament us fem arribar diverses not\u00edcies i anuncis al voltant de l\u2019educaci\u00f3 matem\u00e0tica a casa nostra.<\/p>\n<ul>\n<li><strong>Segon torn de formaci\u00f3 en educaci\u00f3 matem\u00e0tica del CREAMAT\u00a0<\/strong>\n<ul style=\"list-style-type: disc;\">\n<li><span style=\"font-size: 10pt;\">S\u2019obren els cursos\u00a0<a href=\"https:\/\/serveiseducatius.xtec.cat\/cesire\/formacions-aramat-2n-torn-25-26\/\" target=\"_blank\" rel=\"noopener\" data-saferedirecturl=\"https:\/\/www.google.com\/url?q=https:\/\/serveiseducatius.xtec.cat\/cesire\/formacions-aramat-2n-torn-25-26\/&amp;source=gmail&amp;ust=1765955748668000&amp;usg=AOvVaw3zxxb6r35k7NLLMX_8GDTG\"><strong><u>ARAMAT 2: Aprendre m\u00e9s matem\u00e0tiques per ensenyar-les millor<\/u><\/strong><\/a><strong>.\u00a0<\/strong>S\u00f3n cursos de 20 h dirigits a docents o equips de centre<strong>\u00a0de prim\u00e0ria.\u00a0<\/strong>\u00c9s recomanable, per\u00f2 no necessari, haver cursat pr\u00e8viament l\u2019ARAMAT 1.<\/span><\/li>\n<li><span style=\"font-size: 10pt;\"><a href=\"https:\/\/serveiseducatius.xtec.cat\/cesire\/tallers-en-centre-de-matematiques-a-secundaria-tms\/\" target=\"_blank\" rel=\"noopener\" data-saferedirecturl=\"https:\/\/www.google.com\/url?q=https:\/\/serveiseducatius.xtec.cat\/cesire\/tallers-en-centre-de-matematiques-a-secundaria-tms\/&amp;source=gmail&amp;ust=1765955748668000&amp;usg=AOvVaw2vIzTSw9GOfUUOx-KqkQCi\"><strong><u>TALLERS en centre de matem\u00e0tiques a secund\u00e0ria (TMS)<\/u><\/strong><\/a>: hi podran participar docents o equips de docents de matem\u00e0tiques de secund\u00e0ria. Se n\u2019ofereixen als diferents Serveis Territorials i tenen una certificaci\u00f3 de 20 h. Aquesta formaci\u00f3 s\u2019ha actualitzat i ampliat d&#8217;acord amb les noves\u00a0<a href=\"https:\/\/projectes.xtec.cat\/nou-curriculum\/orientacions-curriculars\/\" target=\"_blank\" rel=\"noopener\" data-saferedirecturl=\"https:\/\/www.google.com\/url?q=https:\/\/projectes.xtec.cat\/nou-curriculum\/orientacions-curriculars\/&amp;source=gmail&amp;ust=1765955748668000&amp;usg=AOvVaw0IrCerXz3ZaNg2wE1RDt6Q\"><u>orientacions curriculars<\/u><\/a>.\u00a0<\/span><\/li>\n<li><span style=\"font-size: 10pt;\">Curs\u00a0<a href=\"https:\/\/serveiseducatius.xtec.cat\/cesire\/?p=23454\" target=\"_blank\" rel=\"noopener\" data-saferedirecturl=\"https:\/\/www.google.com\/url?q=https:\/\/serveiseducatius.xtec.cat\/cesire\/?p%3D23454&amp;source=gmail&amp;ust=1765955748668000&amp;usg=AOvVaw2Ey2tYuZpDmklAKyG5br8I\"><strong><u>GeoGebra: Activitats per investigar matem\u00e0tiques<\/u><\/strong><\/a>. Adre\u00e7at a docents d\u2019educaci\u00f3 secund\u00e0ria i \u00faltims cursos d\u2019educaci\u00f3 prim\u00e0ria que vulguin aprendre a fer servir el GeoGebra en la resoluci\u00f3 de problemes de matem\u00e0tiques. Curs de 20 h.<\/span><\/li>\n<li><span style=\"font-size: 10pt;\">El curs\u00a0<a href=\"https:\/\/serveiseducatius.xtec.cat\/cesire\/?p=23442\" target=\"_blank\" rel=\"noopener\" data-saferedirecturl=\"https:\/\/www.google.com\/url?q=https:\/\/serveiseducatius.xtec.cat\/cesire\/?p%3D23442&amp;source=gmail&amp;ust=1765955748668000&amp;usg=AOvVaw36VGcrvNbGMSLbqXNhSfHd\"><strong><u>Pensament Computacional a Matem\u00e0tiques<\/u><\/strong><\/a>\u00a0ofereix recursos, activitats, estrat\u00e8gies i metodologies de treball per acompanyar l\u2019alumnat d\u2019educaci\u00f3 prim\u00e0ria i secund\u00e0ria. Curs de 20 h.<\/span><\/li>\n<\/ul>\n<\/li>\n<li><strong><img loading=\"lazy\" decoding=\"async\" class=\"CToWUd a6T\" tabindex=\"0\" src=\"https:\/\/ci3.googleusercontent.com\/meips\/ADKq_NY22fTvQU8LjmMtP99YyUhF0ws40pLWmHhlrpeLBUZKmaQ2YQ0_YJos7En4fzc2RhXK6y5r2GClS0dimbh3xebZ-ihQX7PiAyEzXOakoHfKA6W3gCPFhAvMdC1_TWUUwTqBRcNn0svi5Jj9MZbpnrZu0YpiUvXHZ3Er=s0-d-e1-ft#https:\/\/serveiseducatius.xtec.cat\/cesire\/wp-content\/uploads\/usu2650\/2025\/12\/mirades_perspectives.jpg\" width=\"302\" height=\"67\" data-bit=\"iit\" \/> Cicles de confer\u00e8ncies 2025\/26<\/strong>\n<ul>\n<li>\n<p><span style=\"font-size: 10pt;\">Al gener s\u2019iniciaran els cicles de confer\u00e8ncies\u00a0<a href=\"https:\/\/serveiseducatius.xtec.cat\/cesire\/cicle-de-conferencies-mirades-matematiques-2025-26\/\" target=\"_blank\" rel=\"noopener\" data-saferedirecturl=\"https:\/\/www.google.com\/url?q=https:\/\/serveiseducatius.xtec.cat\/cesire\/cicle-de-conferencies-mirades-matematiques-2025-26\/&amp;source=gmail&amp;ust=1765955748668000&amp;usg=AOvVaw2V-D11_QKZYqS66eWKfy02\"><strong><u>Mirades matem\u00e0tiques 2025-26<\/u><\/strong><\/a>\u00a0(prim\u00e0ria) i\u00a0<a href=\"https:\/\/serveiseducatius.xtec.cat\/cesire\/perspectives-matematiques-2025-26\/\" target=\"_blank\" rel=\"noopener\" data-saferedirecturl=\"https:\/\/www.google.com\/url?q=https:\/\/serveiseducatius.xtec.cat\/cesire\/perspectives-matematiques-2025-26\/&amp;source=gmail&amp;ust=1765955748668000&amp;usg=AOvVaw3IqTaFqnOm9QSQlWZYaHXi\"><strong><u>Perspectives matem\u00e0tiques 2025-26<\/u><\/strong><\/a>\u00a0(secund\u00e0ria), que aniran dirigits a con\u00e8ixer les noves\u00a0<a href=\"https:\/\/projectes.xtec.cat\/nou-curriculum\/orientacions-curriculars\/\" target=\"_blank\" rel=\"noopener\" data-saferedirecturl=\"https:\/\/www.google.com\/url?q=https:\/\/projectes.xtec.cat\/nou-curriculum\/orientacions-curriculars\/&amp;source=gmail&amp;ust=1765955748668000&amp;usg=AOvVaw0IrCerXz3ZaNg2wE1RDt6Q\"><u>Orientacions Curriculars<\/u><\/a>\u00a0de matem\u00e0tiques.<\/span><\/p>\n<p><span style=\"font-size: 10pt;\">La inscripci\u00f3 a cada un dels cicles i completar els q\u00fcestionaris proporciona la certificaci\u00f3 de 12 h de formaci\u00f3.<\/span><\/p>\n<\/li>\n<\/ul>\n<\/li>\n<li><img loading=\"lazy\" decoding=\"async\" class=\"CToWUd\" src=\"https:\/\/ci3.googleusercontent.com\/meips\/ADKq_NaDmrSX0pbrAusbuZ2BIi_je9YgQHt-su9bLeU5-4nf3FPqdhAZhnyHMqyVh0ZETax4h6W0FnoIYIZEBJ3JvyTtdK8P2vMUasrATDR8O8b_tbi_lcLoXuNpwInFX9noJZiSFDnF8YIrCUOjIDQI=s0-d-e1-ft#https:\/\/serveiseducatius.xtec.cat\/cesire\/wp-content\/uploads\/usu2650\/2025\/12\/Decalegs.jpg\" width=\"265\" height=\"46\" data-bit=\"iit\" \/>\u00a0<strong>Dec\u00e0legs per a mobilitzar el sentit socioemocional a l&#8217;aula<\/strong>\n<ul>\n<li><span style=\"font-size: 10pt;\">\u00a0A la web de Creamat podeu trobar els dos dec\u00e0legs que orienten al docent en el treball del<strong>\u00a0sentit socioemocional a l\u2019aula<\/strong>\u00a0amb l\u2019alumnat de prim\u00e0ria i de secund\u00e0ria i estan basats en el treball del Sentit Socioemocional que es proposa a les Orientacions Curriculars.<\/span>\n<p><span style=\"font-size: 10pt;\">Trobareu els\u00a0<a href=\"https:\/\/serveiseducatius.xtec.cat\/cesire\/recurs-eco2\/decalegs-del-sentit-sociom\/\" target=\"_blank\" rel=\"noopener\" data-saferedirecturl=\"https:\/\/www.google.com\/url?q=https:\/\/serveiseducatius.xtec.cat\/cesire\/recurs-eco2\/decalegs-del-sentit-sociom\/&amp;source=gmail&amp;ust=1765955748668000&amp;usg=AOvVaw3YDl-QOxTcr15gXhfo_MIK\">dos dec\u00e0legs aqu\u00ed<\/a>.<\/span><\/p>\n<\/li>\n<\/ul>\n<\/li>\n<li><strong> <img loading=\"lazy\" decoding=\"async\" class=\"CToWUd a6T\" tabindex=\"0\" src=\"https:\/\/ci3.googleusercontent.com\/meips\/ADKq_NZJrkd7k4ZvxJxjALeC7gEfkUvvuKrN0rWIDpYqQk2VBkfzTzbdCVdop8oS_v7iOq7Lq3f1n28QoDJgd1ILwab0Z5P_UTx5XtbHHSPbJUKKwZ_AhioBGb6XacEv-ISHbP2TcDnpTB36l7wxcNk49A1z=s0-d-e1-ft#https:\/\/serveiseducatius.xtec.cat\/cesire\/wp-content\/uploads\/usu2650\/2025\/09\/Formacio-SG.jpg\" width=\"202\" height=\"97\" data-bit=\"iit\" \/> Formacions i programes de matem\u00e0tiques organitzades des de la SG de Curr\u00edculum<\/strong>\n<ul>\n<li><span style=\"font-size: 10pt;\"><a href=\"https:\/\/serveiseducatius.xtec.cat\/cesire\/itinerari\/aramat\/\" target=\"_blank\" rel=\"noopener\" data-saferedirecturl=\"https:\/\/www.google.com\/url?q=https:\/\/serveiseducatius.xtec.cat\/cesire\/itinerari\/aramat\/&amp;source=gmail&amp;ust=1765955748669000&amp;usg=AOvVaw2Mr3r0GQJ5EukYQ5YfSA0A\"><strong><u>Aramat 0-6<\/u><\/strong><\/a>. Programa de 20 h que t\u00e9 per objectius posar en contacte a educadores i mestres per mostrar com evoluciona l\u2019aprenentatge de les matem\u00e0tiques a les primeres edats i recon\u00e8ixer quins aspectes cal tenir en compte per promoure aprenentatges de qualitat per construir uns bons fonaments en l\u2019\u00e0rea de matem\u00e0tiques.<\/span><\/li>\n<li><span style=\"font-size: 10pt;\"><strong>P\u00edndoles del curr\u00edculum<\/strong>. Especialitat matem\u00e0tiques. Curs online de 30 h adre\u00e7at a professorat d&#8217;educaci\u00f3 secund\u00e0ria que vulgui millorar la formaci\u00f3 docent en la did\u00e0ctica de les matem\u00e0tiques.<\/span><br \/>\n<span style=\"font-size: 10pt;\">M\u00e9s informaci\u00f3 i inscripcions:\u00a0<a href=\"https:\/\/aplicacions.gestioeducativa.gencat.cat\/ords\/pls\/soloas\/pk_for_mod_ins.p_for_detall_activitat?p_header=Llista%20d%27activitats%5epk_for_mod_ins.p_for_cons_activitats?p_tipus_act=P1CC,P1DI,P1EC,P1EF,P1GH,P1LC,P1LS,P1MA,P1MU,P1TE,P2BG,P2CC,P2DI,P2EC,P2EF,P2FQ,P2GH,P2LC,P2LE,P2MA,P2MU,P2TE,P2FI,P2DT,P1BG,1BGN,P1FQ,RASC,RAFQ,P1DT,1ECN,1FQN,1LCN,P1FI,P1GE,1GHN,P1LE,2BGN,2FQN,2GHN,2LCN%26p_totes=N%26p_inici=1%26p_excloure_crp_rec=F&amp;p_codi=9004760557&amp;p_curs=2025-2026&amp;p_excloure_crp_rec=F\" target=\"_blank\" rel=\"noopener\" data-saferedirecturl=\"https:\/\/www.google.com\/url?q=https:\/\/aplicacions.gestioeducativa.gencat.cat\/ords\/pls\/soloas\/pk_for_mod_ins.p_for_detall_activitat?p_header%3DLlista%2520d%2527activitats%255epk_for_mod_ins.p_for_cons_activitats?p_tipus_act%3DP1CC,P1DI,P1EC,P1EF,P1GH,P1LC,P1LS,P1MA,P1MU,P1TE,P2BG,P2CC,P2DI,P2EC,P2EF,P2FQ,P2GH,P2LC,P2LE,P2MA,P2MU,P2TE,P2FI,P2DT,P1BG,1BGN,P1FQ,RASC,RAFQ,P1DT,1ECN,1FQN,1LCN,P1FI,P1GE,1GHN,P1LE,2BGN,2FQN,2GHN,2LCN%2526p_totes%3DN%2526p_inici%3D1%2526p_excloure_crp_rec%3DF%26p_codi%3D9004760557%26p_curs%3D2025-2026%26p_excloure_crp_rec%3DF&amp;source=gmail&amp;ust=1765955748669000&amp;usg=AOvVaw04okm5QCPWU5eLczZF0_pG\">Curs\u00a0en dilluns<\/a>\u00a0\u2013\u00a0<a href=\"https:\/\/aplicacions.gestioeducativa.gencat.cat\/ords\/pls\/soloas\/pk_for_mod_ins.p_for_detall_activitat?p_header=Llista%20d%27activitats%5epk_for_mod_ins.p_for_cons_activitats?p_tipus_act=P1CC,P1DI,P1EC,P1EF,P1GH,P1LC,P1LS,P1MA,P1MU,P1TE,P2BG,P2CC,P2DI,P2EC,P2EF,P2FQ,P2GH,P2LC,P2LE,P2MA,P2MU,P2TE,P2FI,P2DT,P1BG,1BGN,P1FQ,RASC,RAFQ,P1DT,1ECN,1FQN,1LCN,P1FI,P1GE,1GHN,P1LE,2BGN,2FQN,2GHN,2LCN%26p_totes=N%26p_inici=1%26p_excloure_crp_rec=F&amp;p_codi=9004770557&amp;p_curs=2025-2026&amp;p_excloure_crp_rec=F\" target=\"_blank\" rel=\"noopener\" data-saferedirecturl=\"https:\/\/www.google.com\/url?q=https:\/\/aplicacions.gestioeducativa.gencat.cat\/ords\/pls\/soloas\/pk_for_mod_ins.p_for_detall_activitat?p_header%3DLlista%2520d%2527activitats%255epk_for_mod_ins.p_for_cons_activitats?p_tipus_act%3DP1CC,P1DI,P1EC,P1EF,P1GH,P1LC,P1LS,P1MA,P1MU,P1TE,P2BG,P2CC,P2DI,P2EC,P2EF,P2FQ,P2GH,P2LC,P2LE,P2MA,P2MU,P2TE,P2FI,P2DT,P1BG,1BGN,P1FQ,RASC,RAFQ,P1DT,1ECN,1FQN,1LCN,P1FI,P1GE,1GHN,P1LE,2BGN,2FQN,2GHN,2LCN%2526p_totes%3DN%2526p_inici%3D1%2526p_excloure_crp_rec%3DF%26p_codi%3D9004770557%26p_curs%3D2025-2026%26p_excloure_crp_rec%3DF&amp;source=gmail&amp;ust=1765955748669000&amp;usg=AOvVaw0aja-QnGk3IPTdvaBiVvlM\">Curs en dijous<\/a><\/span><\/li>\n<li><span style=\"font-size: 10pt;\"><strong>M\u00fasica, matem\u00e0tiques i ci\u00e8ncia: explorant la natura a trav\u00e9s del so<\/strong>. Aquesta jornada vol oferir una introducci\u00f3 al voltant de les relacions entre la m\u00fasica, les matem\u00e0tiques i la ci\u00e8ncia, a trav\u00e9s d&#8217;un enfocament pr\u00e0ctic i reflexiu.\u00a0<a href=\"https:\/\/aplicacions.gestioeducativa.gencat.cat\/ords\/pls\/soloas\/pk_for_mod_ins.p_for_cons_activitats?p_any=&amp;p_tipus_act=CLM2,CLM3,CLM4,CLM5&amp;p_totes=S&amp;p_paginar=N\" target=\"_blank\" rel=\"noopener\" data-saferedirecturl=\"https:\/\/www.google.com\/url?q=https:\/\/aplicacions.gestioeducativa.gencat.cat\/ords\/pls\/soloas\/pk_for_mod_ins.p_for_cons_activitats?p_any%3D%26p_tipus_act%3DCLM2,CLM3,CLM4,CLM5%26p_totes%3DS%26p_paginar%3DN&amp;source=gmail&amp;ust=1765955748669000&amp;usg=AOvVaw3n9Vi74PqbjWiQpy0h89eY\">Enlla\u00e7 a les activitats<\/a>.<\/span><\/li>\n<\/ul>\n<\/li>\n<li><img loading=\"lazy\" decoding=\"async\" class=\"CToWUd\" src=\"https:\/\/ci3.googleusercontent.com\/meips\/ADKq_Na3zkR_7s9QOmdyawih1mGwxxkk-qcoWtANf-QcKPNGzPv8AUtDPn85j9lS7u0uouDAT6bxRIvK1tsPsAGt4WO48EW-WIQKZt1taYajFUuqSLEPKdPfmO17KwnnWcIE9AALSV_ChB5HXGB10fCwcVtnU0E=s0-d-e1-ft#https:\/\/serveiseducatius.xtec.cat\/cesire\/wp-content\/uploads\/usu2650\/2025\/12\/logo-florence.png\" width=\"207\" height=\"62\" data-bit=\"iit\" \/> <strong>Material en obert del programa Florence-SIM<\/strong>\n<ul>\n<li>\n<p><span style=\"font-size: 10pt;\">Ja hi ha publicades diferents<strong>\u00a0propostes de treball<\/strong>\u00a0que es duen a terme a les aules de prim\u00e0ria i de secund\u00e0ria dels centres adherits al programa Florence-SIM. S\u00f3n activitats dissenyades per persones expertes i testejades a les aules. En podeu descarregar tot el material associat a l\u2019ARC amb el descriptor\u00a0<em>Florence.<\/em><\/span><\/p>\n<p><span style=\"font-size: 10pt;\"><a href=\"https:\/\/apliense.xtec.cat\/arc\/cercador\" target=\"_blank\" rel=\"noopener\" data-saferedirecturl=\"https:\/\/www.google.com\/url?q=https:\/\/apliense.xtec.cat\/arc\/cercador&amp;source=gmail&amp;ust=1765955748669000&amp;usg=AOvVaw3bl0eddXFRHJQGW6hisTX0\">Enlla\u00e7 a l&#8217;ARC<\/a>.<\/span><\/p>\n<\/li>\n<\/ul>\n<\/li>\n<li><img loading=\"lazy\" decoding=\"async\" class=\"CToWUd a6T\" tabindex=\"0\" src=\"https:\/\/ci3.googleusercontent.com\/meips\/ADKq_NbQzCmL6IxWRe2j64y3ZfSpwq2O9yeAAlRV6IETEoLUZKu9ixFQD0Ulpv0Lv1cdFx1duJsYHlwkZgnyNjgH8Yu9ZN-CXTzlDZfbXm3f679DZJLNufZTAYjp4po-iDF8UtDfYK2Hf-i_JVZ4=s0-d-e1-ft#https:\/\/serveiseducatius.xtec.cat\/cesire\/wp-content\/uploads\/usu2650\/2025\/12\/PCmat.jpg\" width=\"208\" height=\"79\" data-bit=\"iit\" \/> <strong>Material en obert del programa PCmat<\/strong>\n<ul>\n<li>\n<p><span style=\"font-size: 10pt;\">El curs 2025-26 s&#8217;ha iniciat el\u00a0<strong>programa temporal de mentories PCMAT\u00a0<\/strong>per a centres d&#8217;educaci\u00f3 prim\u00e0ria, amb l&#8217;objectiu de millorar la compet\u00e8ncia matem\u00e0tica de l&#8217;alumnat a trav\u00e9s del pensament computacional, la programaci\u00f3 i la rob\u00f2tica educativa, amb un acompanyament intensiu i personalitzat per al professorat.<\/span><\/p>\n<p><span style=\"font-size: 10pt;\">Podeu consultar els materials en obert\u00a0<a href=\"https:\/\/projectes.xtec.cat\/pensament-computacional\/programa-temporal-mentories-pcmat\/\" target=\"_blank\" rel=\"noopener\" data-saferedirecturl=\"https:\/\/www.google.com\/url?q=https:\/\/projectes.xtec.cat\/pensament-computacional\/programa-temporal-mentories-pcmat\/&amp;source=gmail&amp;ust=1765955748669000&amp;usg=AOvVaw2wQV7Pd8oVsSvtXP8MayP8\">en aquest\u00a0enlla\u00e7<\/a>.<\/span><\/p>\n<p><strong style=\"font-size: 16px;\">Des de les associacions i entitats. Activitats per a docents.<\/strong><\/li>\n<li><img loading=\"lazy\" decoding=\"async\" class=\"CToWUd a6T\" tabindex=\"0\" src=\"https:\/\/ci3.googleusercontent.com\/meips\/ADKq_Nac8gMACaE2WtUzb0wVj1BDyCvnGen0VJ4vJIAbxBYm14P92MzftuL3aX_PhyETAmGtged0nR31OdfUczJV6EDVormfuFhKGM9BNozkuInIUnjcDkL47Mtvsw-NoLuk_njrI-TNnoKvk2DT0BVv=s0-d-e1-ft#https:\/\/serveiseducatius.xtec.cat\/cesire\/wp-content\/uploads\/usu2650\/2025\/12\/XVIIIACG.jpg\" width=\"188\" height=\"79\" data-bit=\"iit\" \/> <strong>XVIII Jornada de l&#8217;Associaci\u00f3 Catalana de GeoGebra<\/strong>\n<ul>\n<li>\n<p><span style=\"font-size: 10pt;\">L\u2019ACG organitza la XVIII Jornada de l\u2019Associaci\u00f3 Catalana de GeoGebra amb el lema \u201c<strong>GeoGebra per emocionar-te fent mates!<\/strong>\u201d. Tindr\u00e0 lloc el\u00a0<strong>dissabte 21 de febrer<\/strong>\u00a0a la Facultat de Matem\u00e0tiques i Estad\u00edstica de la UPC, de 9:30 a 20:00 h.\u00a0<\/span><\/p>\n<p><span style=\"font-size: 10pt;\">Trobareu tota la informaci\u00f3 en\u00a0<a href=\"https:\/\/acgeogebra.cat\/\" target=\"_blank\" rel=\"noopener\" data-saferedirecturl=\"https:\/\/www.google.com\/url?q=https:\/\/acgeogebra.cat\/&amp;source=gmail&amp;ust=1765955748669000&amp;usg=AOvVaw0rfALFF2cdQ1xwozT25nb8\">aquest enlla\u00e7<\/a>.<\/span><\/p>\n<\/li>\n<\/ul>\n<\/li>\n<\/ul>\n<\/li>\n<li><img loading=\"lazy\" decoding=\"async\" class=\"CToWUd a6T\" tabindex=\"0\" src=\"https:\/\/ci3.googleusercontent.com\/meips\/ADKq_Nau60m_Y0nHo5dqNi6__779Ug8tAf-ISLJDwgwwFALB5FxVtZb2rERVnrxa9HaVYHX0ZyIasXXowstop-TJJeYZyGpY34i2rmtYPJzwvG_asjXP9By9o_N51tn-JhukKl5QgWyyOhoiHizzorxB=s0-d-e1-ft#https:\/\/serveiseducatius.xtec.cat\/cesire\/wp-content\/uploads\/usu2650\/2025\/12\/videomat.png\" width=\"192\" height=\"112\" data-bit=\"iit\" \/> <strong>V\u00eddeoMAT. Matem\u00e0tiques per respondre preguntes<\/strong>\n<ul>\n<li>\n<p><span style=\"font-size: 10pt;\">El v\u00eddeoMAT \u00e9s un projecte en el qual els i les alumnes\u00a0<strong>creen v\u00eddeos on es responen preguntes\u00a0<\/strong>que posen de manifest les aplicacions de les matem\u00e0tiques o la seva pres\u00e8ncia en l\u2019entorn. Podeu fer la<strong>\u00a0inscripci\u00f3 a partir del 19 de gener<\/strong>\u00a0a la web\u00a0<a href=\"http:\/\/videomat.cat\/\" target=\"_blank\" rel=\"noopener\" data-saferedirecturl=\"https:\/\/www.google.com\/url?q=http:\/\/videomat.cat\/&amp;source=gmail&amp;ust=1765955748669000&amp;usg=AOvVaw0T94Oxw11hjEWOpnOq87KI\"><u>videomat.cat<\/u><\/a>.<\/span><\/p>\n<p><span style=\"font-size: 10pt;\">Com a novetat, els v\u00eddeos guanyadors de cada categoria seran reeditats per<strong><em>\u00a03Cat<\/em><\/strong>\u00a0amb la participaci\u00f3 o col\u00b7laboraci\u00f3 dels mateixos alumnes i\u00a0<strong><em>inclosos a la seva plataforma<\/em><\/strong>.<\/span><\/p>\n<\/li>\n<\/ul>\n<\/li>\n<li><img decoding=\"async\" class=\"CToWUd\" src=\"https:\/\/ci3.googleusercontent.com\/meips\/ADKq_NbFp6-EepSLMR3ymPxvwvwxLlKglv2cZ9jmTsIcLZyiDZmH2Lsj8oQDrn9Va3BIuePrMt6xw_7m9DFQH3I_XoPjXcQdMJWhXq6OIFzPfT1WbjfBuBFxUlWVmv8GM2ezgXQ3UmCf7RP5Icg=s0-d-e1-ft#https:\/\/serveiseducatius.xtec.cat\/cesire\/wp-content\/uploads\/usu2650\/2021\/06\/tour.jpg\" width=\"100\" height=\"auto\" data-bit=\"iit\" \/> <strong>Concurs Tour de Mates<\/strong>\n<ul>\n<li>\n<p><span style=\"font-size: 10pt;\"><strong>Concurs de c\u00e0lcul mental\u00a0<\/strong>ambientat en una carrera ciclista. Es porta a terme dins de cada centre educatiu i est\u00e0 dividit en dues categories (alumnat de Prim\u00e0ria i alumnat d&#8217;ESO + Batxillerat + FP).\u00a0<\/span><\/p>\n<p><span style=\"font-size: 10pt;\">Comen\u00e7ar\u00e0 el 12 de gener i t\u00e9 lloc al llarg de 5 setmanes dins de l&#8217;horari lectiu. Al web es pot accedir a exemples de proves, activitats en l\u00ednia i v\u00eddeos explicatius per treballar l&#8217;estrat\u00e8gia de c\u00e0lcul mental de cada setmana. Les inscripcions ja estan obertes.\u00a0<\/span><\/p>\n<p><span style=\"font-size: 10pt;\">Trobareu m\u00e9s informaci\u00f3 a la\u00a0<a href=\"https:\/\/eltourdemates.wordpress.com\/\" target=\"_blank\" rel=\"noopener\" data-saferedirecturl=\"https:\/\/www.google.com\/url?q=https:\/\/eltourdemates.wordpress.com\/&amp;source=gmail&amp;ust=1765955748669000&amp;usg=AOvVaw0VOXcI5SiP3TalRFxYxhO9\">web del concurs<\/a>.\u00a0<\/span><\/p>\n<\/li>\n<\/ul>\n<\/li>\n<li><img loading=\"lazy\" decoding=\"async\" class=\"CToWUd\" src=\"https:\/\/ci3.googleusercontent.com\/meips\/ADKq_NZwSMe4F4bkrKqq_6OwVRnUyaZ8CMShThoojkBRRVCRHiy8j8AcUm4YZTsUinOn2qMYegx4QrARvADx8jb_p7xkvWgkKeSRAQehAKBPG2akGribPs8i9MxcArRLa-oJvuL3QJQF1YY67qvrDXWyBSbY=s0-d-e1-ft#https:\/\/serveiseducatius.xtec.cat\/cesire\/wp-content\/uploads\/usu2650\/2025\/12\/copa-cangur.jpg\" width=\"195\" height=\"67\" data-bit=\"iit\" \/> <strong>Copa Cangur<\/strong>\n<ul>\n<li>\n<p><span style=\"font-size: 10pt;\"><strong>Concurs per equips<\/strong>\u00a0 dividit en dues categories: la categoria Cadet, alumnes de 1r i 2n d&#8217;ESO i la categoria J\u00fanior, alumnes de 3r i 4t d&#8217;ESO.\u00a0Els equips han de resoldre una dotzena de problemes matem\u00e0tics en 60 minuts i es pot seguir la classificaci\u00f3 a temps real.<\/span><\/p>\n<p><span style=\"font-size: 10pt;\">La primera fase tindr\u00e0 lloc el\u00a0<strong>28 de gener<\/strong>\u00a0i hi ha diverses seus repartides per tot territori catal\u00e0.<\/span><\/p>\n<p><span style=\"font-size: 10pt;\">Trobareu m\u00e9s informaci\u00f3 a la web:\u00a0<a href=\"https:\/\/scm.iec.cat\/concurs-presencial\/copa-cangur\/\" target=\"_blank\" rel=\"noopener\" data-saferedirecturl=\"https:\/\/www.google.com\/url?q=https:\/\/scm.iec.cat\/concurs-presencial\/copa-cangur\/&amp;source=gmail&amp;ust=1765955748669000&amp;usg=AOvVaw0J6Mtlz_gSL2pSix3m28ps\"><u>Copa Cangur<\/u><\/a><\/span><\/p>\n<\/li>\n<\/ul>\n<\/li>\n<li><strong><img loading=\"lazy\" decoding=\"async\" class=\"CToWUd\" src=\"https:\/\/ci3.googleusercontent.com\/meips\/ADKq_NZ60AKsllJY93I87Mz45T3ouP7xfB83oXgXTsDPMjI5dtE1V9DScTc_nL_VkHnlXtFxRvIdMCe9v5xbgxpiasJDLj7bpcNNjNvCYMPsOe-5yDFisajyuDqUNQ9ID-7UwxB4nif8atDQdQ=s0-d-e1-ft#https:\/\/serveiseducatius.xtec.cat\/cesire\/wp-content\/uploads\/usu2650\/2025\/12\/fme.jpg\" width=\"263\" height=\"49\" data-bit=\"iit\" \/> Programa Equitat de la FME<\/strong>\n<ul>\n<li>\n<p><span style=\"font-size: 10pt;\">El Programa Equitat \u00e9s una iniciativa de la Facultat de Matem\u00e0tiques i Estad\u00edstica de la UPC orientada a\u00a0<strong>detectar i donar suport al talent matem\u00e0tic en entorns socioecon\u00f2mics desafavorits<\/strong>.<\/span><\/p>\n<p><span style=\"font-size: 10pt;\">L&#8217;objectiu principal del programa \u00e9s oferir suport personalitzat a\u00a0<strong>estudiants d&#8217;ensenyament secundari\u00a0<\/strong>amb molt bona aptitud per a les matem\u00e0tiques, per\u00f2 que es troben en situacions que en dificulten el desenvolupament acad\u00e8mic.\u00a0<\/span><\/p>\n<p><span style=\"font-size: 10pt;\">Podeu trobar tota la\u00a0<a href=\"https:\/\/fme.upc.edu\/ca\/la-facultat\/igualtat-inclusio-i-equitat-a-lfme-upc\/programa-dequitat-fme\" target=\"_blank\" rel=\"noopener\" data-saferedirecturl=\"https:\/\/www.google.com\/url?q=https:\/\/fme.upc.edu\/ca\/la-facultat\/igualtat-inclusio-i-equitat-a-lfme-upc\/programa-dequitat-fme&amp;source=gmail&amp;ust=1765955748669000&amp;usg=AOvVaw0J9UNbWaqbd-ZFCV8KudmW\">informaci\u00f3 aqu\u00ed<\/a>.<\/span><\/p>\n<\/li>\n<\/ul>\n<\/li>\n<li><strong>Premi Poincar\u00e9<\/strong>\n<ul>\n<li><span style=\"font-size: 10pt;\">S\u2019ha convocat la 23a edici\u00f3 del\u00a0<a href=\"https:\/\/fme.upc.edu\/ca\/activitats-secundaria\/premi-poincare\/premi-poincare\" target=\"_blank\" rel=\"noopener\" data-saferedirecturl=\"https:\/\/www.google.com\/url?q=https:\/\/fme.upc.edu\/ca\/activitats-secundaria\/premi-poincare\/premi-poincare&amp;source=gmail&amp;ust=1765955748669000&amp;usg=AOvVaw1cz-zYYCnEXLufyxLgO9qf\"><strong><u>Premi Poincar\u00e9<\/u><\/strong><\/a>\u00a0que promou la Facultat de Matem\u00e0tiques i Estad\u00edstica (FME) de la UPC i que t\u00e9 com a objectiu premiar els\u00a0<strong>millors Treballs de Recerca (TR) en Matem\u00e0tiques realitzats per l&#8217;alumnat de batxillerat.<\/strong><\/span><\/li>\n<li><span style=\"font-size: 10pt;\">Inscripcions i presentaci\u00f3 dels treballs: fins al dia 18 de febrer 2026<\/span><\/li>\n<li><span style=\"font-size: 10pt;\">Acte de lliurament premis: dimecres 6 de maig del 2026 a la tarda a l&#8217;FME, en sessi\u00f3 presencial.<\/span><\/li>\n<\/ul>\n<\/li>\n<\/ul>\n<p><span style=\"font-size: 10pt;\">Contacte:\u00a0<a href=\"mailto:poincare.fme@upc.edu\" target=\"_blank\" rel=\"noopener\">poincare.fme@upc.edu<\/a><\/span><\/p>\n<ul>\n<li><strong><img loading=\"lazy\" decoding=\"async\" class=\"CToWUd a6T\" tabindex=\"0\" src=\"https:\/\/ci3.googleusercontent.com\/meips\/ADKq_NZRKY_2EporWKV4iJhT7sXi34aD2YVH8UGoaqYHiXP4uC7lQYbT9XjPUBwKEEKZPkFbgVeGeBrnS6sJqJAcSNA8q5ZEZJ8QBHUAv0kTr4nyJ_mDacqGioJe6lffUF3ewvV94MgslcjISsxW5cztQprlPho5j1o1cwpSyaJDeU_rTGyk3w=s0-d-e1-ft#https:\/\/serveiseducatius.xtec.cat\/cesire\/wp-content\/uploads\/usu2650\/2025\/12\/calendari-fotografira-rotated.jpeg\" width=\"145\" height=\"100\" data-bit=\"iit\" \/> Exposici\u00f3 de Fotografia Matem\u00e0tica d&#8217;ABEAM<\/strong>\n<ul>\n<li>\n<p><span style=\"font-size: 10pt;\">S&#8217;han obert\u00a0 les reserves per al segon trimestre de l&#8217;<strong>exposici\u00f3 de fotografia matem\u00e0tica<\/strong>. La cessi\u00f3 del material t\u00e9 un petit cost econ\u00f2mic i \u00e9s gratu\u00eft pels socis de qualsevol associaci\u00f3 que forma la FEEMCAT.\u00a0<\/span><\/p>\n<p><span style=\"font-size: 10pt;\">Podeu trobar la informaci\u00f3 i la reserva de l&#8217;exposici\u00f3 a la\u00a0<a href=\"https:\/\/fotografiamatematica.cat\/exposicio\/vols-lexposicio-al-teu-centre\/\" target=\"_blank\" rel=\"noopener\" data-saferedirecturl=\"https:\/\/www.google.com\/url?q=https:\/\/fotografiamatematica.cat\/exposicio\/vols-lexposicio-al-teu-centre\/&amp;source=gmail&amp;ust=1765955748669000&amp;usg=AOvVaw1bHeRuySa0adhrHyGDBxTT\"><u>web<\/u>\u00a0del concurs<u>.<\/u><\/a><\/span><\/p>\n<p><span style=\"font-size: 10pt;\">A m\u00e9s, ja podeu adquirir el\u00a0<strong>Calendari de fotografia matem\u00e0tica de 2026<\/strong>.\u00a0S\u00f3n 32 p\u00e0gines a color amb totes les fotografies finalistes de la darrera edici\u00f3 del\u00a0concurs. A banda d&#8217;un fant\u00e0stic regal de Nadal, \u00e9s una forma de veure matem\u00e0tiques<\/span><br \/>\n<span style=\"font-size: 10pt;\">tots els dies de l&#8217;any i el millor record del concurs.<\/span><br \/>\n<span style=\"font-size: 10pt;\">Es pot adquirir\u00a0<a href=\"https:\/\/libelista.com\/libelista\/libro\/315280\/\" target=\"_blank\" rel=\"noopener\" data-saferedirecturl=\"https:\/\/www.google.com\/url?q=https:\/\/libelista.com\/libelista\/libro\/315280\/&amp;source=gmail&amp;ust=1765955748669000&amp;usg=AOvVaw3pM1LxA0RYWUtM2t1f0FzF\">aqu\u00ed<\/a>.<\/span><\/p>\n<p><span style=\"font-size: 10pt;\">Tamb\u00e9 podeu trobar el joc de taula MATXIT, que gira entorn de les fotografies matem\u00e0tiques,\u00a0<a href=\"https:\/\/libelista.com\/libelista\/libro\/315281\/\" target=\"_blank\" rel=\"noopener\" data-saferedirecturl=\"https:\/\/www.google.com\/url?q=https:\/\/libelista.com\/libelista\/libro\/315281\/&amp;source=gmail&amp;ust=1765955748669000&amp;usg=AOvVaw3Bic3r9HM5T4BVacu2KVLy\">aqu\u00ed<\/a>.<\/span><\/p>\n<\/li>\n<\/ul>\n<\/li>\n<li><strong><img loading=\"lazy\" decoding=\"async\" class=\"CToWUd a6T\" tabindex=\"0\" src=\"https:\/\/ci3.googleusercontent.com\/meips\/ADKq_Nb2EhvHm2YDRS173v718X9H6axDq9lQuqOcu5bFtyCDmwpRR_MxDx1X9VEppo01UrjO_TgsVsQGb_NDFTkPcS0DOXouVOsuI-429zp-5TondHXLnopZ7HK_cbheSZgGOAqmkJzxCqrlxqGdnUc1=s0-d-e1-ft#https:\/\/serveiseducatius.xtec.cat\/cesire\/wp-content\/uploads\/usu2650\/2025\/09\/dibuixos.jpg\" width=\"211\" height=\"94\" data-bit=\"iit\" \/> Concurs de Dibuixos Matem\u00e0tics d&#8217;ABEAM<\/strong>\n<ul>\n<li>\n<p><span style=\"font-size: 10pt;\">Fins al 27 de mar\u00e7 est\u00e0 obert el termini per participar en el\u00a0<strong>concurs de Dibuixos Matem\u00e0tics per a alumnat d\u2019Educaci\u00f3 Infantil i Prim\u00e0ria<\/strong>. Es valora tant el contingut matem\u00e0tic com la compet\u00e8ncia de l\u2019artista en trobar, entendre i explicar la matem\u00e0tica que vol transmetre a trav\u00e9s de la seva obra.\u00a0<\/span><\/p>\n<p><span style=\"font-size: 10pt;\">Podreu trobar m\u00e9s informaci\u00f3\u00a0<a href=\"https:\/\/abeam.feemcat.org\/web\/portada\/14e-concurs-dibuixos-matematics-abeam-bases-inscripcio-i-enviament-dobres\/\" target=\"_blank\" rel=\"noopener\" data-saferedirecturl=\"https:\/\/www.google.com\/url?q=https:\/\/abeam.feemcat.org\/web\/portada\/14e-concurs-dibuixos-matematics-abeam-bases-inscripcio-i-enviament-dobres\/&amp;source=gmail&amp;ust=1765955748669000&amp;usg=AOvVaw0bupz8i8L99TQqUBRhH7qK\">en\u00a0<\/a><a href=\"https:\/\/abeam.feemcat.org\/web\/portada\/14e-concurs-dibuixos-matematics-abeam-bases-inscripcio-i-enviament-dobres\/\" target=\"_blank\" rel=\"noopener\" data-saferedirecturl=\"https:\/\/www.google.com\/url?q=https:\/\/abeam.feemcat.org\/web\/portada\/14e-concurs-dibuixos-matematics-abeam-bases-inscripcio-i-enviament-dobres\/&amp;source=gmail&amp;ust=1765955748669000&amp;usg=AOvVaw0bupz8i8L99TQqUBRhH7qK\"><u>aquest enlla\u00e7<\/u><\/a>.<\/span><\/p>\n<\/li>\n<\/ul>\n<\/li>\n<li><strong><img loading=\"lazy\" decoding=\"async\" class=\"CToWUd a6T\" tabindex=\"0\" src=\"https:\/\/ci3.googleusercontent.com\/meips\/ADKq_NY6ZddkH5W5HhT1rISxOgxxRhSnBHwiEP2fGqfXnjqsoRRXWq2OFH3gud2lnFRwMgjXacSqWifJ6QC38nub-TTZv7PebJCIujFFlgoP2uCBkxth1Lx64x_Pl2H7kh-vCR8e_DXpsUXERJtWqRqTqjvmJYgVxTpKmj_l8A3wiB0jGi2Jdw8stNJeJgM=s0-d-e1-ft#https:\/\/serveiseducatius.xtec.cat\/cesire\/wp-content\/uploads\/usu2650\/2025\/12\/Proposta-logo-Fem-Mates-26-1024x683-1.png\" width=\"146\" height=\"97\" data-bit=\"iit\" \/> Fem Matem\u00e0tiques\u00a0<\/strong>\n<ul>\n<li>\n<p><span style=\"font-size: 10pt;\">Concurs de resoluci\u00f3 de problemes dirigit a l&#8217;alumnat de<strong>\u00a05\u00e8 i 6\u00e8 de Prim\u00e0ria\u00a0<\/strong>i\u00a0<strong>1r, 2n, 3r i 4t d&#8217;ESO<\/strong>. La primera fase t\u00e9 lloc en el mateix centre i els alumnes treballen en grups per resoldre 3 problemes d&#8217;investigaci\u00f3 oberts. Caldr\u00e0 que elaborin un informe detallat argumentant el proc\u00e9s de resoluci\u00f3 i les solucions.<\/span><\/p>\n<p><span style=\"font-size: 10pt;\">Podeu trobar els enunciats dels problemes de l\u2019actual edici\u00f3 a la web del concurs.\u00a0El termini per enviar els treballs\u00a0<strong>acaba el 15 de febrer.<\/strong><\/span><\/p>\n<p><span style=\"font-size: 10pt;\">M\u00e9s informaci\u00f3 i totes les instruccions del concurs al web del\u00a0<a href=\"https:\/\/fm.feemcat.org\/\" target=\"_blank\" rel=\"noopener\" data-saferedirecturl=\"https:\/\/www.google.com\/url?q=https:\/\/fm.feemcat.org\/&amp;source=gmail&amp;ust=1765955748669000&amp;usg=AOvVaw2Py6kDRqrYWKUjJNvcslgM\"><u>Fem Matem\u00e0tiques<\/u><\/a>.<\/span><\/p>\n<\/li>\n<\/ul>\n<\/li>\n<li><strong><img decoding=\"async\" class=\"CToWUd\" src=\"https:\/\/ci3.googleusercontent.com\/meips\/ADKq_NZjFoZwqD-Do1Cl4YdS3UMjU7HqqGEqtJVBV5DloWSj2s32d7zv5SCrYn-g2ufzzFd0MSX3SMh2kkeYkMWbNK4WK2o-T_0SMzJdhwC6nN-BaGSAbKnMfbq-OJ3hPES-BQlcNS18P2qQemhWbPS_mw=s0-d-e1-ft#https:\/\/serveiseducatius.xtec.cat\/cesire\/wp-content\/uploads\/usu2650\/2023\/12\/planter_2.png\" width=\"150\" height=\"auto\" data-bit=\"iit\" \/> Planter de sondeigs i experiments<\/strong>\n<ul>\n<li>\n<p><span style=\"font-size: 10pt;\">S&#8217;ha convocat la\u00a0<strong>17a edici\u00f3 del\u00a0<\/strong><a href=\"https:\/\/fme.upc.edu\/ca\/concurs-planter-de-sondeigs-i-experiments\" target=\"_blank\" rel=\"noopener\" data-saferedirecturl=\"https:\/\/www.google.com\/url?q=https:\/\/fme.upc.edu\/ca\/concurs-planter-de-sondeigs-i-experiments&amp;source=gmail&amp;ust=1765955748669000&amp;usg=AOvVaw1QAgo1OpDkwMq--VG6bQAR\"><strong><u>concurs Planter de Sondeigs i Experiments<\/u><\/strong><\/a><strong>\u00a0per a treballs d\u2019estad\u00edstica<\/strong>\u00a0per grups d\u2019estudiants d\u2019ESO, Batxillerat i Cicles Formatius del curs 2025-2026.\u00a0<\/span><\/p>\n<p><span style=\"font-size: 10pt;\">El termini d\u2019inscripci\u00f3 acaba el 20 d\u2019abril de 2026 i el de lliurament de treballs, el 7 de maig.\u00a0<\/span><\/p>\n<p><span style=\"font-size: 10pt;\">Tota la informaci\u00f3 la trobareu al web del concurs.<\/span><\/p>\n<\/li>\n<\/ul>\n<\/li>\n<li><strong><img loading=\"lazy\" decoding=\"async\" class=\"CToWUd\" src=\"https:\/\/ci3.googleusercontent.com\/meips\/ADKq_NZOqhvGYM-gi4pKWNpZe8Xksy39cZ-dESEHRmwGNAH9uSoKnxDb5ujfI4O1Q2T-s3ItAsCHe2R7AvZeZ59I4hz7qb_8_7mYFayzUEncw8u4mPDpVIQu9gI4GcTdrRM2ClOjrBgOLfvhdYy4=s0-d-e1-ft#https:\/\/serveiseducatius.xtec.cat\/cesire\/wp-content\/uploads\/usu2650\/2025\/09\/mmaca.png\" width=\"152\" height=\"49\" data-bit=\"iit\" \/>El rac\u00f3 del MMACA<\/strong>\n<ul>\n<li>\n<p><span style=\"font-size: 10pt;\">El Museu de Matem\u00e0tiques de Catalunya ofereix visites escolars de dilluns a divendres, ja es poden fer les reserves per a centres a la web\u00a0<a href=\"https:\/\/mmaca.cat\/exposicio-permanent-cornella\/\" target=\"_blank\" rel=\"noopener\" data-saferedirecturl=\"https:\/\/www.google.com\/url?q=https:\/\/mmaca.cat\/exposicio-permanent-cornella\/&amp;source=gmail&amp;ust=1765955748669000&amp;usg=AOvVaw2krFbgHS14G2nTWzQfkwl2\"><u>https:\/\/mmaca.cat<\/u><\/a>. A m\u00e9s, hi trobareu activitats en les tres seus:<\/span><\/p>\n<ul>\n<li><span style=\"font-size: 10pt;\"><strong>MMACA Cornell\u00e0:<\/strong>\u00a0Visites els dimecres a la tarda i els diumenges al mat\u00ed.<\/span><\/li>\n<li><span style=\"font-size: 10pt;\"><strong>MMACA Tarragona:\u00a0<\/strong>Visites els dissabtes a la tarda<\/span><\/li>\n<li><span style=\"font-size: 10pt;\"><strong>MMACA Girona:<\/strong>\u00a0Podeu demanar l\u2019exposici\u00f3\u00a0<em>\u201cEl MMACA a tocar. Apropa\u2019t al MMACA\u201d.<\/em><\/span><\/li>\n<\/ul>\n<p><span style=\"font-size: 10pt;\">Horaris i reserva d\u2019activitats a la web.<\/span><\/p>\n<\/li>\n<li><strong><img loading=\"lazy\" decoding=\"async\" class=\"CToWUd a6T\" tabindex=\"0\" src=\"https:\/\/ci3.googleusercontent.com\/meips\/ADKq_NZq2sslQScOmRWdOInfjkBn550E0Cx2kWjXRN8tm_LZo81z2CMyUN0uqmFgfPHZsUSSluWMheeGKyGkvZ8vbcOsby4JG4dcamqHlrrhPmKg7a8uqaKPIh5jANz00PWVgbsLos1Ja0m1BSzN6J3ST60aLszA-Evi=s0-d-e1-ft#https:\/\/serveiseducatius.xtec.cat\/cesire\/wp-content\/uploads\/usu2650\/2025\/12\/banderolamatefest.jpg\" width=\"107\" height=\"83\" data-bit=\"iit\" \/> Matefest-Infofest<\/strong><\/li>\n<li><span style=\"font-size: 10pt;\">Des de la Facultat de Matem\u00e0tiques i Inform\u00e0tica de la Universitat de Barcelona s&#8217;organitza, un cop m\u00e9s, la festa de divulgaci\u00f3 organitzada pels alumnes.<\/span><\/li>\n<li><span style=\"font-size: 10pt;\">Tindr\u00e0 lloc el dimecres 18 de mar\u00e7 de 2026, de les 9:00 h a les 14:00 h, i va adre\u00e7at a alumnat d&#8217;ESO i Batxillerat. Hi trobareu estands de difusi\u00f3 de les matem\u00e0tiques i la inform\u00e0tica, i s&#8217;ofereixen xerrades amb inscripci\u00f3 pr\u00e8via.<\/span><\/li>\n<li><span style=\"font-size: 10pt;\">S&#8217;anir\u00e0 actualitzant la informaci\u00f3 a la\u00a0<a href=\"https:\/\/mat.ub.edu\/matefest\/\" target=\"_blank\" rel=\"noopener\" data-saferedirecturl=\"https:\/\/www.google.com\/url?q=https:\/\/mat.ub.edu\/matefest\/&amp;source=gmail&amp;ust=1765955748669000&amp;usg=AOvVaw2Ld1P_773V19TMiz21jr3B\">web de la Matefest-Infofest<\/a>.<\/span><\/li>\n<\/ul>\n<\/li>\n<\/ul>\n<p><strong>Noves propostes de matem\u00e0tiques a l&#8217;ARC<\/strong><\/p>\n<ul>\n<li style=\"list-style-type: none;\">\n<ul>\n<li style=\"list-style-type: none;\">\n<ul>\n<li>\n<p><a href=\"https:\/\/apliense.xtec.cat\/arc\/node\/31311\" target=\"_blank\" rel=\"noopener\" data-saferedirecturl=\"https:\/\/www.google.com\/url?q=https:\/\/apliense.xtec.cat\/arc\/node\/31311&amp;source=gmail&amp;ust=1765955748670000&amp;usg=AOvVaw3YFY9aShMoPbHdCeuAYAbS\"><strong>\u00a0Dissenya el teu clauer amb Riemann<\/strong><\/a><\/p>\n<p><span style=\"font-size: 10pt;\">En aquesta activitat es pret\u00e9n proporcionar t\u00e8cniques de segmentaci\u00f3 a l\u2019alumnat per calcular experimentalment qualsevol \u00e0rea, observar per primera vegada l\u2019aplicaci\u00f3 del l\u00edmit i aplicar les matem\u00e0tiques en el proc\u00e9s tecnol\u00f2gic de fabricar un producte amb impressores 3D.\u00a0<\/span><\/p>\n<p><img loading=\"lazy\" decoding=\"async\" class=\"CToWUd\" src=\"https:\/\/ci3.googleusercontent.com\/meips\/ADKq_NZgu9TesfLH1a8mHqjfql1g5FZqvJk23Px3tQ_FSnavrUey93jgO5-MZR4FMoWFFJAbnjkre0Pl-7XOh3w3icgA6U_dJBTQmMSbibuQqMEPlolBMW8L_E3uLT9K2X9LJ5JnM25UJ5SouLFpE1s-=s0-d-e1-ft#https:\/\/serveiseducatius.xtec.cat\/cesire\/wp-content\/uploads\/usu2650\/2025\/12\/Riemann.jpeg\" width=\"139\" height=\"112\" data-bit=\"iit\" \/><\/li>\n<\/ul>\n<\/li>\n<\/ul>\n<\/li>\n<\/ul>\n<p><strong>Noves propostes al V\u00eddeoMAT 2025<\/strong><\/p>\n<ul>\n<li>\n<p><strong>Quin \u00e9s el teu color preferit?<\/strong><\/p>\n<p><span style=\"font-size: 10pt;\"><a href=\"https:\/\/www.youtube.com\/watch?feature=shared&amp;v=dVRpprNOhhc\" target=\"_blank\" rel=\"noopener\" data-saferedirecturl=\"https:\/\/www.google.com\/url?q=https:\/\/www.youtube.com\/watch?feature%3Dshared%26v%3DdVRpprNOhhc&amp;source=gmail&amp;ust=1765955748670000&amp;usg=AOvVaw201j9Df3zxYaxk5OgLIMrE\"><u>Enlla\u00e7 al v\u00eddeo<\/u><\/a><\/span><\/p>\n<p><span style=\"font-size: 10pt;\">Els nens i nenes de 4t de prim\u00e0ria de l\u2019escola FEDAC de Manresa s\u2019han preguntat quin \u00e9s el color preferit de les persones. En aquest v\u00eddeo podeu veure el proc\u00e9s d\u2019investigaci\u00f3 que han seguit i les conclusions a qu\u00e8 han arribat.<\/span><\/p>\n<p><img loading=\"lazy\" decoding=\"async\" class=\"CToWUd a6T\" style=\"font-style: inherit; font-weight: inherit;\" tabindex=\"0\" src=\"https:\/\/ci3.googleusercontent.com\/meips\/ADKq_NY6GY4_-6V9GwtOfB2EOBQS68cjhPAzZS4C2Iq4mFmO7KeImeZPRMZnzkBbgjSi4ekkzdMDkZufZgxvFSoUkKYXjKWgy6TT4A1KwMyBWCGnGMDVTtU44bqbdx0nm1RvGN8M688o6-iQeYZn1HWs3aY=s0-d-e1-ft#https:\/\/serveiseducatius.xtec.cat\/cesire\/wp-content\/uploads\/usu2650\/2025\/12\/videomat-1.jpg\" width=\"268\" height=\"127\" data-bit=\"iit\" \/><\/li>\n<li><strong>Com funciona el GPS?\u00a0<\/strong>\n<ul>\n<li><span style=\"font-size: 10pt;\"><a href=\"https:\/\/youtu.be\/pR6SkiO38tU\" target=\"_blank\" rel=\"noopener\" data-saferedirecturl=\"https:\/\/www.google.com\/url?q=https:\/\/youtu.be\/pR6SkiO38tU&amp;source=gmail&amp;ust=1765955748670000&amp;usg=AOvVaw1SJhDJEg16yXVRCqX713PN\"><u>Enlla\u00e7 al v\u00eddeo<\/u><\/a><\/span><\/li>\n<li><span style=\"font-size: 10pt;\">La proposta presentada respon a la pregunta: \u201ccom funciona un GPS?\u201d. Davant de la curiositat de com pot ser que el m\u00f2bil s\u00e0piga on estem situats, es desenvolupa l\u2019explicaci\u00f3 de com funciona el GPS a trav\u00e9s de la triangulaci\u00f3 de tres sat\u00e8l\u00b7lits.<\/span><img decoding=\"async\" class=\"CToWUd a6T alignleft\" tabindex=\"0\" src=\"https:\/\/ci3.googleusercontent.com\/meips\/ADKq_NZMjUrhBJ-Z12koMZCGADHQCu7VorCqi1G7jsiojVzlkKX8qKAzJAR0pPEal1SzkVWksxQE__EZ66WEQv4yCvCtlVuTg31QDZ9uLQGE-qtf9bbBkh0rOVhHelzrEpWgr-IrJCuhWceQdRCfaN2E-r4=s0-d-e1-ft#https:\/\/serveiseducatius.xtec.cat\/cesire\/wp-content\/uploads\/usu2650\/2025\/12\/videomat-2.jpg\" width=\"250\" height=\"auto\" data-bit=\"iit\" \/>\n<\/li>\n<\/ul>\n<\/li>\n<\/ul>\n<div>\u00a0<\/div>\n<div>\u00a0<\/div>\n<div>\u00a0<\/div>\n<div><strong>Arriba Nadal!<\/strong><\/div>\n<ul>\n<li><strong>Calendari d&#8217;advent de NRICH<\/strong>\n<ul>\n<li>\n<p><span style=\"font-size: 10pt;\">Els calendaris d\u2019advent de NRICH ja estan aqu\u00ed.\u00a0<a href=\"https:\/\/maths.us21.list-manage.com\/track\/click?u=80f9188a0029bf5d82786b28b&amp;id=4bb5e03a9f&amp;e=9dd47e9929\" target=\"_blank\" rel=\"noopener\" data-saferedirecturl=\"https:\/\/www.google.com\/url?q=https:\/\/maths.us21.list-manage.com\/track\/click?u%3D80f9188a0029bf5d82786b28b%26id%3D4bb5e03a9f%26e%3D9dd47e9929&amp;source=gmail&amp;ust=1765955748670000&amp;usg=AOvVaw2Azzd0C6u-wBqRvv9qh3wp\"><strong><u>The Primary<\/u><\/strong><\/a>\u00a0and\u00a0<a href=\"https:\/\/maths.us21.list-manage.com\/track\/click?u=80f9188a0029bf5d82786b28b&amp;id=4e688221e2&amp;e=9dd47e9929\" target=\"_blank\" rel=\"noopener\" data-saferedirecturl=\"https:\/\/www.google.com\/url?q=https:\/\/maths.us21.list-manage.com\/track\/click?u%3D80f9188a0029bf5d82786b28b%26id%3D4e688221e2%26e%3D9dd47e9929&amp;source=gmail&amp;ust=1765955748670000&amp;usg=AOvVaw2MAtC_GY7LIFTfNs3_3ai5\"><strong><u>Secondary<\/u><\/strong><\/a>\u00a0Advent calendars ofereixen problemes que aviven la curiositat de l\u2019alumnat. Una bona idea per aquests \u00faltims dies de classe!\u00a0<\/span><\/p>\n<p><span style=\"font-size: 10pt;\">Per aprofitar al m\u00e0xim aquests recursos, podeu mirar la\u00a0<a href=\"https:\/\/maths.us21.list-manage.com\/track\/click?u=80f9188a0029bf5d82786b28b&amp;id=aec116a48c&amp;e=9dd47e9929\" target=\"_blank\" rel=\"noopener\" data-saferedirecturl=\"https:\/\/www.google.com\/url?q=https:\/\/maths.us21.list-manage.com\/track\/click?u%3D80f9188a0029bf5d82786b28b%26id%3Daec116a48c%26e%3D9dd47e9929&amp;source=gmail&amp;ust=1765955748670000&amp;usg=AOvVaw02TnA10tb75rxLSKigwuVp\"><strong><u>Guidance on nurturing students\u2019 curiosity<\/u><\/strong><\/a>.<\/span><\/p>\n<\/li>\n<\/ul>\n<\/li>\n<li><strong>Calendari dodeca\u00e8dric del programa Florence-SIM<\/strong>\n<ul>\n<li>\n<p><span style=\"font-size: 10pt;\">Des del Programa Florence-SIM ens fan arribar un calendari en forma de dodec\u00e0edre, creat per la professora N\u00faria Serra. Cont\u00e9 tamb\u00e9 reptes matem\u00e0tics relacionats amb l&#8217;any que encetem.<\/span><\/p>\n<p><span style=\"font-size: 10pt;\"><a href=\"https:\/\/drive.google.com\/drive\/folders\/1gIoOUkJyDfkbxrjax-9IHcekmoTNo4i0\" target=\"_blank\" rel=\"noopener\" data-saferedirecturl=\"https:\/\/www.google.com\/url?q=https:\/\/drive.google.com\/drive\/folders\/1gIoOUkJyDfkbxrjax-9IHcekmoTNo4i0&amp;source=gmail&amp;ust=1765955748670000&amp;usg=AOvVaw1s77_oFK5rV5rnuxEYYKdz\">Podeu descarregar-lo aqu\u00ed<\/a><a href=\"https:\/\/drive.google.com\/file\/d\/1gsQq339PKi7DXJNWksdDIXj7gHaVXZzs\/view?usp=drive_link\" target=\"_blank\" rel=\"noopener\" data-saferedirecturl=\"https:\/\/www.google.com\/url?q=https:\/\/drive.google.com\/file\/d\/1gsQq339PKi7DXJNWksdDIXj7gHaVXZzs\/view?usp%3Ddrive_link&amp;source=gmail&amp;ust=1765955748670000&amp;usg=AOvVaw0cevKXyM4C4s-B5EXPQkXX\">.<\/a><\/span><\/p>\n<p><span style=\"font-size: medium;\">Us recordem que tamb\u00e9 ens podeu seguir per Twitter (<a href=\"http:\/\/twitter.com\/creamat1\" target=\"_blank\" rel=\"noopener\" data-saferedirecturl=\"https:\/\/www.google.com\/url?q=http:\/\/twitter.com\/creamat1&amp;source=gmail&amp;ust=1765955748670000&amp;usg=AOvVaw0MvuGD6ixpdL5BLPlY5GxU\">@creamat1<\/a>)<br \/>\nSi no heu rebut aquest butllet\u00ed a la vostra b\u00fastia de correu i el voleu rebre, us podeu apuntar al\u00a0<a href=\"https:\/\/serveiseducatius.xtec.cat\/cesire\/subscripcio-butlleti-deducacio-matematica\/\" target=\"_blank\" rel=\"noopener\" data-saferedirecturl=\"https:\/\/www.google.com\/url?q=https:\/\/serveiseducatius.xtec.cat\/cesire\/subscripcio-butlleti-deducacio-matematica\/&amp;source=gmail&amp;ust=1765955748670000&amp;usg=AOvVaw2KslUijiwUfPGbgRQimmBU\">seg\u00fcent enlla\u00e7<\/a>.<\/span><\/p>\n<p>L\u2019equip del CREAMAT<\/p>\n<\/li>\n<\/ul>\n<\/li>\n<\/ul>\n<div>\u00a0<\/div>\n","protected":false},"excerpt":{"rendered":"<p>Novament us fem arribar diverses not\u00edcies i anuncis al voltant de l\u2019educaci\u00f3 matem\u00e0tica a casa nostra. Segon torn de formaci\u00f3 [&hellip;]<\/p>\n","protected":false},"author":51,"featured_media":26713,"comment_status":"closed","ping_status":"open","sticky":false,"template":"","format":"standard","meta":{"_bbp_topic_count":0,"_bbp_reply_count":0,"_bbp_total_topic_count":0,"_bbp_total_reply_count":0,"_bbp_voice_count":0,"_bbp_anonymous_reply_count":0,"_bbp_topic_count_hidden":0,"_bbp_reply_count_hidden":0,"_bbp_forum_subforum_count":0,"site-sidebar-layout":"default","site-content-layout":"","ast-site-content-layout":"default","site-content-style":"default","site-sidebar-style":"default","ast-global-header-display":"","ast-banner-title-visibility":"","ast-main-header-display":"","ast-hfb-above-header-display":"","ast-hfb-below-header-display":"","ast-hfb-mobile-header-display":"","site-post-title":"","ast-breadcrumbs-content":"","ast-featured-img":"","footer-sml-layout":"","theme-transparent-header-meta":"default","adv-header-id-meta":"","stick-header-meta":"","header-above-stick-meta":"","header-main-stick-meta":"","header-below-stick-meta":"","astra-migrate-meta-layouts":"set","ast-page-background-enabled":"default","ast-page-background-meta":{"desktop":{"background-color":"var(--ast-global-color-4)","background-image":"","background-repeat":"repeat","background-position":"center center","background-size":"auto","background-attachment":"scroll","background-type":"","background-media":"","overlay-type":"","overlay-color":"","overlay-opacity":"","overlay-gradient":""},"tablet":{"background-color":"","background-image":"","background-repeat":"repeat","background-position":"center center","background-size":"auto","background-attachment":"scroll","background-type":"","background-media":"","overlay-type":"","overlay-color":"","overlay-opacity":"","overlay-gradient":""},"mobile":{"background-color":"","background-image":"","background-repeat":"repeat","background-position":"center center","background-size":"auto","background-attachment":"scroll","background-type":"","background-media":"","overlay-type":"","overlay-color":"","overlay-opacity":"","overlay-gradient":""}},"ast-content-background-meta":{"desktop":{"background-color":"var(--ast-global-color-5)","background-image":"","background-repeat":"repeat","background-position":"center center","background-size":"auto","background-attachment":"scroll","background-type":"","background-media":"","overlay-type":"","overlay-color":"","overlay-opacity":"","overlay-gradient":""},"tablet":{"background-color":"var(--ast-global-color-5)","background-image":"","background-repeat":"repeat","background-position":"center center","background-size":"auto","background-attachment":"scroll","background-type":"","background-media":"","overlay-type":"","overlay-color":"","overlay-opacity":"","overlay-gradient":""},"mobile":{"background-color":"var(--ast-global-color-5)","background-image":"","background-repeat":"repeat","background-position":"center center","background-size":"auto","background-attachment":"scroll","background-type":"","background-media":"","overlay-type":"","overlay-color":"","overlay-opacity":"","overlay-gradient":""}},"footnotes":""},"categories":[165,1,29,76],"tags":[261,349,401,471,166,41,302],"class_list":["post-26705","post","type-post","status-publish","format-standard","has-post-thumbnail","hentry","category-formacio","category-general","category-portada","category-recursos","tag-activitats","tag-educacio-infantil","tag-educacio-primaria","tag-educacio-secundaria","tag-formacio","tag-matematiques","tag-recursos"],"post_mailing_queue_ids":[],"_links":{"self":[{"href":"https:\/\/serveiseducatius.xtec.cat\/badalona\/wp-json\/wp\/v2\/posts\/26705","targetHints":{"allow":["GET"]}}],"collection":[{"href":"https:\/\/serveiseducatius.xtec.cat\/badalona\/wp-json\/wp\/v2\/posts"}],"about":[{"href":"https:\/\/serveiseducatius.xtec.cat\/badalona\/wp-json\/wp\/v2\/types\/post"}],"author":[{"embeddable":true,"href":"https:\/\/serveiseducatius.xtec.cat\/badalona\/wp-json\/wp\/v2\/users\/51"}],"replies":[{"embeddable":true,"href":"https:\/\/serveiseducatius.xtec.cat\/badalona\/wp-json\/wp\/v2\/comments?post=26705"}],"version-history":[{"count":2,"href":"https:\/\/serveiseducatius.xtec.cat\/badalona\/wp-json\/wp\/v2\/posts\/26705\/revisions"}],"predecessor-version":[{"id":26711,"href":"https:\/\/serveiseducatius.xtec.cat\/badalona\/wp-json\/wp\/v2\/posts\/26705\/revisions\/26711"}],"wp:featuredmedia":[{"embeddable":true,"href":"https:\/\/serveiseducatius.xtec.cat\/badalona\/wp-json\/wp\/v2\/media\/26713"}],"wp:attachment":[{"href":"https:\/\/serveiseducatius.xtec.cat\/badalona\/wp-json\/wp\/v2\/media?parent=26705"}],"wp:term":[{"taxonomy":"category","embeddable":true,"href":"https:\/\/serveiseducatius.xtec.cat\/badalona\/wp-json\/wp\/v2\/categories?post=26705"},{"taxonomy":"post_tag","embeddable":true,"href":"https:\/\/serveiseducatius.xtec.cat\/badalona\/wp-json\/wp\/v2\/tags?post=26705"}],"curies":[{"name":"wp","href":"https:\/\/api.w.org\/{rel}","templated":true}]}}