{"id":26651,"date":"2025-12-11T13:50:35","date_gmt":"2025-12-11T12:50:35","guid":{"rendered":"https:\/\/serveiseducatius.xtec.cat\/badalona\/?p=26651"},"modified":"2025-12-11T15:49:17","modified_gmt":"2025-12-11T14:49:17","slug":"orientacions-curriculars-de-musica-de-secundaria","status":"publish","type":"post","link":"https:\/\/serveiseducatius.xtec.cat\/badalona\/portada\/orientacions-curriculars-de-musica-de-secundaria\/","title":{"rendered":"Orientacions curriculars de M\u00fasica de secund\u00e0ria"},"content":{"rendered":"<p class=\"has-text-color has-medium-font-size\">El Departament d\u2019Educaci\u00f3 ha publicat les\u00a0<a href=\"https:\/\/projectes.xtec.cat\/nou-curriculum\/orientacions-curriculars\/orientacions-curriculars-de-musica-de-secundaria\/\" target=\"_blank\" rel=\"noopener\"><strong>Orientacions curriculars de m\u00fasica per a l\u2019educaci\u00f3 secund\u00e0ria<\/strong><\/a>, un document que vol facilitar al professorat la implementaci\u00f3 del curr\u00edculum i oferir una mirada coherent i actualitzada sobre l\u2019aprenentatge musical a l\u2019ESO.<\/p>\n<p>Les orientacions inclouen:<\/p>\n<ul class=\"wp-block-list\">\n<li><strong>Especificaci\u00f3 i seq\u00fcenciaci\u00f3 dels sabers<\/strong>\u00a0del curr\u00edculum.<\/li>\n<li>La\u00a0<strong>codificaci\u00f3<\/strong>\u00a0de sabers i continguts per facilitar-ne l\u2019\u00fas al centre.<\/li>\n<li><strong>Consideracions i concrecions<\/strong>\u00a0dels tres blocs principals:\n<ol class=\"wp-block-list\">\n<li><em>Escolta i percepci\u00f3 musical<\/em><\/li>\n<li><em>Interpretaci\u00f3, improvisaci\u00f3 i creaci\u00f3 esc\u00e8nica<\/em><\/li>\n<li><em>Contextos i cultures<\/em><\/li>\n<\/ol>\n<\/li>\n<\/ul>\n<p>El document tamb\u00e9 es pot consultar en\u00a0<strong>format PDF<\/strong>\u00a0per descarregar-lo i treballar-lo als equips docents.<\/p>\n<p class=\"has-text-color has-medium-font-size\">Aquestes orientacions pretenen donar eines pr\u00e0ctiques perqu\u00e8 els centres puguin dissenyar situacions d\u2019aprenentatge m\u00e9s significatives, competencials i connectades amb la realitat musical de l\u2019alumnat.<\/p>\n","protected":false},"excerpt":{"rendered":"<p>El Departament d\u2019Educaci\u00f3 ha publicat les\u00a0Orientacions curriculars de m\u00fasica per a l\u2019educaci\u00f3 secund\u00e0ria, un document que vol facilitar al professorat [&hellip;]<\/p>\n","protected":false},"author":9,"featured_media":26652,"comment_status":"closed","ping_status":"open","sticky":false,"template":"","format":"standard","meta":{"_bbp_topic_count":0,"_bbp_reply_count":0,"_bbp_total_topic_count":0,"_bbp_total_reply_count":0,"_bbp_voice_count":0,"_bbp_anonymous_reply_count":0,"_bbp_topic_count_hidden":0,"_bbp_reply_count_hidden":0,"_bbp_forum_subforum_count":0,"site-sidebar-layout":"default","site-content-layout":"","ast-site-content-layout":"default","site-content-style":"default","site-sidebar-style":"default","ast-global-header-display":"","ast-banner-title-visibility":"","ast-main-header-display":"","ast-hfb-above-header-display":"","ast-hfb-below-header-display":"","ast-hfb-mobile-header-display":"","site-post-title":"","ast-breadcrumbs-content":"","ast-featured-img":"","footer-sml-layout":"","theme-transparent-header-meta":"default","adv-header-id-meta":"","stick-header-meta":"","header-above-stick-meta":"","header-main-stick-meta":"","header-below-stick-meta":"","astra-migrate-meta-layouts":"set","ast-page-background-enabled":"default","ast-page-background-meta":{"desktop":{"background-color":"var(--ast-global-color-4)","background-image":"","background-repeat":"repeat","background-position":"center center","background-size":"auto","background-attachment":"scroll","background-type":"","background-media":"","overlay-type":"","overlay-color":"","overlay-opacity":"","overlay-gradient":""},"tablet":{"background-color":"","background-image":"","background-repeat":"repeat","background-position":"center center","background-size":"auto","background-attachment":"scroll","background-type":"","background-media":"","overlay-type":"","overlay-color":"","overlay-opacity":"","overlay-gradient":""},"mobile":{"background-color":"","background-image":"","background-repeat":"repeat","background-position":"center center","background-size":"auto","background-attachment":"scroll","background-type":"","background-media":"","overlay-type":"","overlay-color":"","overlay-opacity":"","overlay-gradient":""}},"ast-content-background-meta":{"desktop":{"background-color":"var(--ast-global-color-5)","background-image":"","background-repeat":"repeat","background-position":"center center","background-size":"auto","background-attachment":"scroll","background-type":"","background-media":"","overlay-type":"","overlay-color":"","overlay-opacity":"","overlay-gradient":""},"tablet":{"background-color":"var(--ast-global-color-5)","background-image":"","background-repeat":"repeat","background-position":"center center","background-size":"auto","background-attachment":"scroll","background-type":"","background-media":"","overlay-type":"","overlay-color":"","overlay-opacity":"","overlay-gradient":""},"mobile":{"background-color":"var(--ast-global-color-5)","background-image":"","background-repeat":"repeat","background-position":"center center","background-size":"auto","background-attachment":"scroll","background-type":"","background-media":"","overlay-type":"","overlay-color":"","overlay-opacity":"","overlay-gradient":""}},"footnotes":""},"categories":[419,29],"tags":[462,297,352],"class_list":["post-26651","post","type-post","status-publish","format-standard","has-post-thumbnail","hentry","category-curriculum","category-portada","tag-curriculum","tag-eso","tag-musica"],"post_mailing_queue_ids":[],"_links":{"self":[{"href":"https:\/\/serveiseducatius.xtec.cat\/badalona\/wp-json\/wp\/v2\/posts\/26651","targetHints":{"allow":["GET"]}}],"collection":[{"href":"https:\/\/serveiseducatius.xtec.cat\/badalona\/wp-json\/wp\/v2\/posts"}],"about":[{"href":"https:\/\/serveiseducatius.xtec.cat\/badalona\/wp-json\/wp\/v2\/types\/post"}],"author":[{"embeddable":true,"href":"https:\/\/serveiseducatius.xtec.cat\/badalona\/wp-json\/wp\/v2\/users\/9"}],"replies":[{"embeddable":true,"href":"https:\/\/serveiseducatius.xtec.cat\/badalona\/wp-json\/wp\/v2\/comments?post=26651"}],"version-history":[{"count":1,"href":"https:\/\/serveiseducatius.xtec.cat\/badalona\/wp-json\/wp\/v2\/posts\/26651\/revisions"}],"predecessor-version":[{"id":26653,"href":"https:\/\/serveiseducatius.xtec.cat\/badalona\/wp-json\/wp\/v2\/posts\/26651\/revisions\/26653"}],"wp:featuredmedia":[{"embeddable":true,"href":"https:\/\/serveiseducatius.xtec.cat\/badalona\/wp-json\/wp\/v2\/media\/26652"}],"wp:attachment":[{"href":"https:\/\/serveiseducatius.xtec.cat\/badalona\/wp-json\/wp\/v2\/media?parent=26651"}],"wp:term":[{"taxonomy":"category","embeddable":true,"href":"https:\/\/serveiseducatius.xtec.cat\/badalona\/wp-json\/wp\/v2\/categories?post=26651"},{"taxonomy":"post_tag","embeddable":true,"href":"https:\/\/serveiseducatius.xtec.cat\/badalona\/wp-json\/wp\/v2\/tags?post=26651"}],"curies":[{"name":"wp","href":"https:\/\/api.w.org\/{rel}","templated":true}]}}