{"id":26526,"date":"2025-11-25T08:22:22","date_gmt":"2025-11-25T07:22:22","guid":{"rendered":"https:\/\/serveiseducatius.xtec.cat\/badalona\/?p=26526"},"modified":"2025-11-25T08:22:22","modified_gmt":"2025-11-25T07:22:22","slug":"curtmetratges-per-educar-contra-la-violencia-de-genere","status":"publish","type":"post","link":"https:\/\/serveiseducatius.xtec.cat\/badalona\/portada\/curtmetratges-per-educar-contra-la-violencia-de-genere\/","title":{"rendered":"Curtmetratges per educar contra la viol\u00e8ncia de g\u00e8nere"},"content":{"rendered":"<p><img loading=\"lazy\" decoding=\"async\" class=\"wp-image-26527 alignleft\" src=\"https:\/\/serveiseducatius.xtec.cat\/badalona\/wp-content\/uploads\/usu1088\/2025\/11\/Captura-de-pantalla-2025-11-25-081602.png\" alt=\"\" width=\"490\" height=\"344\" srcset=\"https:\/\/serveiseducatius.xtec.cat\/badalona\/wp-content\/uploads\/usu1088\/2025\/11\/Captura-de-pantalla-2025-11-25-081602.png 697w, https:\/\/serveiseducatius.xtec.cat\/badalona\/wp-content\/uploads\/usu1088\/2025\/11\/Captura-de-pantalla-2025-11-25-081602-300x210.png 300w\" sizes=\"auto, (max-width: 490px) 100vw, 490px\" \/><\/p>\n<p>Cada 25 de novembre es commemora el\u00a0<strong>Dia Internacional per a l\u2019Eliminaci\u00f3 de la Viol\u00e8ncia contra les Dones<\/strong>, una data instaurada per les Nacions Unides per conscienciar sobre aquesta greu problem\u00e0tica social i promoure accions per erradicar-la. Aquesta commemoraci\u00f3 busca recordar les v\u00edctimes de viol\u00e8ncia de g\u00e8nere i posar de manifest que aquesta viol\u00e8ncia \u00e9s una\u00a0<strong>vulneraci\u00f3 dels drets humans<\/strong>\u00a0que afecta, lamentablement, milions de dones a tot el m\u00f3n. \u00c9s un moment clau per reflexionar, sensibilitzar i unir esfor\u00e7os en la lluita per una societat m\u00e9s\u00a0<strong>justa i igualit\u00e0ria.<\/strong><\/p>\n<p><strong>Educar contra la viol\u00e8ncia de g\u00e8nere\u00a0<\/strong>\u00e9s essencial per construir un futur lliure de desigualtats i agressions. L\u2019escola i l\u2019institut s\u00f3n espais privilegiats per fomentar valors com el\u00a0<strong>respecte, la igualtat i l\u2019empatia<\/strong>. Ensenyar als joves a identificar les conductes t\u00f2xiques, combatre els estereotips i recon\u00e8ixer els senyals d\u2019ab\u00fas pot ser determinant per prevenir futures situacions de viol\u00e8ncia. Per aix\u00f2, \u00e9s fonamental que aquest tema sigui part del\u00a0<strong>curr\u00edculum<\/strong>\u00a0i que es treballi de manera<strong>\u00a0transversal i activa.<\/strong><\/p>\n<p>Els\u00a0<a href=\"https:\/\/docents.cat\/curtmetratges-per-educar-contra-la-violencia-de-genere\/?utm_campaign=nati-contra-violencia-de-genere&amp;utm_medium=email&amp;utm_source=acumbamail\" target=\"_blank\" rel=\"noopener\"><strong>curtmetratges<\/strong>\u00a0<\/a>s\u00f3n una excel\u00b7lent\u00a0<strong>eina pedag\u00f2gica\u00a0<\/strong>per treballar l\u2019eliminaci\u00f3 de la viol\u00e8ncia contra les dones a l\u2019aula, promovent valors com l\u2019empatia, el respecte i la igualtat. Amb hist\u00f2ries impactants i missatges clars, aquestes peces audiovisuals poden despertar emocions i generar reflexions profundes entre l\u2019alumnat.<\/p>\n<p>El debat posterior a la projecci\u00f3 del curtmetratge es converteix en una oportunitat \u00fanica per establir espais de<strong>\u00a0di\u00e0leg significatius a l\u2019aula<\/strong>. Aquestes converses permeten abordar temes com la comprensi\u00f3 emocional, la identificaci\u00f3 de senyals d\u2019ab\u00fas, la resoluci\u00f3 de conflictes i la import\u00e0ncia de la solidaritat en la construcci\u00f3 d\u2019una societat m\u00e9s igualit\u00e0ria.<\/p>\n<p>En aquest article de la <a href=\"https:\/\/docents.cat\/curtmetratges-per-educar-contra-la-violencia-de-genere\/?utm_campaign=nati-contra-violencia-de-genere&amp;utm_medium=email&amp;utm_source=acumbamail\" target=\"_blank\" rel=\"noopener\">Nati Bergad\u00e0<\/a> trobar\u00e0s un<strong>\u00a0recull de curtmetratges\u00a0<\/strong>per treballar la viol\u00e8ncia de g\u00e8nere amb els teus alumnes. Recomano que visualitzis pr\u00e8viament els curtmetratges per assegurar-te que s\u2019ajusten a les necessitats i la maduresa del teu grup. A partir de la visualitzaci\u00f3 del curtmetratge es poden generar\u00a0<strong>converses<\/strong>\u00a0interessants a l\u2019aula.<\/p>\n<p>Esperem que us agradin.<\/p>\n","protected":false},"excerpt":{"rendered":"<p>Cada 25 de novembre es commemora el\u00a0Dia Internacional per a l\u2019Eliminaci\u00f3 de la Viol\u00e8ncia contra les Dones, una data instaurada [&hellip;]<\/p>\n","protected":false},"author":15,"featured_media":26527,"comment_status":"closed","ping_status":"open","sticky":false,"template":"","format":"standard","meta":{"_bbp_topic_count":0,"_bbp_reply_count":0,"_bbp_total_topic_count":0,"_bbp_total_reply_count":0,"_bbp_voice_count":0,"_bbp_anonymous_reply_count":0,"_bbp_topic_count_hidden":0,"_bbp_reply_count_hidden":0,"_bbp_forum_subforum_count":0,"site-sidebar-layout":"default","site-content-layout":"","ast-site-content-layout":"default","site-content-style":"default","site-sidebar-style":"default","ast-global-header-display":"","ast-banner-title-visibility":"","ast-main-header-display":"","ast-hfb-above-header-display":"","ast-hfb-below-header-display":"","ast-hfb-mobile-header-display":"","site-post-title":"","ast-breadcrumbs-content":"","ast-featured-img":"","footer-sml-layout":"","theme-transparent-header-meta":"default","adv-header-id-meta":"","stick-header-meta":"","header-above-stick-meta":"","header-main-stick-meta":"","header-below-stick-meta":"","astra-migrate-meta-layouts":"set","ast-page-background-enabled":"default","ast-page-background-meta":{"desktop":{"background-color":"var(--ast-global-color-4)","background-image":"","background-repeat":"repeat","background-position":"center center","background-size":"auto","background-attachment":"scroll","background-type":"","background-media":"","overlay-type":"","overlay-color":"","overlay-opacity":"","overlay-gradient":""},"tablet":{"background-color":"","background-image":"","background-repeat":"repeat","background-position":"center center","background-size":"auto","background-attachment":"scroll","background-type":"","background-media":"","overlay-type":"","overlay-color":"","overlay-opacity":"","overlay-gradient":""},"mobile":{"background-color":"","background-image":"","background-repeat":"repeat","background-position":"center center","background-size":"auto","background-attachment":"scroll","background-type":"","background-media":"","overlay-type":"","overlay-color":"","overlay-opacity":"","overlay-gradient":""}},"ast-content-background-meta":{"desktop":{"background-color":"var(--ast-global-color-5)","background-image":"","background-repeat":"repeat","background-position":"center center","background-size":"auto","background-attachment":"scroll","background-type":"","background-media":"","overlay-type":"","overlay-color":"","overlay-opacity":"","overlay-gradient":""},"tablet":{"background-color":"var(--ast-global-color-5)","background-image":"","background-repeat":"repeat","background-position":"center center","background-size":"auto","background-attachment":"scroll","background-type":"","background-media":"","overlay-type":"","overlay-color":"","overlay-opacity":"","overlay-gradient":""},"mobile":{"background-color":"var(--ast-global-color-5)","background-image":"","background-repeat":"repeat","background-position":"center center","background-size":"auto","background-attachment":"scroll","background-type":"","background-media":"","overlay-type":"","overlay-color":"","overlay-opacity":"","overlay-gradient":""}},"footnotes":""},"categories":[1450,29,76],"tags":[1852,2180],"class_list":["post-26526","post","type-post","status-publish","format-standard","has-post-thumbnail","hentry","category-coeducacio-perspectiva-de-genere-i-educacio-afectiva-sexual","category-portada","category-recursos","tag-25n","tag-dia-internacional-per-a-lerradicacio-de-la-violencia-envers-les-dones"],"post_mailing_queue_ids":[],"_links":{"self":[{"href":"https:\/\/serveiseducatius.xtec.cat\/badalona\/wp-json\/wp\/v2\/posts\/26526","targetHints":{"allow":["GET"]}}],"collection":[{"href":"https:\/\/serveiseducatius.xtec.cat\/badalona\/wp-json\/wp\/v2\/posts"}],"about":[{"href":"https:\/\/serveiseducatius.xtec.cat\/badalona\/wp-json\/wp\/v2\/types\/post"}],"author":[{"embeddable":true,"href":"https:\/\/serveiseducatius.xtec.cat\/badalona\/wp-json\/wp\/v2\/users\/15"}],"replies":[{"embeddable":true,"href":"https:\/\/serveiseducatius.xtec.cat\/badalona\/wp-json\/wp\/v2\/comments?post=26526"}],"version-history":[{"count":2,"href":"https:\/\/serveiseducatius.xtec.cat\/badalona\/wp-json\/wp\/v2\/posts\/26526\/revisions"}],"predecessor-version":[{"id":26529,"href":"https:\/\/serveiseducatius.xtec.cat\/badalona\/wp-json\/wp\/v2\/posts\/26526\/revisions\/26529"}],"wp:featuredmedia":[{"embeddable":true,"href":"https:\/\/serveiseducatius.xtec.cat\/badalona\/wp-json\/wp\/v2\/media\/26527"}],"wp:attachment":[{"href":"https:\/\/serveiseducatius.xtec.cat\/badalona\/wp-json\/wp\/v2\/media?parent=26526"}],"wp:term":[{"taxonomy":"category","embeddable":true,"href":"https:\/\/serveiseducatius.xtec.cat\/badalona\/wp-json\/wp\/v2\/categories?post=26526"},{"taxonomy":"post_tag","embeddable":true,"href":"https:\/\/serveiseducatius.xtec.cat\/badalona\/wp-json\/wp\/v2\/tags?post=26526"}],"curies":[{"name":"wp","href":"https:\/\/api.w.org\/{rel}","templated":true}]}}