{"id":26484,"date":"2025-11-20T10:38:21","date_gmt":"2025-11-20T09:38:21","guid":{"rendered":"https:\/\/serveiseducatius.xtec.cat\/badalona\/?p=26484"},"modified":"2025-11-20T10:38:21","modified_gmt":"2025-11-20T09:38:21","slug":"convocatoria-de-reconeixement-de-practiques-educatives-de-referencia-projectes-i-iniciatives-dinnovacio-orientades-a-la-millora-dels-resultats-educatius-als-centres-sostinguts-amb-fons-publi","status":"publish","type":"post","link":"https:\/\/serveiseducatius.xtec.cat\/badalona\/general\/convocatoria-de-reconeixement-de-practiques-educatives-de-referencia-projectes-i-iniciatives-dinnovacio-orientades-a-la-millora-dels-resultats-educatius-als-centres-sostinguts-amb-fons-publi\/","title":{"rendered":"Convocat\u00f2ria de reconeixement de pr\u00e0ctiques educatives de refer\u00e8ncia, projectes i iniciatives d\u2019innovaci\u00f3 orientades a la millora dels resultats educatius als centres sostinguts amb fons p\u00fablics de Catalunya"},"content":{"rendered":"<div><i>Us recordem que continua obert el termini per presentar propostes a la convocat\u00f2ria de reconeixement de pr\u00e0ctiques educatives de refer\u00e8ncia, projectes i iniciatives d\u2019innovaci\u00f3 orientades a la millora dels resultats educatius als centres sostinguts amb fons p\u00fablics de Catalunya.<\/i><\/div>\n<div>\n<p><i>\u00c9s una bona oportunitat per donar visibilitat a les experi\u00e8ncies i projectes que ja esteu duent a terme als vostres centres i que contribueixen a la qualitat i la innovaci\u00f3 educativa.<\/i><\/p>\n<p><strong><i>Dates clau:<\/i><\/strong><\/p>\n<ul>\n<li><i><b><a id=\"m_6773259646906491709m_-7345809754803119269m_1848424520162634312OWAbcaf4ac0-4f62-9c56-9518-c5e2a6702fdf\" href=\"https:\/\/espai.educacio.gencat.cat\/Centres\/Innovacio-pedagogica\/Reconeixement-practiques-educatives\/Pagines\/default.aspx\" target=\"_blank\" rel=\"noopener\" data-saferedirecturl=\"https:\/\/www.google.com\/url?q=https:\/\/espai.educacio.gencat.cat\/Centres\/Innovacio-pedagogica\/Reconeixement-practiques-educatives\/Pagines\/default.aspx&amp;source=gmail&amp;ust=1763713392822000&amp;usg=AOvVaw1_M6elaDYWfHVC_NIgTBw3\">Pr\u00e0ctiques educatives de refer\u00e8ncia<\/a><\/b><b>:<\/b>\u00a0fins al\u00a0<b>30 de novembre de 2025<\/b><\/i><\/li>\n<li><i><b><a id=\"m_6773259646906491709m_-7345809754803119269m_1848424520162634312OWA585f987b-e0b9-7568-3e21-6017726aff0f\" href=\"https:\/\/espai.educacio.gencat.cat\/Centres\/Innovacio-pedagogica\/Suport-Innovacio\/iniciatives\/Pagines\/default.aspx\" target=\"_blank\" rel=\"noopener\" data-saferedirecturl=\"https:\/\/www.google.com\/url?q=https:\/\/espai.educacio.gencat.cat\/Centres\/Innovacio-pedagogica\/Suport-Innovacio\/iniciatives\/Pagines\/default.aspx&amp;source=gmail&amp;ust=1763713392822000&amp;usg=AOvVaw3fceawg9pJG5t_sz4F-_Ia\">Iniciatives d\u2019innovaci\u00f3 educativa<\/a><\/b><b>:<\/b>\u00a0fins al\u00a0<b>10 de desembre de 2025<\/b><\/i><\/li>\n<li><i><b><a id=\"m_6773259646906491709m_-7345809754803119269m_1848424520162634312OWAa9517f1b-e472-eb67-1551-44331253c2f3\" href=\"https:\/\/espai.educacio.gencat.cat\/Centres\/Innovacio-pedagogica\/Reconeixement-projectes-innovacio\/Pagines\/default.aspx\" target=\"_blank\" rel=\"noopener\" data-saferedirecturl=\"https:\/\/www.google.com\/url?q=https:\/\/espai.educacio.gencat.cat\/Centres\/Innovacio-pedagogica\/Reconeixement-projectes-innovacio\/Pagines\/default.aspx&amp;source=gmail&amp;ust=1763713392822000&amp;usg=AOvVaw3tLqCsQzWDjnmVFurjOlQf\">Projectes d\u2019innovaci\u00f3 educativa<\/a><\/b><b>:<\/b>\u00a0fins al\u00a0<b>15 de gener de 2026<\/b><\/i><\/li>\n<\/ul>\n<p><i>Us animem a participar-hi i a compartir les vostres bones pr\u00e0ctiques!<\/i><\/p>\n<p><img loading=\"lazy\" decoding=\"async\" class=\"aligncenter wp-image-26485 size-full\" src=\"https:\/\/serveiseducatius.xtec.cat\/badalona\/wp-content\/uploads\/usu1088\/2025\/11\/F3InnovacEmpleo-1.png\" alt=\"\" width=\"300\" height=\"205\" \/><\/p>\n<\/div>\n","protected":false},"excerpt":{"rendered":"<p>Us recordem que continua obert el termini per presentar propostes a la convocat\u00f2ria de reconeixement de pr\u00e0ctiques educatives de refer\u00e8ncia, [&hellip;]<\/p>\n","protected":false},"author":51,"featured_media":26485,"comment_status":"closed","ping_status":"open","sticky":false,"template":"","format":"standard","meta":{"_bbp_topic_count":0,"_bbp_reply_count":0,"_bbp_total_topic_count":0,"_bbp_total_reply_count":0,"_bbp_voice_count":0,"_bbp_anonymous_reply_count":0,"_bbp_topic_count_hidden":0,"_bbp_reply_count_hidden":0,"_bbp_forum_subforum_count":0,"site-sidebar-layout":"default","site-content-layout":"","ast-site-content-layout":"default","site-content-style":"default","site-sidebar-style":"default","ast-global-header-display":"","ast-banner-title-visibility":"","ast-main-header-display":"","ast-hfb-above-header-display":"","ast-hfb-below-header-display":"","ast-hfb-mobile-header-display":"","site-post-title":"","ast-breadcrumbs-content":"","ast-featured-img":"","footer-sml-layout":"","theme-transparent-header-meta":"default","adv-header-id-meta":"","stick-header-meta":"","header-above-stick-meta":"","header-main-stick-meta":"","header-below-stick-meta":"","astra-migrate-meta-layouts":"set","ast-page-background-enabled":"default","ast-page-background-meta":{"desktop":{"background-color":"var(--ast-global-color-4)","background-image":"","background-repeat":"repeat","background-position":"center center","background-size":"auto","background-attachment":"scroll","background-type":"","background-media":"","overlay-type":"","overlay-color":"","overlay-opacity":"","overlay-gradient":""},"tablet":{"background-color":"","background-image":"","background-repeat":"repeat","background-position":"center center","background-size":"auto","background-attachment":"scroll","background-type":"","background-media":"","overlay-type":"","overlay-color":"","overlay-opacity":"","overlay-gradient":""},"mobile":{"background-color":"","background-image":"","background-repeat":"repeat","background-position":"center center","background-size":"auto","background-attachment":"scroll","background-type":"","background-media":"","overlay-type":"","overlay-color":"","overlay-opacity":"","overlay-gradient":""}},"ast-content-background-meta":{"desktop":{"background-color":"var(--ast-global-color-5)","background-image":"","background-repeat":"repeat","background-position":"center center","background-size":"auto","background-attachment":"scroll","background-type":"","background-media":"","overlay-type":"","overlay-color":"","overlay-opacity":"","overlay-gradient":""},"tablet":{"background-color":"var(--ast-global-color-5)","background-image":"","background-repeat":"repeat","background-position":"center center","background-size":"auto","background-attachment":"scroll","background-type":"","background-media":"","overlay-type":"","overlay-color":"","overlay-opacity":"","overlay-gradient":""},"mobile":{"background-color":"var(--ast-global-color-5)","background-image":"","background-repeat":"repeat","background-position":"center center","background-size":"auto","background-attachment":"scroll","background-type":"","background-media":"","overlay-type":"","overlay-color":"","overlay-opacity":"","overlay-gradient":""}},"footnotes":""},"categories":[64,1,29],"tags":[341],"class_list":["post-26484","post","type-post","status-publish","format-standard","has-post-thumbnail","hentry","category-comunitat","category-general","category-portada","tag-innovacio"],"post_mailing_queue_ids":[],"_links":{"self":[{"href":"https:\/\/serveiseducatius.xtec.cat\/badalona\/wp-json\/wp\/v2\/posts\/26484","targetHints":{"allow":["GET"]}}],"collection":[{"href":"https:\/\/serveiseducatius.xtec.cat\/badalona\/wp-json\/wp\/v2\/posts"}],"about":[{"href":"https:\/\/serveiseducatius.xtec.cat\/badalona\/wp-json\/wp\/v2\/types\/post"}],"author":[{"embeddable":true,"href":"https:\/\/serveiseducatius.xtec.cat\/badalona\/wp-json\/wp\/v2\/users\/51"}],"replies":[{"embeddable":true,"href":"https:\/\/serveiseducatius.xtec.cat\/badalona\/wp-json\/wp\/v2\/comments?post=26484"}],"version-history":[{"count":2,"href":"https:\/\/serveiseducatius.xtec.cat\/badalona\/wp-json\/wp\/v2\/posts\/26484\/revisions"}],"predecessor-version":[{"id":26487,"href":"https:\/\/serveiseducatius.xtec.cat\/badalona\/wp-json\/wp\/v2\/posts\/26484\/revisions\/26487"}],"wp:featuredmedia":[{"embeddable":true,"href":"https:\/\/serveiseducatius.xtec.cat\/badalona\/wp-json\/wp\/v2\/media\/26485"}],"wp:attachment":[{"href":"https:\/\/serveiseducatius.xtec.cat\/badalona\/wp-json\/wp\/v2\/media?parent=26484"}],"wp:term":[{"taxonomy":"category","embeddable":true,"href":"https:\/\/serveiseducatius.xtec.cat\/badalona\/wp-json\/wp\/v2\/categories?post=26484"},{"taxonomy":"post_tag","embeddable":true,"href":"https:\/\/serveiseducatius.xtec.cat\/badalona\/wp-json\/wp\/v2\/tags?post=26484"}],"curies":[{"name":"wp","href":"https:\/\/api.w.org\/{rel}","templated":true}]}}