{"id":26387,"date":"2025-11-13T08:06:50","date_gmt":"2025-11-13T07:06:50","guid":{"rendered":"https:\/\/serveiseducatius.xtec.cat\/badalona\/?p=26387"},"modified":"2025-11-13T08:06:50","modified_gmt":"2025-11-13T07:06:50","slug":"open-house-coneix-de-prop-el-campus-can-ruti","status":"publish","type":"post","link":"https:\/\/serveiseducatius.xtec.cat\/badalona\/general\/open-house-coneix-de-prop-el-campus-can-ruti\/","title":{"rendered":"Open House, coneix de prop el Campus Can Ruti"},"content":{"rendered":"<p>&nbsp;<\/p>\n<p><img loading=\"lazy\" decoding=\"async\" class=\"wp-image-26389 alignnone\" src=\"https:\/\/serveiseducatius.xtec.cat\/badalona\/wp-content\/uploads\/usu1088\/2025\/11\/Captura-de-pantalla-2025-11-13-075555.png\" alt=\"\" width=\"490\" height=\"557\" srcset=\"https:\/\/serveiseducatius.xtec.cat\/badalona\/wp-content\/uploads\/usu1088\/2025\/11\/Captura-de-pantalla-2025-11-13-075555.png 681w, https:\/\/serveiseducatius.xtec.cat\/badalona\/wp-content\/uploads\/usu1088\/2025\/11\/Captura-de-pantalla-2025-11-13-075555-264x300.png 264w\" sizes=\"auto, (max-width: 490px) 100vw, 490px\" \/><\/p>\n<p>El mat\u00ed del 13 de novembre, 155 estudiants de 6 centres de secund\u00e0ria\u00a0 de Badalona visitaran 12\u00a0 centres de recerca del Campus Can Ruti. Aquesta activitat s\u2019emmarca dins de la <strong>30a Setmana de la Ci\u00e8ncia<\/strong> i est\u00e0 organitzada per l&#8217;Institut de Recerca Germans Trias i Pujol (IGTP) juntament amb el Servei Educatiu-CRP Ciutat de Badalona, el Servei d&#8217;Educaci\u00f3 de\u00a0 l&#8217;Ajuntament de Badalona, l&#8217;Escola de Natura i Escola del Mar del Servei de Media Ambient de l&#8217;Ajuntament de Badalona.\u00a0<\/p>\n<p>Durant la Jornada hi haur\u00e0 dues confer\u00e8ncies a c\u00e0rrec de l&#8217;equip de l&#8217;Institut de Recerca Germans Trias i Pujol i joves investigadors de Can Ruti.<br \/>\nEsperem que aquesta visita sigui una experi\u00e8ncia enriquidora i inspiradora per als futurs cient\u00edfics!<\/p>\n","protected":false},"excerpt":{"rendered":"<p>&nbsp; El mat\u00ed del 13 de novembre, 155 estudiants de 6 centres de secund\u00e0ria\u00a0 de Badalona visitaran 12\u00a0 centres de [&hellip;]<\/p>\n","protected":false},"author":15,"featured_media":26388,"comment_status":"closed","ping_status":"open","sticky":false,"template":"","format":"standard","meta":{"_bbp_topic_count":0,"_bbp_reply_count":0,"_bbp_total_topic_count":0,"_bbp_total_reply_count":0,"_bbp_voice_count":0,"_bbp_anonymous_reply_count":0,"_bbp_topic_count_hidden":0,"_bbp_reply_count_hidden":0,"_bbp_forum_subforum_count":0,"site-sidebar-layout":"default","site-content-layout":"","ast-site-content-layout":"default","site-content-style":"default","site-sidebar-style":"default","ast-global-header-display":"","ast-banner-title-visibility":"","ast-main-header-display":"","ast-hfb-above-header-display":"","ast-hfb-below-header-display":"","ast-hfb-mobile-header-display":"","site-post-title":"","ast-breadcrumbs-content":"","ast-featured-img":"","footer-sml-layout":"","theme-transparent-header-meta":"default","adv-header-id-meta":"","stick-header-meta":"","header-above-stick-meta":"","header-main-stick-meta":"","header-below-stick-meta":"","astra-migrate-meta-layouts":"set","ast-page-background-enabled":"default","ast-page-background-meta":{"desktop":{"background-color":"var(--ast-global-color-4)","background-image":"","background-repeat":"repeat","background-position":"center center","background-size":"auto","background-attachment":"scroll","background-type":"","background-media":"","overlay-type":"","overlay-color":"","overlay-opacity":"","overlay-gradient":""},"tablet":{"background-color":"","background-image":"","background-repeat":"repeat","background-position":"center center","background-size":"auto","background-attachment":"scroll","background-type":"","background-media":"","overlay-type":"","overlay-color":"","overlay-opacity":"","overlay-gradient":""},"mobile":{"background-color":"","background-image":"","background-repeat":"repeat","background-position":"center center","background-size":"auto","background-attachment":"scroll","background-type":"","background-media":"","overlay-type":"","overlay-color":"","overlay-opacity":"","overlay-gradient":""}},"ast-content-background-meta":{"desktop":{"background-color":"var(--ast-global-color-5)","background-image":"","background-repeat":"repeat","background-position":"center center","background-size":"auto","background-attachment":"scroll","background-type":"","background-media":"","overlay-type":"","overlay-color":"","overlay-opacity":"","overlay-gradient":""},"tablet":{"background-color":"var(--ast-global-color-5)","background-image":"","background-repeat":"repeat","background-position":"center center","background-size":"auto","background-attachment":"scroll","background-type":"","background-media":"","overlay-type":"","overlay-color":"","overlay-opacity":"","overlay-gradient":""},"mobile":{"background-color":"var(--ast-global-color-5)","background-image":"","background-repeat":"repeat","background-position":"center center","background-size":"auto","background-attachment":"scroll","background-type":"","background-media":"","overlay-type":"","overlay-color":"","overlay-opacity":"","overlay-gradient":""}},"footnotes":""},"categories":[64,66,1,29],"tags":[2165],"class_list":["post-26387","post","type-post","status-publish","format-standard","has-post-thumbnail","hentry","category-comunitat","category-dinamitzacio","category-general","category-portada","tag-open-house-campus-can-ruti"],"post_mailing_queue_ids":[],"_links":{"self":[{"href":"https:\/\/serveiseducatius.xtec.cat\/badalona\/wp-json\/wp\/v2\/posts\/26387","targetHints":{"allow":["GET"]}}],"collection":[{"href":"https:\/\/serveiseducatius.xtec.cat\/badalona\/wp-json\/wp\/v2\/posts"}],"about":[{"href":"https:\/\/serveiseducatius.xtec.cat\/badalona\/wp-json\/wp\/v2\/types\/post"}],"author":[{"embeddable":true,"href":"https:\/\/serveiseducatius.xtec.cat\/badalona\/wp-json\/wp\/v2\/users\/15"}],"replies":[{"embeddable":true,"href":"https:\/\/serveiseducatius.xtec.cat\/badalona\/wp-json\/wp\/v2\/comments?post=26387"}],"version-history":[{"count":1,"href":"https:\/\/serveiseducatius.xtec.cat\/badalona\/wp-json\/wp\/v2\/posts\/26387\/revisions"}],"predecessor-version":[{"id":26390,"href":"https:\/\/serveiseducatius.xtec.cat\/badalona\/wp-json\/wp\/v2\/posts\/26387\/revisions\/26390"}],"wp:featuredmedia":[{"embeddable":true,"href":"https:\/\/serveiseducatius.xtec.cat\/badalona\/wp-json\/wp\/v2\/media\/26388"}],"wp:attachment":[{"href":"https:\/\/serveiseducatius.xtec.cat\/badalona\/wp-json\/wp\/v2\/media?parent=26387"}],"wp:term":[{"taxonomy":"category","embeddable":true,"href":"https:\/\/serveiseducatius.xtec.cat\/badalona\/wp-json\/wp\/v2\/categories?post=26387"},{"taxonomy":"post_tag","embeddable":true,"href":"https:\/\/serveiseducatius.xtec.cat\/badalona\/wp-json\/wp\/v2\/tags?post=26387"}],"curies":[{"name":"wp","href":"https:\/\/api.w.org\/{rel}","templated":true}]}}