{"id":26121,"date":"2025-10-27T12:57:54","date_gmt":"2025-10-27T11:57:54","guid":{"rendered":"https:\/\/serveiseducatius.xtec.cat\/badalona\/?p=26121"},"modified":"2025-10-24T12:54:33","modified_gmt":"2025-10-24T10:54:33","slug":"xxvii-jornada-matematica-abeam-si-pero-com-avaluem","status":"publish","type":"post","link":"https:\/\/serveiseducatius.xtec.cat\/badalona\/portada\/xxvii-jornada-matematica-abeam-si-pero-com-avaluem\/","title":{"rendered":"XXVII Jornada Matem\u00e0tica ABEAM: \u201cS\u00ed, per\u00f2\u2026..com avaluem?"},"content":{"rendered":"<p><img loading=\"lazy\" decoding=\"async\" class=\"size-full wp-image-26122 alignleft\" src=\"https:\/\/serveiseducatius.xtec.cat\/badalona\/wp-content\/uploads\/usu1088\/2025\/10\/image-e1761217879883.png\" alt=\"\" width=\"300\" height=\"293\" \/><\/p>\n<p dir=\"ltr\">El pr\u00f2xim\u00a0dissabte<strong> 8 de novembre de 8,45 h\u00a0<span class=\"il\">a<\/span>\u00a018h<\/strong>\u00a0celebrarem la <strong>XXVII Jornada\u00a0<span class=\"il\">ABEAM<\/span><\/strong>\u00a0<span class=\"il\">a<\/span>\u00a0la Facultat de Matem\u00e0tiques i Estad\u00edstica de la UPC de Barcelona. Trobareu tota la informaci\u00f3 m\u00e9s detallada de tots els tallers i comunicacions\u00a0<span class=\"il\">a<\/span>\u00a0la nostra web:\u00a0<a href=\"https:\/\/abeam.feemcat.org\/web\/portada\/xxvii-jornada-matematica-abeam\/\" target=\"_blank\" rel=\"noopener\" data-saferedirecturl=\"https:\/\/www.google.com\/url?q=https:\/\/abeam.feemcat.org\/web\/portada\/xxvii-jornada-matematica-abeam\/&amp;source=gmail&amp;ust=1761304341613000&amp;usg=AOvVaw1f2OkRH604MwuS4G4hnniR\">https:\/\/<span class=\"il\">abeam<\/span>.feemcat.org\/web\/<wbr \/>portada\/xxvii-jornada-<wbr \/>matematica-<span class=\"il\">abeam<\/span>\/<\/a>\u00a0.\u00a0<\/p>\n<p dir=\"ltr\">Hem pensat propostes des d\u2019infantil fins\u00a0<span class=\"il\">a<\/span>\u00a0batxillerat i transversals per\u00a0<span class=\"il\">a<\/span>\u00a0totes les etapes, de manera que de forma paral\u00b7lela sempre podreu escollir alguna que s&#8217;adapti al vostre nivell o inter\u00e8s. Tamb\u00e9 volem acollir\u00a0<span class=\"il\">a<\/span>\u00a0tots aquells estudiants de grau en educaci\u00f3 o matem\u00e0tiques i m\u00e0ster d&#8217;educaci\u00f3 matem\u00e0tica, ja que sou la plataforma futura.<\/p>\n<p dir=\"ltr\">Per participar en la jornada, heu d\u2019omplir el<a href=\"https:\/\/abeam.feemcat.org\/web\/formaluri-inscripcio-xxvii-jornada-abeam-2\/\" target=\"_blank\" rel=\"noopener\" data-saferedirecturl=\"https:\/\/www.google.com\/url?q=https:\/\/abeam.feemcat.org\/web\/formaluri-inscripcio-xxvii-jornada-abeam-2\/&amp;source=gmail&amp;ust=1761304341613000&amp;usg=AOvVaw1Mpe3Q0RBk7ryGsPJjoGXj\">\u00a0<span style=\"color: #0000ff;\">formulari<\/span><\/a><span style=\"color: #0000ff;\">\u00a0<\/span>i aix\u00ed, tenir acc\u00e9s com\u00a0<span class=\"il\">a<\/span>\u00a0usuari\u00a0<span class=\"il\">a<\/span>\u00a0aquesta web i fer les futures reserves.\u00a0El per\u00edode d\u2019inscripci\u00f3 s\u2019obrir\u00e0, dijous 16 d\u2019octubre.\u00a0Una vegada us inscriviu, rebreu un mail amb un usuari i contrasenya confirmant que hem rebut la sol\u00b7licitud d\u2019inscripci\u00f3. Uns dies abans de la jornada rebreu un nou formulari per reserves de comunicacions i tallers.<\/p>\n<p dir=\"ltr\">La inscripci\u00f3, com cada any, \u00e9s gratu\u00efta per\u00a0<span class=\"il\">a<\/span>\u00a0les persones associades (o, com\u00a0<span class=\"il\">a<\/span>\u00a0m\u00e0xim, per\u00a0<span class=\"il\">a<\/span>\u00a0dos docents dels centres associats)\u00a0<span class=\"il\">a<\/span>\u00a0<span class=\"il\">ABEAM<\/span>, FEEMCAT, SCM, SEMCV, SBMXEIX, FESPM. Per als estudiants de grau en educaci\u00f3 o matem\u00e0tiques i per als del m\u00e0ster d\u2019educaci\u00f3 matem\u00e0tica hi ha una tarifa redu\u00efda de 5\u20ac. Altrament, la inscripci\u00f3 t\u00e9 un preu de 20\u20ac, que s\u2019haur\u00e0 d\u2019abonar amb targeta en el moment de fer la inscripci\u00f3. Aquest import \u00e9s acumulable com\u00a0<span class=\"il\">a<\/span>\u00a0quota del 2026 d\u2019<span class=\"il\">ABEAM<\/span>\u00a0(40\u20ac individual, 60\u20ac centre), si s\u2019opta per associar-se.<\/p>\n<p dir=\"ltr\">Els i les\u00a0 docents poden demanar la\u00a0certificaci\u00f3 d\u2019assist\u00e8ncia\u00a0<span class=\"il\">a<\/span>\u00a0la jornada\u00a0<span class=\"il\">a<\/span>\u00a0\u00a0<a href=\"https:\/\/aplicacions.gestioeducativa.gencat.cat\/ords\/pls\/soloas\/pk_for_mod_ins.p_for_detall_activitat?p_codi=9003260532&amp;p_curs=2025-2026&amp;p_es_inscr=S\" target=\"_blank\" rel=\"noopener\" data-saferedirecturl=\"https:\/\/www.google.com\/url?q=https:\/\/aplicacions.gestioeducativa.gencat.cat\/ords\/pls\/soloas\/pk_for_mod_ins.p_for_detall_activitat?p_codi%3D9003260532%26p_curs%3D2025-2026%26p_es_inscr%3DS&amp;source=gmail&amp;ust=1761304341613000&amp;usg=AOvVaw0fC1llaMidnEKNz-djoeoG\">XTEC<\/a>. Si ets estudiant, recorda portar el carnet d&#8217;estudiant per\u00a0<span class=\"il\">a<\/span>\u00a0les acreditacions.<\/p>\n<p dir=\"ltr\">Si voleu fer la<a href=\"https:\/\/docs.google.com\/forms\/d\/e\/1FAIpQLSfQeKxnsQR_EK11uDJCIqoOIXOHuFXHXUsHV0A4xaNV_l-1Ug\/viewform?usp=header\" target=\"_blank\" rel=\"noopener\" data-saferedirecturl=\"https:\/\/www.google.com\/url?q=https:\/\/docs.google.com\/forms\/d\/e\/1FAIpQLSfQeKxnsQR_EK11uDJCIqoOIXOHuFXHXUsHV0A4xaNV_l-1Ug\/viewform?usp%3Dheader&amp;source=gmail&amp;ust=1761304341613000&amp;usg=AOvVaw30rtpSBRqeRYHXZKBATvjs\">\u00a0reserva del dinar<\/a>, haureu de fer el formulari tot afegint el corresponent justificant de pagament.<\/p>\n<p>La\u00a0<strong>XXVII Jornada did\u00e0ctica d\u2019ABEAM<\/strong>\u00a0porta el t\u00edtol\u00a0<strong>S\u00ed, per\u00f2\u2026 com avaluem?<\/strong>\u00a0i tindr\u00e0 com a objectiu reflexionar sobre com a docents dissenyem i duem a terme l\u2019avaluaci\u00f3 perqu\u00e8 sigui realment \u00fatil per a l\u2019aprenentatge.<\/p>\n<p>Les pon\u00e8ncies, comunicacions i tallers donaran idees per fomentar una avaluaci\u00f3 que ajudi a crear un ambient de classe segur, on l\u2019alumnat entengui l\u2019error com una oportunitat per aprendre; per implicar l\u2019alumnat en el seguiment i millora dels seus aprenentatges; per utilitzar instruments i estrat\u00e8gies d\u2019avaluaci\u00f3 variades que permetin recollir evid\u00e8ncies de manera rica i significativa; per afavorir una avaluaci\u00f3 que no generi bloquejos, sin\u00f3 que orienti i motivi; i per aconseguir que tot l\u2019alumnat experimenti el seu petit \u00e8xit matem\u00e0tic.<\/p>\n","protected":false},"excerpt":{"rendered":"<p>El pr\u00f2xim\u00a0dissabte 8 de novembre de 8,45 h\u00a0a\u00a018h\u00a0celebrarem la XXVII Jornada\u00a0ABEAM\u00a0a\u00a0la Facultat de Matem\u00e0tiques i Estad\u00edstica de la UPC de [&hellip;]<\/p>\n","protected":false},"author":15,"featured_media":26122,"comment_status":"closed","ping_status":"open","sticky":false,"template":"","format":"standard","meta":{"_bbp_topic_count":0,"_bbp_reply_count":0,"_bbp_total_topic_count":0,"_bbp_total_reply_count":0,"_bbp_voice_count":0,"_bbp_anonymous_reply_count":0,"_bbp_topic_count_hidden":0,"_bbp_reply_count_hidden":0,"_bbp_forum_subforum_count":0,"site-sidebar-layout":"default","site-content-layout":"","ast-site-content-layout":"default","site-content-style":"default","site-sidebar-style":"default","ast-global-header-display":"","ast-banner-title-visibility":"","ast-main-header-display":"","ast-hfb-above-header-display":"","ast-hfb-below-header-display":"","ast-hfb-mobile-header-display":"","site-post-title":"","ast-breadcrumbs-content":"","ast-featured-img":"","footer-sml-layout":"","theme-transparent-header-meta":"default","adv-header-id-meta":"","stick-header-meta":"","header-above-stick-meta":"","header-main-stick-meta":"","header-below-stick-meta":"","astra-migrate-meta-layouts":"set","ast-page-background-enabled":"default","ast-page-background-meta":{"desktop":{"background-color":"var(--ast-global-color-4)","background-image":"","background-repeat":"repeat","background-position":"center center","background-size":"auto","background-attachment":"scroll","background-type":"","background-media":"","overlay-type":"","overlay-color":"","overlay-opacity":"","overlay-gradient":""},"tablet":{"background-color":"","background-image":"","background-repeat":"repeat","background-position":"center center","background-size":"auto","background-attachment":"scroll","background-type":"","background-media":"","overlay-type":"","overlay-color":"","overlay-opacity":"","overlay-gradient":""},"mobile":{"background-color":"","background-image":"","background-repeat":"repeat","background-position":"center center","background-size":"auto","background-attachment":"scroll","background-type":"","background-media":"","overlay-type":"","overlay-color":"","overlay-opacity":"","overlay-gradient":""}},"ast-content-background-meta":{"desktop":{"background-color":"var(--ast-global-color-5)","background-image":"","background-repeat":"repeat","background-position":"center center","background-size":"auto","background-attachment":"scroll","background-type":"","background-media":"","overlay-type":"","overlay-color":"","overlay-opacity":"","overlay-gradient":""},"tablet":{"background-color":"var(--ast-global-color-5)","background-image":"","background-repeat":"repeat","background-position":"center center","background-size":"auto","background-attachment":"scroll","background-type":"","background-media":"","overlay-type":"","overlay-color":"","overlay-opacity":"","overlay-gradient":""},"mobile":{"background-color":"var(--ast-global-color-5)","background-image":"","background-repeat":"repeat","background-position":"center center","background-size":"auto","background-attachment":"scroll","background-type":"","background-media":"","overlay-type":"","overlay-color":"","overlay-opacity":"","overlay-gradient":""}},"footnotes":""},"categories":[1540,29],"tags":[41],"class_list":["post-26121","post","type-post","status-publish","format-standard","has-post-thumbnail","hentry","category-oferta-daltres-institucions","category-portada","tag-matematiques"],"post_mailing_queue_ids":[],"_links":{"self":[{"href":"https:\/\/serveiseducatius.xtec.cat\/badalona\/wp-json\/wp\/v2\/posts\/26121","targetHints":{"allow":["GET"]}}],"collection":[{"href":"https:\/\/serveiseducatius.xtec.cat\/badalona\/wp-json\/wp\/v2\/posts"}],"about":[{"href":"https:\/\/serveiseducatius.xtec.cat\/badalona\/wp-json\/wp\/v2\/types\/post"}],"author":[{"embeddable":true,"href":"https:\/\/serveiseducatius.xtec.cat\/badalona\/wp-json\/wp\/v2\/users\/15"}],"replies":[{"embeddable":true,"href":"https:\/\/serveiseducatius.xtec.cat\/badalona\/wp-json\/wp\/v2\/comments?post=26121"}],"version-history":[{"count":2,"href":"https:\/\/serveiseducatius.xtec.cat\/badalona\/wp-json\/wp\/v2\/posts\/26121\/revisions"}],"predecessor-version":[{"id":26124,"href":"https:\/\/serveiseducatius.xtec.cat\/badalona\/wp-json\/wp\/v2\/posts\/26121\/revisions\/26124"}],"wp:featuredmedia":[{"embeddable":true,"href":"https:\/\/serveiseducatius.xtec.cat\/badalona\/wp-json\/wp\/v2\/media\/26122"}],"wp:attachment":[{"href":"https:\/\/serveiseducatius.xtec.cat\/badalona\/wp-json\/wp\/v2\/media?parent=26121"}],"wp:term":[{"taxonomy":"category","embeddable":true,"href":"https:\/\/serveiseducatius.xtec.cat\/badalona\/wp-json\/wp\/v2\/categories?post=26121"},{"taxonomy":"post_tag","embeddable":true,"href":"https:\/\/serveiseducatius.xtec.cat\/badalona\/wp-json\/wp\/v2\/tags?post=26121"}],"curies":[{"name":"wp","href":"https:\/\/api.w.org\/{rel}","templated":true}]}}