{"id":25981,"date":"2025-10-09T08:30:56","date_gmt":"2025-10-09T06:30:56","guid":{"rendered":"https:\/\/serveiseducatius.xtec.cat\/badalona\/?p=25981"},"modified":"2025-10-08T11:24:17","modified_gmt":"2025-10-08T09:24:17","slug":"xarxes-socials-i-salut-mental-utilitzem-les-pantalles-amb-cap","status":"publish","type":"post","link":"https:\/\/serveiseducatius.xtec.cat\/badalona\/general\/xarxes-socials-i-salut-mental-utilitzem-les-pantalles-amb-cap\/","title":{"rendered":"Xarxes socials i salut mental: Utilitzem les pantalles amb cap"},"content":{"rendered":"<p><img loading=\"lazy\" decoding=\"async\" class=\"size-full wp-image-25984 aligncenter\" src=\"https:\/\/serveiseducatius.xtec.cat\/badalona\/wp-content\/uploads\/usu1088\/2025\/10\/nextus-1.png\" alt=\"\" width=\"582\" height=\"117\" srcset=\"https:\/\/serveiseducatius.xtec.cat\/badalona\/wp-content\/uploads\/usu1088\/2025\/10\/nextus-1.png 582w, https:\/\/serveiseducatius.xtec.cat\/badalona\/wp-content\/uploads\/usu1088\/2025\/10\/nextus-1-300x60.png 300w\" sizes=\"auto, (max-width: 582px) 100vw, 582px\" \/><img loading=\"lazy\" decoding=\"async\" class=\"wp-image-25982 aligncenter\" src=\"https:\/\/serveiseducatius.xtec.cat\/badalona\/wp-content\/uploads\/usu1088\/2025\/10\/recursos-nextus.png\" alt=\"\" width=\"627\" height=\"455\" srcset=\"https:\/\/serveiseducatius.xtec.cat\/badalona\/wp-content\/uploads\/usu1088\/2025\/10\/recursos-nextus.png 576w, https:\/\/serveiseducatius.xtec.cat\/badalona\/wp-content\/uploads\/usu1088\/2025\/10\/recursos-nextus-300x218.png 300w\" sizes=\"auto, (max-width: 627px) 100vw, 627px\" \/>Amb motiu del <strong>dia mundial de la salut mental<\/strong> d&#8217;aquest divendres<strong> 10 d&#8217;octubre<\/strong>, la plataforma <a href=\"https:\/\/nextus.global\/ca\" target=\"_blank\" rel=\"noopener\">Nextus <\/a>ens ofereixen tres recursos per reflexionar a l&#8217;aula sobre la <strong>pressi\u00f3 digital, la imatge personal i l&#8217;\u00fas conscient de pantalles<\/strong>.\u00a0Fer un <strong>\u00fas responsable de les xarxes socials i les pantalles \u00e9s clau<\/strong> per protegir la salut mental de nens i joves.<\/p>\n<p>Trobareu tota la informaci\u00f3 i els enlla\u00e7os aqu\u00ed:<\/p>\n<ul>\n<li><a href=\"https:\/\/nextus.global\/ca\/activity\/abus-de-pantalles-i-xarxes-socials?utm_source=e-goi&amp;utm_medium=email&amp;utm_term=Xarxes+socials+i+salut+mental+%F0%9F%93%B2%F0%9F%A7%A0+Utilitzem+les+pantalles+amb+cap&amp;utm_campaign=nextus\" target=\"_blank\" rel=\"noopener\">Ab\u00fas de pantalles i xarxes socials (educaci\u00f3 prim\u00e0ria)<\/a><\/li>\n<li><a href=\"https:\/\/nextus.global\/ca\/videos\/girl-of-672k\/worried-parents?utm_source=e-goi&amp;utm_medium=email&amp;utm_term=Xarxes+socials+i+salut+mental+%F0%9F%93%B2%F0%9F%A7%A0+Utilitzem+les+pantalles+amb+cap&amp;utm_campaign=nextus\" target=\"_blank\" rel=\"noopener\">La creaci\u00f3 art\u00edstica i l&#8217;estat de l&#8217;\u00e0nim van sempre acompanyats? (educaci\u00f3 secund\u00e0ria)<\/a><\/li>\n<li><a href=\"https:\/\/nextus.global\/ca\/videos\/i-am-gen-z\/body?utm_source=e-goi&amp;utm_medium=email&amp;utm_term=Xarxes+socials+i+salut+mental+%F0%9F%93%B2%F0%9F%A7%A0+Utilitzem+les+pantalles+amb+cap&amp;utm_campaign=nextus\" target=\"_blank\" rel=\"noopener\">El perfil per als adolescents que busquen un cos perfecte (batxillerat)<\/a><\/li>\n<\/ul>\n","protected":false},"excerpt":{"rendered":"<p>Amb motiu del dia mundial de la salut mental d&#8217;aquest divendres 10 d&#8217;octubre, la plataforma Nextus ens ofereixen tres recursos [&hellip;]<\/p>\n","protected":false},"author":49,"featured_media":25983,"comment_status":"closed","ping_status":"open","sticky":false,"template":"","format":"standard","meta":{"_bbp_topic_count":0,"_bbp_reply_count":0,"_bbp_total_topic_count":0,"_bbp_total_reply_count":0,"_bbp_voice_count":0,"_bbp_anonymous_reply_count":0,"_bbp_topic_count_hidden":0,"_bbp_reply_count_hidden":0,"_bbp_forum_subforum_count":0,"site-sidebar-layout":"default","site-content-layout":"","ast-site-content-layout":"default","site-content-style":"default","site-sidebar-style":"default","ast-global-header-display":"","ast-banner-title-visibility":"","ast-main-header-display":"","ast-hfb-above-header-display":"","ast-hfb-below-header-display":"","ast-hfb-mobile-header-display":"","site-post-title":"","ast-breadcrumbs-content":"","ast-featured-img":"","footer-sml-layout":"","theme-transparent-header-meta":"default","adv-header-id-meta":"","stick-header-meta":"","header-above-stick-meta":"","header-main-stick-meta":"","header-below-stick-meta":"","astra-migrate-meta-layouts":"set","ast-page-background-enabled":"default","ast-page-background-meta":{"desktop":{"background-color":"var(--ast-global-color-4)","background-image":"","background-repeat":"repeat","background-position":"center center","background-size":"auto","background-attachment":"scroll","background-type":"","background-media":"","overlay-type":"","overlay-color":"","overlay-opacity":"","overlay-gradient":""},"tablet":{"background-color":"","background-image":"","background-repeat":"repeat","background-position":"center center","background-size":"auto","background-attachment":"scroll","background-type":"","background-media":"","overlay-type":"","overlay-color":"","overlay-opacity":"","overlay-gradient":""},"mobile":{"background-color":"","background-image":"","background-repeat":"repeat","background-position":"center center","background-size":"auto","background-attachment":"scroll","background-type":"","background-media":"","overlay-type":"","overlay-color":"","overlay-opacity":"","overlay-gradient":""}},"ast-content-background-meta":{"desktop":{"background-color":"var(--ast-global-color-5)","background-image":"","background-repeat":"repeat","background-position":"center center","background-size":"auto","background-attachment":"scroll","background-type":"","background-media":"","overlay-type":"","overlay-color":"","overlay-opacity":"","overlay-gradient":""},"tablet":{"background-color":"var(--ast-global-color-5)","background-image":"","background-repeat":"repeat","background-position":"center center","background-size":"auto","background-attachment":"scroll","background-type":"","background-media":"","overlay-type":"","overlay-color":"","overlay-opacity":"","overlay-gradient":""},"mobile":{"background-color":"var(--ast-global-color-5)","background-image":"","background-repeat":"repeat","background-position":"center center","background-size":"auto","background-attachment":"scroll","background-type":"","background-media":"","overlay-type":"","overlay-color":"","overlay-opacity":"","overlay-gradient":""}},"footnotes":""},"categories":[1,29,76],"tags":[375,401,471,434,302,1835,1052],"class_list":["post-25981","post","type-post","status-publish","format-standard","has-post-thumbnail","hentry","category-general","category-portada","category-recursos","tag-batxillerat","tag-educacio-primaria","tag-educacio-secundaria","tag-pantalles","tag-recursos","tag-salut-mental","tag-xarxes-socials"],"post_mailing_queue_ids":[],"_links":{"self":[{"href":"https:\/\/serveiseducatius.xtec.cat\/badalona\/wp-json\/wp\/v2\/posts\/25981","targetHints":{"allow":["GET"]}}],"collection":[{"href":"https:\/\/serveiseducatius.xtec.cat\/badalona\/wp-json\/wp\/v2\/posts"}],"about":[{"href":"https:\/\/serveiseducatius.xtec.cat\/badalona\/wp-json\/wp\/v2\/types\/post"}],"author":[{"embeddable":true,"href":"https:\/\/serveiseducatius.xtec.cat\/badalona\/wp-json\/wp\/v2\/users\/49"}],"replies":[{"embeddable":true,"href":"https:\/\/serveiseducatius.xtec.cat\/badalona\/wp-json\/wp\/v2\/comments?post=25981"}],"version-history":[{"count":4,"href":"https:\/\/serveiseducatius.xtec.cat\/badalona\/wp-json\/wp\/v2\/posts\/25981\/revisions"}],"predecessor-version":[{"id":25988,"href":"https:\/\/serveiseducatius.xtec.cat\/badalona\/wp-json\/wp\/v2\/posts\/25981\/revisions\/25988"}],"wp:featuredmedia":[{"embeddable":true,"href":"https:\/\/serveiseducatius.xtec.cat\/badalona\/wp-json\/wp\/v2\/media\/25983"}],"wp:attachment":[{"href":"https:\/\/serveiseducatius.xtec.cat\/badalona\/wp-json\/wp\/v2\/media?parent=25981"}],"wp:term":[{"taxonomy":"category","embeddable":true,"href":"https:\/\/serveiseducatius.xtec.cat\/badalona\/wp-json\/wp\/v2\/categories?post=25981"},{"taxonomy":"post_tag","embeddable":true,"href":"https:\/\/serveiseducatius.xtec.cat\/badalona\/wp-json\/wp\/v2\/tags?post=25981"}],"curies":[{"name":"wp","href":"https:\/\/api.w.org\/{rel}","templated":true}]}}