{"id":25879,"date":"2025-09-30T14:15:42","date_gmt":"2025-09-30T12:15:42","guid":{"rendered":"https:\/\/serveiseducatius.xtec.cat\/badalona\/?p=25879"},"modified":"2025-10-01T09:09:04","modified_gmt":"2025-10-01T07:09:04","slug":"atura-la-desinformacio-guies-didactiques-para-treballar-la-mentida-a-traves-de-la-literatura-i-mes","status":"publish","type":"post","link":"https:\/\/serveiseducatius.xtec.cat\/badalona\/general\/atura-la-desinformacio-guies-didactiques-para-treballar-la-mentida-a-traves-de-la-literatura-i-mes\/","title":{"rendered":"Atura la desinformaci\u00f3: guies did\u00e0ctiques per a treballar la mentida a trav\u00e9s de la literatura i m\u00e9s!"},"content":{"rendered":"<p><a href=\"https:\/\/learntocheck.org\/ca\/\">Learn to Check<\/a> presenta un nou material did\u00e0ctic ideal per a reflexionar sobre la desinformaci\u00f3 des de les primeres etapes educatives: les nostres guies de lectura sobre la mentida, elaborades por Maria Gajas i Melania del Pi, expertes en literatura infantil i juvenil.<\/p>\n<p><img decoding=\"async\" class=\"size-full wp-image-25886 aligncenter\" src=\"https:\/\/serveiseducatius.xtec.cat\/badalona\/wp-content\/uploads\/usu1088\/2025\/09\/logo.svg\" alt=\"\" \/><img loading=\"lazy\" decoding=\"async\" class=\"alignnone size-large wp-image-25886\" src=\"https:\/\/serveiseducatius.xtec.cat\/badalona\/wp-content\/uploads\/usu1088\/2025\/09\/logo.svg\" alt=\"\" width=\"1\" height=\"1\" \/><\/p>\n<p>A trav\u00e9s d&#8217;una acurada selecci\u00f3 de llibres per a p\u00fablic <a href=\"https:\/\/learntocheck.us21.list-manage.com\/track\/click?u=979b873faa0fd09d08eb6ddd4&amp;id=0abb9d6572&amp;e=c2c6cec122\" target=\"_blank\" rel=\"noopener\" data-saferedirecturl=\"https:\/\/www.google.com\/url?q=https:\/\/learntocheck.us21.list-manage.com\/track\/click?u%3D979b873faa0fd09d08eb6ddd4%26id%3D0abb9d6572%26e%3Dc2c6cec122&amp;source=gmail&amp;ust=1759316276704000&amp;usg=AOvVaw37VPUjq2y5VRj18uSTrrUg\">infantil<\/a>, de\u00a0<a href=\"https:\/\/learntocheck.us21.list-manage.com\/track\/click?u=979b873faa0fd09d08eb6ddd4&amp;id=59def74dd4&amp;e=c2c6cec122\" target=\"_blank\" rel=\"noopener\" data-saferedirecturl=\"https:\/\/www.google.com\/url?q=https:\/\/learntocheck.us21.list-manage.com\/track\/click?u%3D979b873faa0fd09d08eb6ddd4%26id%3D59def74dd4%26e%3Dc2c6cec122&amp;source=gmail&amp;ust=1759316276704000&amp;usg=AOvVaw1C_E2t2buXZDT6Yw-PC9tb\">primaria\u00a0<\/a>y\u00a0<a href=\"https:\/\/learntocheck.us21.list-manage.com\/track\/click?u=979b873faa0fd09d08eb6ddd4&amp;id=278f105fb0&amp;e=c2c6cec122\" target=\"_blank\" rel=\"noopener\" data-saferedirecturl=\"https:\/\/www.google.com\/url?q=https:\/\/learntocheck.us21.list-manage.com\/track\/click?u%3D979b873faa0fd09d08eb6ddd4%26id%3D278f105fb0%26e%3Dc2c6cec122&amp;source=gmail&amp;ust=1759316276704000&amp;usg=AOvVaw1IvLrHfwWQJVxWt7mRTTxG\">juvenil<\/a>, aquestes guies ofereixen propostes per a treballar a l&#8217;aula o en fam\u00edlia q\u00fcestionis clau com la <strong>manipulaci\u00f3<\/strong>, la <strong>interpretaci\u00f3 subjectiva<\/strong> i el <strong>valor de la veritat<\/strong>. Una eina perfecta per a introduir l&#8217;alfabetitzaci\u00f3 medi\u00e0tica i ho pensament cr\u00edtic des de la literatura. Feu click en la imatge per accedir-hi al recurs.<\/p>\n<table style=\"border-collapse: collapse; width: 100%;\">\n<tbody>\n<tr>\n<td style=\"width: 50%;\"><a href=\"https:\/\/learntocheck.org\/item\/9-libros-para-trabajar-la-mentira-en-la-literatura-infantil\/\" target=\"_blank\" rel=\"noopener\"><img loading=\"lazy\" decoding=\"async\" class=\"wp-image-25880 alignleft\" src=\"https:\/\/serveiseducatius.xtec.cat\/badalona\/wp-content\/uploads\/usu1088\/2025\/09\/Captura-de-pantalla-2025-09-30-124244-1024x487.png\" alt=\"Acc\u00e9s al genially sobre la mentida en la  Literatura Infantil i Juvenil\" width=\"433\" height=\"206\" srcset=\"https:\/\/serveiseducatius.xtec.cat\/badalona\/wp-content\/uploads\/usu1088\/2025\/09\/Captura-de-pantalla-2025-09-30-124244-1024x487.png 1024w, https:\/\/serveiseducatius.xtec.cat\/badalona\/wp-content\/uploads\/usu1088\/2025\/09\/Captura-de-pantalla-2025-09-30-124244-300x143.png 300w, https:\/\/serveiseducatius.xtec.cat\/badalona\/wp-content\/uploads\/usu1088\/2025\/09\/Captura-de-pantalla-2025-09-30-124244-768x365.png 768w, https:\/\/serveiseducatius.xtec.cat\/badalona\/wp-content\/uploads\/usu1088\/2025\/09\/Captura-de-pantalla-2025-09-30-124244.png 1090w\" sizes=\"auto, (max-width: 433px) 100vw, 433px\" \/><\/a><\/td>\n<td style=\"width: 50%;\"><a href=\"https:\/\/learntocheck.org\/item\/7-libros-para-trabajar-la-mentira-en-la-literatura-de-primaria\/\" target=\"_blank\" rel=\"noopener\"><img loading=\"lazy\" decoding=\"async\" class=\"wp-image-25881 alignleft\" src=\"https:\/\/serveiseducatius.xtec.cat\/badalona\/wp-content\/uploads\/usu1088\/2025\/09\/Captura-de-pantalla-2025-09-30-124255-1024x485.png\" alt=\"Acc\u00e9s al genially sobre la mentida en la  Literatura Infantil i Juvenil\" width=\"438\" height=\"207\" srcset=\"https:\/\/serveiseducatius.xtec.cat\/badalona\/wp-content\/uploads\/usu1088\/2025\/09\/Captura-de-pantalla-2025-09-30-124255-1024x485.png 1024w, https:\/\/serveiseducatius.xtec.cat\/badalona\/wp-content\/uploads\/usu1088\/2025\/09\/Captura-de-pantalla-2025-09-30-124255-300x142.png 300w, https:\/\/serveiseducatius.xtec.cat\/badalona\/wp-content\/uploads\/usu1088\/2025\/09\/Captura-de-pantalla-2025-09-30-124255-768x364.png 768w, https:\/\/serveiseducatius.xtec.cat\/badalona\/wp-content\/uploads\/usu1088\/2025\/09\/Captura-de-pantalla-2025-09-30-124255.png 1093w\" sizes=\"auto, (max-width: 438px) 100vw, 438px\" \/><\/a><\/td>\n<\/tr>\n<tr>\n<td style=\"width: 50%;\"><a href=\"https:\/\/learntocheck.org\/item\/2-libros-para-trabajar-la-mentira-en-la-literatura-juvenil-eso-y-bachillerato\/\" target=\"_blank\" rel=\"noopener\"><img loading=\"lazy\" decoding=\"async\" class=\"wp-image-25882 alignleft\" src=\"https:\/\/serveiseducatius.xtec.cat\/badalona\/wp-content\/uploads\/usu1088\/2025\/09\/Captura-de-pantalla-2025-09-30-124314-1024x484.png\" alt=\"Acc\u00e9s al genially sobre la mentida en la  Literatura Infantil i Juvenil\" width=\"464\" height=\"219\" srcset=\"https:\/\/serveiseducatius.xtec.cat\/badalona\/wp-content\/uploads\/usu1088\/2025\/09\/Captura-de-pantalla-2025-09-30-124314-1024x484.png 1024w, https:\/\/serveiseducatius.xtec.cat\/badalona\/wp-content\/uploads\/usu1088\/2025\/09\/Captura-de-pantalla-2025-09-30-124314-300x142.png 300w, https:\/\/serveiseducatius.xtec.cat\/badalona\/wp-content\/uploads\/usu1088\/2025\/09\/Captura-de-pantalla-2025-09-30-124314-768x363.png 768w, https:\/\/serveiseducatius.xtec.cat\/badalona\/wp-content\/uploads\/usu1088\/2025\/09\/Captura-de-pantalla-2025-09-30-124314.png 1092w\" sizes=\"auto, (max-width: 464px) 100vw, 464px\" \/><\/a><\/td>\n<td style=\"width: 50%;\"><a href=\"https:\/\/learntocheck.org\/item\/2-libros-para-trabajar-la-mentira-en-la-literatura-juvenil-eso-y-bachillerato\/\" target=\"_blank\" rel=\"noopener\"><img loading=\"lazy\" decoding=\"async\" class=\"wp-image-25883 alignleft\" src=\"https:\/\/serveiseducatius.xtec.cat\/badalona\/wp-content\/uploads\/usu1088\/2025\/09\/Captura-de-pantalla-2025-09-30-124325-1024x482.png\" alt=\"Acc\u00e9s al genially sobre la mentida en la  Literatura Infantil i Juvenil\" width=\"463\" height=\"218\" srcset=\"https:\/\/serveiseducatius.xtec.cat\/badalona\/wp-content\/uploads\/usu1088\/2025\/09\/Captura-de-pantalla-2025-09-30-124325-1024x482.png 1024w, https:\/\/serveiseducatius.xtec.cat\/badalona\/wp-content\/uploads\/usu1088\/2025\/09\/Captura-de-pantalla-2025-09-30-124325-300x141.png 300w, https:\/\/serveiseducatius.xtec.cat\/badalona\/wp-content\/uploads\/usu1088\/2025\/09\/Captura-de-pantalla-2025-09-30-124325-768x361.png 768w, https:\/\/serveiseducatius.xtec.cat\/badalona\/wp-content\/uploads\/usu1088\/2025\/09\/Captura-de-pantalla-2025-09-30-124325.png 1086w\" sizes=\"auto, (max-width: 463px) 100vw, 463px\" \/><\/a><\/td>\n<\/tr>\n<\/tbody>\n<\/table>\n<p>&nbsp;<\/p>\n<p><img loading=\"lazy\" decoding=\"async\" class=\"wp-image-25885 aligncenter\" src=\"https:\/\/serveiseducatius.xtec.cat\/badalona\/wp-content\/uploads\/usu1088\/2025\/09\/unnamed.jpg\" alt=\"\" width=\"302\" height=\"273\" srcset=\"https:\/\/serveiseducatius.xtec.cat\/badalona\/wp-content\/uploads\/usu1088\/2025\/09\/unnamed.jpg 664w, https:\/\/serveiseducatius.xtec.cat\/badalona\/wp-content\/uploads\/usu1088\/2025\/09\/unnamed-300x271.jpg 300w\" sizes=\"auto, (max-width: 302px) 100vw, 302px\" \/><\/p>\n<p>A m\u00e9s, al web de l&#8217;eduCAC trobareu \u00a0<a href=\"https:\/\/verificat.us17.list-manage.com\/track\/click?u=3b61b70ae2bcd77f0d058bd07&amp;id=c54af10938&amp;e=8145a45a7f\" target=\"_blank\" rel=\"noopener\" data-saferedirecturl=\"https:\/\/www.google.com\/url?q=https:\/\/verificat.us17.list-manage.com\/track\/click?u%3D3b61b70ae2bcd77f0d058bd07%26id%3Dc54af10938%26e%3D8145a45a7f&amp;source=gmail&amp;ust=1759316011945000&amp;usg=AOvVaw1e11MHilN369sCYvv-a6AQ\">nous recursos per treballar el pensament cr\u00edtic i l&#8217;educaci\u00f3 medi\u00e0tica a l&#8217;aula<\/a> a partir de set eixos tem\u00e0tics (informaci\u00f3, entreteniment, publicitat, tecnologia, g\u00e8nere, diversitat i producci\u00f3 audiovisual). Apunteu-vos-els per al nou curs!<\/p>\n","protected":false},"excerpt":{"rendered":"<p>Learn to Check presenta un nou material did\u00e0ctic ideal per a reflexionar sobre la desinformaci\u00f3 des de les primeres etapes [&hellip;]<\/p>\n","protected":false},"author":48,"featured_media":25881,"comment_status":"closed","ping_status":"open","sticky":false,"template":"","format":"standard","meta":{"_bbp_topic_count":0,"_bbp_reply_count":0,"_bbp_total_topic_count":0,"_bbp_total_reply_count":0,"_bbp_voice_count":0,"_bbp_anonymous_reply_count":0,"_bbp_topic_count_hidden":0,"_bbp_reply_count_hidden":0,"_bbp_forum_subforum_count":0,"site-sidebar-layout":"default","site-content-layout":"","ast-site-content-layout":"default","site-content-style":"default","site-sidebar-style":"default","ast-global-header-display":"","ast-banner-title-visibility":"","ast-main-header-display":"","ast-hfb-above-header-display":"","ast-hfb-below-header-display":"","ast-hfb-mobile-header-display":"","site-post-title":"","ast-breadcrumbs-content":"","ast-featured-img":"","footer-sml-layout":"","theme-transparent-header-meta":"default","adv-header-id-meta":"","stick-header-meta":"","header-above-stick-meta":"","header-main-stick-meta":"","header-below-stick-meta":"","astra-migrate-meta-layouts":"set","ast-page-background-enabled":"default","ast-page-background-meta":{"desktop":{"background-color":"var(--ast-global-color-4)","background-image":"","background-repeat":"repeat","background-position":"center center","background-size":"auto","background-attachment":"scroll","background-type":"","background-media":"","overlay-type":"","overlay-color":"","overlay-opacity":"","overlay-gradient":""},"tablet":{"background-color":"","background-image":"","background-repeat":"repeat","background-position":"center center","background-size":"auto","background-attachment":"scroll","background-type":"","background-media":"","overlay-type":"","overlay-color":"","overlay-opacity":"","overlay-gradient":""},"mobile":{"background-color":"","background-image":"","background-repeat":"repeat","background-position":"center center","background-size":"auto","background-attachment":"scroll","background-type":"","background-media":"","overlay-type":"","overlay-color":"","overlay-opacity":"","overlay-gradient":""}},"ast-content-background-meta":{"desktop":{"background-color":"var(--ast-global-color-5)","background-image":"","background-repeat":"repeat","background-position":"center center","background-size":"auto","background-attachment":"scroll","background-type":"","background-media":"","overlay-type":"","overlay-color":"","overlay-opacity":"","overlay-gradient":""},"tablet":{"background-color":"var(--ast-global-color-5)","background-image":"","background-repeat":"repeat","background-position":"center center","background-size":"auto","background-attachment":"scroll","background-type":"","background-media":"","overlay-type":"","overlay-color":"","overlay-opacity":"","overlay-gradient":""},"mobile":{"background-color":"var(--ast-global-color-5)","background-image":"","background-repeat":"repeat","background-position":"center center","background-size":"auto","background-attachment":"scroll","background-type":"","background-media":"","overlay-type":"","overlay-color":"","overlay-opacity":"","overlay-gradient":""}},"footnotes":""},"categories":[78,1,81,29],"tags":[1666,2011,162,100,1934,302],"class_list":["post-25879","post","type-post","status-publish","format-standard","has-post-thumbnail","hentry","category-culturadigital","category-general","category-biblioteca-escolar","category-portada","tag-alfabetitzacio-mediatica","tag-bescat","tag-biblioteca-escolar","tag-lectura","tag-plamib","tag-recursos"],"post_mailing_queue_ids":[],"_links":{"self":[{"href":"https:\/\/serveiseducatius.xtec.cat\/badalona\/wp-json\/wp\/v2\/posts\/25879","targetHints":{"allow":["GET"]}}],"collection":[{"href":"https:\/\/serveiseducatius.xtec.cat\/badalona\/wp-json\/wp\/v2\/posts"}],"about":[{"href":"https:\/\/serveiseducatius.xtec.cat\/badalona\/wp-json\/wp\/v2\/types\/post"}],"author":[{"embeddable":true,"href":"https:\/\/serveiseducatius.xtec.cat\/badalona\/wp-json\/wp\/v2\/users\/48"}],"replies":[{"embeddable":true,"href":"https:\/\/serveiseducatius.xtec.cat\/badalona\/wp-json\/wp\/v2\/comments?post=25879"}],"version-history":[{"count":4,"href":"https:\/\/serveiseducatius.xtec.cat\/badalona\/wp-json\/wp\/v2\/posts\/25879\/revisions"}],"predecessor-version":[{"id":25889,"href":"https:\/\/serveiseducatius.xtec.cat\/badalona\/wp-json\/wp\/v2\/posts\/25879\/revisions\/25889"}],"wp:featuredmedia":[{"embeddable":true,"href":"https:\/\/serveiseducatius.xtec.cat\/badalona\/wp-json\/wp\/v2\/media\/25881"}],"wp:attachment":[{"href":"https:\/\/serveiseducatius.xtec.cat\/badalona\/wp-json\/wp\/v2\/media?parent=25879"}],"wp:term":[{"taxonomy":"category","embeddable":true,"href":"https:\/\/serveiseducatius.xtec.cat\/badalona\/wp-json\/wp\/v2\/categories?post=25879"},{"taxonomy":"post_tag","embeddable":true,"href":"https:\/\/serveiseducatius.xtec.cat\/badalona\/wp-json\/wp\/v2\/tags?post=25879"}],"curies":[{"name":"wp","href":"https:\/\/api.w.org\/{rel}","templated":true}]}}