{"id":25760,"date":"2025-09-10T11:52:48","date_gmt":"2025-09-10T09:52:48","guid":{"rendered":"https:\/\/serveiseducatius.xtec.cat\/badalona\/?p=25760"},"modified":"2025-09-10T11:52:48","modified_gmt":"2025-09-10T09:52:48","slug":"conferencia-dinici-de-curs-25-26-taula-rodona-practiques-restauratives-per-a-la-convivencia-la-prevencio-i-latencio-dels-conflictes","status":"publish","type":"post","link":"https:\/\/serveiseducatius.xtec.cat\/badalona\/general\/conferencia-dinici-de-curs-25-26-taula-rodona-practiques-restauratives-per-a-la-convivencia-la-prevencio-i-latencio-dels-conflictes\/","title":{"rendered":"Confer\u00e8ncia d\u2019inici de curs 25-26 &#8220;Taula rodona: pr\u00e0ctiques restauratives per a la conviv\u00e8ncia, la prevenci\u00f3 i l&#8217;atenci\u00f3 dels conflictes&#8221;"},"content":{"rendered":"<p><span style=\"font-size: 14pt;\"><strong><a href=\"https:\/\/aplicacions.gestioeducativa.gencat.cat\/ords\/pls\/soloas\/pk_for_mod_ins.p_for_detall_activitat?p_header=Llista%20d%27activitats%5Epk_for_mod_ins.p_for_cons_activitats?p_crp=204%26p_any=2025-2026%26p_totes=s%26p_inici=91%26p_excloure_crp_rec=F&amp;p_codi=2042001204&amp;p_curs=2025-2026&amp;p_excloure_crp_rec=F\" target=\"_blank\" rel=\"noopener\">Inscripci\u00f3 docents<\/a><\/strong><\/span><\/p>\n<p><a href=\"https:\/\/forms.gle\/AvZv5ojAXvNe6juw6\" target=\"_blank\" rel=\"noopener\"><span style=\"font-size: 14pt;\"><strong>Inscripci\u00f3 no docents<\/strong><\/span><\/a><\/p>\n<p><img loading=\"lazy\" decoding=\"async\" class=\" wp-image-25763 alignleft\" src=\"https:\/\/serveiseducatius.xtec.cat\/badalona\/wp-content\/uploads\/usu1088\/2025\/09\/taularodona-724x1024.png\" alt=\"\" width=\"354\" height=\"500\" srcset=\"https:\/\/serveiseducatius.xtec.cat\/badalona\/wp-content\/uploads\/usu1088\/2025\/09\/taularodona-724x1024.png 724w, https:\/\/serveiseducatius.xtec.cat\/badalona\/wp-content\/uploads\/usu1088\/2025\/09\/taularodona-212x300.png 212w, https:\/\/serveiseducatius.xtec.cat\/badalona\/wp-content\/uploads\/usu1088\/2025\/09\/taularodona-768x1086.png 768w, https:\/\/serveiseducatius.xtec.cat\/badalona\/wp-content\/uploads\/usu1088\/2025\/09\/taularodona-1086x1536.png 1086w, https:\/\/serveiseducatius.xtec.cat\/badalona\/wp-content\/uploads\/usu1088\/2025\/09\/taularodona-1448x2048.png 1448w\" sizes=\"auto, (max-width: 354px) 100vw, 354px\" \/><\/p>\n<div><span style=\"font-family: arial, sans-serif;\"><span lang=\"ca-ES\">Ens plau comunicar-vos que l&#8217;<a href=\"https:\/\/aplicacions.gestioeducativa.gencat.cat\/ords\/pls\/soloas\/pk_for_mod_ins.p_for_detall_activitat?p_header=Llista%20d%27activitats%5Epk_for_mod_ins.p_for_cons_activitats?p_crp=204%26p_any=2025-2026%26p_totes=s%26p_inici=91%26p_excloure_crp_rec=F&amp;p_codi=2042001204&amp;p_curs=2025-2026&amp;p_excloure_crp_rec=F\" target=\"_blank\" rel=\"noopener\"><b>acte d&#8217;inauguraci\u00f3 del curs escolar 202<span class=\"gmail_default\">5<\/span>-2<span class=\"gmail_default\">6<\/span><\/b><\/a>, adre\u00e7at especialment al professorat i als equips directius dels centres educatius de la ciutat, des de bressol fins a la universitat, i obert a tota la comunitat educativa, es far\u00e0 el <b>dijous, 25<\/b><\/span><span lang=\"ca-ES\"><b> de setembre del 2025<\/b><\/span><span lang=\"ca-ES\">, de 17.30 a 1<span class=\"gmail_default\">9.30<\/span>\u00a0h, al\u00a0<a href=\"https:\/\/www.google.com\/maps\/dir\/\/Carrer+del+Pare+Claret,+2,+08911+Badalona,+Barcelona\/@41.451532,2.166251,26296m\/data=!3m1!1e3!4m8!4m7!1m0!1m5!1m1!1s0x12a4bb0e7b1e8fc1:0xee2a25ef595189cd!2m2!1d2.2486239!2d41.4515396?entry=ttu&amp;g_ep=EgoyMDI1MDkwMy4wIKXMDSoASAFQAw%3D%3D\" target=\"_blank\" rel=\"noopener\" data-saferedirecturl=\"https:\/\/www.google.com\/url?q=https:\/\/www.google.com\/maps\/dir\/\/Carrer%2Bdel%2BPare%2BClaret,%2B2,%2B08911%2BBadalona,%2BBarcelona\/@41.451532,2.166251,26296m\/data%3D!3m1!1e3!4m8!4m7!1m0!1m5!1m1!1s0x12a4bb0e7b1e8fc1:0xee2a25ef595189cd!2m2!1d2.2486239!2d41.4515396?entry%3Dttu%26g_ep%3DEgoyMDI1MDkwMy4wIKXMDSoASAFQAw%253D%253D&amp;source=gmail&amp;ust=1757582925495000&amp;usg=AOvVaw1LXugnkLsJTf_DeiHpMbPF\">C<\/a><a href=\"https:\/\/www.google.com\/maps\/dir\/\/Carrer+del+Pare+Claret,+2,+08911+Badalona,+Barcelona\/@41.451532,2.166251,26296m\/data=!3m1!1e3!4m8!4m7!1m0!1m5!1m1!1s0x12a4bb0e7b1e8fc1:0xee2a25ef595189cd!2m2!1d2.2486239!2d41.4515396?entry=ttu&amp;g_ep=EgoyMDI1MDkwMy4wIKXMDSoASAFQAw%3D%3D\" target=\"_blank\" rel=\"noopener\" data-saferedirecturl=\"https:\/\/www.google.com\/url?q=https:\/\/www.google.com\/maps\/dir\/\/Carrer%2Bdel%2BPare%2BClaret,%2B2,%2B08911%2BBadalona,%2BBarcelona\/@41.451532,2.166251,26296m\/data%3D!3m1!1e3!4m8!4m7!1m0!1m5!1m1!1s0x12a4bb0e7b1e8fc1:0xee2a25ef595189cd!2m2!1d2.2486239!2d41.4515396?entry%3Dttu%26g_ep%3DEgoyMDI1MDkwMy4wIKXMDSoASAFQAw%253D%253D&amp;source=gmail&amp;ust=1757582925495000&amp;usg=AOvVaw1LXugnkLsJTf_DeiHpMbPF\">o<span class=\"gmail_default\">nservatori professional de m\u00fasica de Badalona<\/span><\/a>.<\/span><\/span><\/div>\n<div><span style=\"font-family: arial, sans-serif;\"><span lang=\"ca-ES\">\u00a0<\/span><\/span><\/div>\n<div>\n<div class=\"gmail_default\">\n<div dir=\"auto\">\n<div>L&#8217;acte s&#8217;iniciar\u00e0 amb la inauguraci\u00f3 del curs, la presentaci\u00f3 del\u00a0Pla de Formaci\u00f3 de Zona\u00a0i de la\u00a0Guia d\u2019activitats educatives 25-26 i finalitzar\u00e0 amb el di\u00e0leg<b>\u00a0&#8220;Pr\u00e0ctiques restauratives per a la conviv\u00e8ncia, la prevenci\u00f3 i l&#8217;atenci\u00f3 dels conflictes&#8221;<\/b>\u00a0amb la participaci\u00f3 de\u00a0<b>M\u00f2nica Albert\u00ed<\/b>, fundadora de\u00a0<a href=\"https:\/\/www.culturarestaurativa.com\/\" target=\"_blank\" rel=\"noopener\" data-saferedirecturl=\"https:\/\/www.google.com\/url?q=http:\/\/cu.re\/&amp;source=gmail&amp;ust=1757582925495000&amp;usg=AOvVaw2IR_MHgAkddn9x1kYoXibr\">CU.RE<\/a>, doctora en educaci\u00f3, psic\u00f2loga i mediadora;\u00a0<b>Montserrat Pedrol<\/b>, directora de l&#8217;<a href=\"https:\/\/agora.xtec.cat\/inscanperiquet\/\" target=\"_blank\" rel=\"noopener\">Institut Can Periquet<\/a> de Palau-solit\u00e0 i Plegamans; i\u00a0<b>Mireia Pujol<\/b>, s\u00f2cia d&#8217;<a href=\"https:\/\/www.espaiconeix.org\/\" target=\"_blank\" rel=\"noopener\">Espai Coneix Sccl<\/a>, especialista en pr\u00e0ctiques restauratives en centres educatius.<\/div>\n<div>\n<div>\u00a0<\/div>\n<div><strong>Entrada lliure (amb inscripci\u00f3 pr\u00e8via)<\/strong><\/div>\n<div>\n<p>&nbsp;<\/p>\n<p><span style=\"font-size: 14pt;\"><strong><a href=\"https:\/\/aplicacions.gestioeducativa.gencat.cat\/ords\/pls\/soloas\/pk_for_mod_ins.p_for_detall_activitat?p_header=Llista%20d%27activitats%5Epk_for_mod_ins.p_for_cons_activitats?p_crp=204%26p_any=2025-2026%26p_totes=s%26p_inici=91%26p_excloure_crp_rec=F&amp;p_codi=2042001204&amp;p_curs=2025-2026&amp;p_excloure_crp_rec=F\" target=\"_blank\" rel=\"noopener\">Inscripci\u00f3 docents<\/a><\/strong><\/span><\/p>\n<p><a href=\"https:\/\/forms.gle\/AvZv5ojAXvNe6juw6\" target=\"_blank\" rel=\"noopener\"><span style=\"font-size: 14pt;\"><strong>Inscripci\u00f3 no docents<\/strong><\/span><\/a><\/p>\n<\/div>\n<div>L&#8217;acte d\u2019inici del curs escolar 2025-26 est\u00e0 organitzat conjuntament pel Servei Educatiu del Departament d&#8217;Educaci\u00f3 i Formaci\u00f3 Professional de la Generalitat de Catalunya i pel Servei d&#8217;Educaci\u00f3 de l&#8217;Ajuntament de Badalona.<\/div>\n<div>\u00a0<\/div>\n<\/div>\n<\/div>\n<\/div>\n<div>Us hi esperem!<\/div>\n<\/div>\n","protected":false},"excerpt":{"rendered":"<p>Inscripci\u00f3 docents Inscripci\u00f3 no docents Ens plau comunicar-vos que l&#8217;acte d&#8217;inauguraci\u00f3 del curs escolar 2025-26, adre\u00e7at especialment al professorat i [&hellip;]<\/p>\n","protected":false},"author":49,"featured_media":25762,"comment_status":"closed","ping_status":"open","sticky":false,"template":"","format":"standard","meta":{"_bbp_topic_count":0,"_bbp_reply_count":0,"_bbp_total_topic_count":0,"_bbp_total_reply_count":0,"_bbp_voice_count":0,"_bbp_anonymous_reply_count":0,"_bbp_topic_count_hidden":0,"_bbp_reply_count_hidden":0,"_bbp_forum_subforum_count":0,"site-sidebar-layout":"default","site-content-layout":"","ast-site-content-layout":"default","site-content-style":"default","site-sidebar-style":"default","ast-global-header-display":"","ast-banner-title-visibility":"","ast-main-header-display":"","ast-hfb-above-header-display":"","ast-hfb-below-header-display":"","ast-hfb-mobile-header-display":"","site-post-title":"","ast-breadcrumbs-content":"","ast-featured-img":"","footer-sml-layout":"","theme-transparent-header-meta":"default","adv-header-id-meta":"","stick-header-meta":"","header-above-stick-meta":"","header-main-stick-meta":"","header-below-stick-meta":"","astra-migrate-meta-layouts":"set","ast-page-background-enabled":"default","ast-page-background-meta":{"desktop":{"background-color":"var(--ast-global-color-4)","background-image":"","background-repeat":"repeat","background-position":"center center","background-size":"auto","background-attachment":"scroll","background-type":"","background-media":"","overlay-type":"","overlay-color":"","overlay-opacity":"","overlay-gradient":""},"tablet":{"background-color":"","background-image":"","background-repeat":"repeat","background-position":"center center","background-size":"auto","background-attachment":"scroll","background-type":"","background-media":"","overlay-type":"","overlay-color":"","overlay-opacity":"","overlay-gradient":""},"mobile":{"background-color":"","background-image":"","background-repeat":"repeat","background-position":"center center","background-size":"auto","background-attachment":"scroll","background-type":"","background-media":"","overlay-type":"","overlay-color":"","overlay-opacity":"","overlay-gradient":""}},"ast-content-background-meta":{"desktop":{"background-color":"var(--ast-global-color-5)","background-image":"","background-repeat":"repeat","background-position":"center center","background-size":"auto","background-attachment":"scroll","background-type":"","background-media":"","overlay-type":"","overlay-color":"","overlay-opacity":"","overlay-gradient":""},"tablet":{"background-color":"var(--ast-global-color-5)","background-image":"","background-repeat":"repeat","background-position":"center center","background-size":"auto","background-attachment":"scroll","background-type":"","background-media":"","overlay-type":"","overlay-color":"","overlay-opacity":"","overlay-gradient":""},"mobile":{"background-color":"var(--ast-global-color-5)","background-image":"","background-repeat":"repeat","background-position":"center center","background-size":"auto","background-attachment":"scroll","background-type":"","background-media":"","overlay-type":"","overlay-color":"","overlay-opacity":"","overlay-gradient":""}},"footnotes":""},"categories":[64,1,872,29],"tags":[],"class_list":["post-25760","post","type-post","status-publish","format-standard","has-post-thumbnail","hentry","category-comunitat","category-general","category-missatgeria","category-portada"],"post_mailing_queue_ids":[],"_links":{"self":[{"href":"https:\/\/serveiseducatius.xtec.cat\/badalona\/wp-json\/wp\/v2\/posts\/25760","targetHints":{"allow":["GET"]}}],"collection":[{"href":"https:\/\/serveiseducatius.xtec.cat\/badalona\/wp-json\/wp\/v2\/posts"}],"about":[{"href":"https:\/\/serveiseducatius.xtec.cat\/badalona\/wp-json\/wp\/v2\/types\/post"}],"author":[{"embeddable":true,"href":"https:\/\/serveiseducatius.xtec.cat\/badalona\/wp-json\/wp\/v2\/users\/49"}],"replies":[{"embeddable":true,"href":"https:\/\/serveiseducatius.xtec.cat\/badalona\/wp-json\/wp\/v2\/comments?post=25760"}],"version-history":[{"count":5,"href":"https:\/\/serveiseducatius.xtec.cat\/badalona\/wp-json\/wp\/v2\/posts\/25760\/revisions"}],"predecessor-version":[{"id":25774,"href":"https:\/\/serveiseducatius.xtec.cat\/badalona\/wp-json\/wp\/v2\/posts\/25760\/revisions\/25774"}],"wp:featuredmedia":[{"embeddable":true,"href":"https:\/\/serveiseducatius.xtec.cat\/badalona\/wp-json\/wp\/v2\/media\/25762"}],"wp:attachment":[{"href":"https:\/\/serveiseducatius.xtec.cat\/badalona\/wp-json\/wp\/v2\/media?parent=25760"}],"wp:term":[{"taxonomy":"category","embeddable":true,"href":"https:\/\/serveiseducatius.xtec.cat\/badalona\/wp-json\/wp\/v2\/categories?post=25760"},{"taxonomy":"post_tag","embeddable":true,"href":"https:\/\/serveiseducatius.xtec.cat\/badalona\/wp-json\/wp\/v2\/tags?post=25760"}],"curies":[{"name":"wp","href":"https:\/\/api.w.org\/{rel}","templated":true}]}}