{"id":25683,"date":"2025-09-03T11:57:14","date_gmt":"2025-09-03T09:57:14","guid":{"rendered":"https:\/\/serveiseducatius.xtec.cat\/badalona\/?p=25683"},"modified":"2025-09-03T12:01:39","modified_gmt":"2025-09-03T10:01:39","slug":"prestec-de-maletes-didactiques-i-aparells-curs-25-26","status":"publish","type":"post","link":"https:\/\/serveiseducatius.xtec.cat\/badalona\/general\/prestec-de-maletes-didactiques-i-aparells-curs-25-26\/","title":{"rendered":"Pr\u00e9stec de maletes did\u00e0ctiques i aparells curs 25\/26"},"content":{"rendered":"<p>&nbsp;<\/p>\n<p>&nbsp;<\/p>\n<div><img loading=\"lazy\" decoding=\"async\" class=\"wp-image-25686 alignleft\" src=\"https:\/\/serveiseducatius.xtec.cat\/badalona\/wp-content\/uploads\/usu1088\/2025\/09\/25-imperdibles.png\" alt=\"\" width=\"519\" height=\"360\" \/><\/div>\n<p><span style=\"font-family: helvetica, arial, sans-serif; font-size: 12pt;\">Amb l\u2019inici del nou curs iniciem el proc\u00e9s per a reservar maletes did\u00e0ctiques i aparells a trav\u00e9s d&#8217;aquest <a href=\"https:\/\/docs.google.com\/forms\/d\/e\/1FAIpQLSdHpGVFISmD2DTDsNVmjspnIBLksx0qJ6DtbGu2KiE-AwaLtQ\/viewform?usp=header\" target=\"_blank\" rel=\"noopener\">formulari<\/a>. Estar\u00e0 actiu del\u00a0<b>4\u00a0al 22 de setembre<\/b>. Les\u00a0<a href=\"https:\/\/serveiseducatius.xtec.cat\/badalona\/categoria\/recursos\/maletes-pedagogiques\/\" target=\"_blank\" rel=\"noopener\" data-saferedirecturl=\"https:\/\/www.google.com\/url?q=https:\/\/serveiseducatius.xtec.cat\/badalona\/categoria\/recursos\/maletes-pedagogiques\/&amp;source=gmail&amp;ust=1756971535255000&amp;usg=AOvVaw03ZFuXWKx2qZAmJH6b3-eL\">maletes did\u00e0ctiques<\/a> s\u00f3n un recurs educatiu que posem a disposici\u00f3 del professorat. \u00a0<\/span><\/p>\n<p><span style=\"font-family: helvetica, arial, sans-serif; font-size: 12pt;\">S&#8217;adjudicar\u00e0 en funci\u00f3 de la demanda i amb els criteris seg\u00fcents:<\/span><\/p>\n<div class=\"gmail_default\">\n<ul>\n<li dir=\"ltr\"><span style=\"font-family: helvetica, arial, sans-serif; font-size: 12pt;\">Que en puguin gaudir el m\u00e0xim nombre de centres.<\/span><\/li>\n<li dir=\"ltr\"><span style=\"font-family: helvetica, arial, sans-serif; font-size: 12pt;\">Es prioritzaran centres que no n\u2019hagin gaudit l&#8217;any anterior.\u00a0<\/span><\/li>\n<li dir=\"ltr\"><span style=\"font-family: helvetica, arial, sans-serif; font-size: 12pt;\">Que el centre hagi complert les normes d&#8217;\u00fas el curs anterior.<\/span><\/li>\n<\/ul>\n<p><span style=\"font-family: helvetica, arial, sans-serif; font-size: 12pt;\"><b>Per\u00edodes de pr\u00e9stec curs 25\/26:<\/b><\/span><\/p>\n<table>\n<tbody>\n<tr>\n<td><strong>1r trimestre<\/strong><\/td>\n<td><strong>2n trimestre<\/strong><\/td>\n<td><strong>3r trimestre<\/strong><\/td>\n<\/tr>\n<tr>\n<td>\n<p><strong>29 de setembre al 30 d\u2019octubre<\/strong><\/p>\n<\/td>\n<td>\n<p><strong>8 de gener al 13 de febrer<\/strong><\/p>\n<\/td>\n<td>\n<p><strong>13 d\u2019abril fins al 29 de maig<\/strong><\/p>\n<\/td>\n<\/tr>\n<tr>\n<td>\n<p><strong>10 de novembre al 12 de desembre<\/strong><\/p>\n<\/td>\n<td>\n<p><strong>23 de febrer al 27 de mar\u00e7<\/strong><\/p>\n<\/td>\n<\/tr>\n<\/tbody>\n<\/table>\n<p><span style=\"font-family: helvetica, arial, sans-serif;\">A cada per\u00edode nom\u00e9s es pot triar una maleta. Podeu omplir tants formularis com vulgueu.Un cop recollides les demandes ens posarem en contacte per comunicar-vos quines maletes se us han adjudicat.\u00a0\u00a0<\/span><\/div>\n","protected":false},"excerpt":{"rendered":"<p>&nbsp; &nbsp; Amb l\u2019inici del nou curs iniciem el proc\u00e9s per a reservar maletes did\u00e0ctiques i aparells a trav\u00e9s d&#8217;aquest [&hellip;]<\/p>\n","protected":false},"author":15,"featured_media":25686,"comment_status":"closed","ping_status":"open","sticky":false,"template":"","format":"standard","meta":{"_bbp_topic_count":0,"_bbp_reply_count":0,"_bbp_total_topic_count":0,"_bbp_total_reply_count":0,"_bbp_voice_count":0,"_bbp_anonymous_reply_count":0,"_bbp_topic_count_hidden":0,"_bbp_reply_count_hidden":0,"_bbp_forum_subforum_count":0,"site-sidebar-layout":"default","site-content-layout":"","ast-site-content-layout":"default","site-content-style":"default","site-sidebar-style":"default","ast-global-header-display":"","ast-banner-title-visibility":"","ast-main-header-display":"","ast-hfb-above-header-display":"","ast-hfb-below-header-display":"","ast-hfb-mobile-header-display":"","site-post-title":"","ast-breadcrumbs-content":"","ast-featured-img":"","footer-sml-layout":"","theme-transparent-header-meta":"default","adv-header-id-meta":"","stick-header-meta":"","header-above-stick-meta":"","header-main-stick-meta":"","header-below-stick-meta":"","astra-migrate-meta-layouts":"set","ast-page-background-enabled":"default","ast-page-background-meta":{"desktop":{"background-color":"var(--ast-global-color-4)","background-image":"","background-repeat":"repeat","background-position":"center center","background-size":"auto","background-attachment":"scroll","background-type":"","background-media":"","overlay-type":"","overlay-color":"","overlay-opacity":"","overlay-gradient":""},"tablet":{"background-color":"","background-image":"","background-repeat":"repeat","background-position":"center center","background-size":"auto","background-attachment":"scroll","background-type":"","background-media":"","overlay-type":"","overlay-color":"","overlay-opacity":"","overlay-gradient":""},"mobile":{"background-color":"","background-image":"","background-repeat":"repeat","background-position":"center center","background-size":"auto","background-attachment":"scroll","background-type":"","background-media":"","overlay-type":"","overlay-color":"","overlay-opacity":"","overlay-gradient":""}},"ast-content-background-meta":{"desktop":{"background-color":"var(--ast-global-color-5)","background-image":"","background-repeat":"repeat","background-position":"center center","background-size":"auto","background-attachment":"scroll","background-type":"","background-media":"","overlay-type":"","overlay-color":"","overlay-opacity":"","overlay-gradient":""},"tablet":{"background-color":"var(--ast-global-color-5)","background-image":"","background-repeat":"repeat","background-position":"center center","background-size":"auto","background-attachment":"scroll","background-type":"","background-media":"","overlay-type":"","overlay-color":"","overlay-opacity":"","overlay-gradient":""},"mobile":{"background-color":"var(--ast-global-color-5)","background-image":"","background-repeat":"repeat","background-position":"center center","background-size":"auto","background-attachment":"scroll","background-type":"","background-media":"","overlay-type":"","overlay-color":"","overlay-opacity":"","overlay-gradient":""}},"footnotes":""},"categories":[80,1,82,872,29,76],"tags":[293],"class_list":["post-25683","post","type-post","status-publish","format-standard","has-post-thumbnail","hentry","category-aparells","category-general","category-maletes-pedagogiques","category-missatgeria","category-portada","category-recursos","tag-maletes-pedagogiques"],"post_mailing_queue_ids":[],"_links":{"self":[{"href":"https:\/\/serveiseducatius.xtec.cat\/badalona\/wp-json\/wp\/v2\/posts\/25683","targetHints":{"allow":["GET"]}}],"collection":[{"href":"https:\/\/serveiseducatius.xtec.cat\/badalona\/wp-json\/wp\/v2\/posts"}],"about":[{"href":"https:\/\/serveiseducatius.xtec.cat\/badalona\/wp-json\/wp\/v2\/types\/post"}],"author":[{"embeddable":true,"href":"https:\/\/serveiseducatius.xtec.cat\/badalona\/wp-json\/wp\/v2\/users\/15"}],"replies":[{"embeddable":true,"href":"https:\/\/serveiseducatius.xtec.cat\/badalona\/wp-json\/wp\/v2\/comments?post=25683"}],"version-history":[{"count":3,"href":"https:\/\/serveiseducatius.xtec.cat\/badalona\/wp-json\/wp\/v2\/posts\/25683\/revisions"}],"predecessor-version":[{"id":25689,"href":"https:\/\/serveiseducatius.xtec.cat\/badalona\/wp-json\/wp\/v2\/posts\/25683\/revisions\/25689"}],"wp:featuredmedia":[{"embeddable":true,"href":"https:\/\/serveiseducatius.xtec.cat\/badalona\/wp-json\/wp\/v2\/media\/25686"}],"wp:attachment":[{"href":"https:\/\/serveiseducatius.xtec.cat\/badalona\/wp-json\/wp\/v2\/media?parent=25683"}],"wp:term":[{"taxonomy":"category","embeddable":true,"href":"https:\/\/serveiseducatius.xtec.cat\/badalona\/wp-json\/wp\/v2\/categories?post=25683"},{"taxonomy":"post_tag","embeddable":true,"href":"https:\/\/serveiseducatius.xtec.cat\/badalona\/wp-json\/wp\/v2\/tags?post=25683"}],"curies":[{"name":"wp","href":"https:\/\/api.w.org\/{rel}","templated":true}]}}