{"id":25613,"date":"2025-07-15T14:07:21","date_gmt":"2025-07-15T12:07:21","guid":{"rendered":"https:\/\/serveiseducatius.xtec.cat\/badalona\/?p=25613"},"modified":"2025-12-09T13:51:41","modified_gmt":"2025-12-09T12:51:41","slug":"publicats-els-sabers-de-la-competencia-digital-de-lalumnat-deducacio-basica-i-lordre-de-certificacio-de-la-competencia-digital-docent","status":"publish","type":"post","link":"https:\/\/serveiseducatius.xtec.cat\/badalona\/portada\/publicats-els-sabers-de-la-competencia-digital-de-lalumnat-deducacio-basica-i-lordre-de-certificacio-de-la-competencia-digital-docent\/","title":{"rendered":"Publicats els sabers de la compet\u00e8ncia digital de l\u2019alumnat d\u2019educaci\u00f3 b\u00e0sica i l&#8217;ordre de certificaci\u00f3 de la compet\u00e8ncia digital docent"},"content":{"rendered":"<p>Us informem de dues not\u00edcies que s&#8217;han publicat aquests darrers dies: ja ha estat publicada l\u2019<strong>Ordre EDF\/107\/2025<\/strong>, de 26 de juny, per la qual es regula el procediment per acreditar la compet\u00e8ncia digital docent. Podeu descarregar el document<strong> <a href=\"https:\/\/portaldogc.gencat.cat\/utilsEADOP\/PDF\/9445\/2096907.pdf\">fent clic en aquest enlla\u00e7<\/a><\/strong>.<\/p>\n<p>I, en segon lloc, l\u2019\u00c0rea de Cultura Digital del Departament d\u2019Educaci\u00f3 i Formaci\u00f3 Professional ha fet p\u00fablics els <strong>sabers de la compet\u00e8ncia digital<\/strong>\u00a0per a l\u2019alumnat d\u2019educaci\u00f3 b\u00e0sica, un document clau per guiar el treball a l\u2019aula i avan\u00e7ar en el desenvolupament de les compet\u00e8ncies digitals de tot l\u2019alumnat.<\/p>\n<p>Els sabers s\u00f3n els coneixements, destreses, valors i actituds propis d\u2019una \u00e0rea, i resulten essencials per assolir les compet\u00e8ncies espec\u00edfiques. No es poden entendre nom\u00e9s com la simple transmissi\u00f3 i recepci\u00f3 de continguts, sin\u00f3 que formen part d\u2019un proc\u00e9s actiu i en construcci\u00f3, basat en la reflexi\u00f3 i l\u2019an\u00e0lisi acompanyada.<\/p>\n<p>En el cas de la compet\u00e8ncia digital, aquests sabers ofereixen una visi\u00f3 global i integradora per ajudar l\u2019alumnat a fer un \u00fas cr\u00edtic, responsable, creatiu i segur de les tecnologies digitals.<\/p>\n<p>El document organitza els sabers per cada una de les cinc compet\u00e8ncies espec\u00edfiques:<\/p>\n<ul class=\"wp-block-list\">\n<li><strong>Alfabetitzaci\u00f3 informacional<\/strong>: cerca, selecci\u00f3, gesti\u00f3 i an\u00e0lisi cr\u00edtica de la informaci\u00f3 i de les dades.<\/li>\n<li><strong>Creaci\u00f3 de contingut digital<\/strong>: producci\u00f3 i edici\u00f3 de continguts propis, tot respectant els drets d\u2019autor i les normes \u00e8tiques.<\/li>\n<li><strong>Participaci\u00f3 i col\u00b7laboraci\u00f3 en l\u00ednia<\/strong>: \u00fas d\u2019eines digitals per expressar-se, compartir, col\u00b7laborar i participar de manera respectuosa i segura.<\/li>\n<li><strong>Seguretat i benestar digital<\/strong>: protecci\u00f3 de dades i dispositius, cura de la salut i del benestar emocional i reflexi\u00f3 sobre l\u2019impacte de la tecnologia.<\/li>\n<li><strong>Desenvolupament de solucions digitals<\/strong>: \u00fas estrat\u00e8gic i creatiu de la tecnologia per afrontar reptes, cercar solucions i adaptar-se a situacions noves.<\/li>\n<\/ul>\n<p>Amb aquests sabers es vol oferir eines als docents perqu\u00e8 puguin dissenyar experi\u00e8ncies d\u2019aprenentatge significatives i connectades amb la realitat digital que viuen els infants i adolescents. Alhora, es vol afavorir que l\u2019alumnat construeixi el seu coneixement de manera cr\u00edtica i reflexiva, i que esdevingui part d\u2019una ciutadania activa i responsable.<\/p>\n<p>Els sabers de la compet\u00e8ncia digital complementen el document d\u2019orientacions i el document de criteris d\u2019avaluaci\u00f3 publicats anteriorment:<\/p>\n<ul class=\"wp-block-list\">\n<li><a href=\"https:\/\/projectes.xtec.cat\/nou-curriculum\/wp-content\/uploads\/usu2072\/2024\/02\/CD.pdf\">Compet\u00e8ncia digital \u2013 Orientacions<\/a><\/li>\n<li><a href=\"https:\/\/projectes.xtec.cat\/nou-curriculum\/wp-content\/uploads\/usu2072\/2023\/07\/Compete%CC%80ncies_CD.pdf\">Compet\u00e8ncia digital \u2013 Compet\u00e8ncies espec\u00edfiques i criteris d\u2019avaluaci\u00f3<\/a><\/li>\n<\/ul>\n<p><img loading=\"lazy\" decoding=\"async\" class=\"alignnone size-full wp-image-25614\" src=\"https:\/\/serveiseducatius.xtec.cat\/badalona\/wp-content\/uploads\/usu1088\/2025\/07\/sabers-noticia-1024x644-1.png\" alt=\"\" width=\"1024\" height=\"644\" srcset=\"https:\/\/serveiseducatius.xtec.cat\/badalona\/wp-content\/uploads\/usu1088\/2025\/07\/sabers-noticia-1024x644-1.png 1024w, https:\/\/serveiseducatius.xtec.cat\/badalona\/wp-content\/uploads\/usu1088\/2025\/07\/sabers-noticia-1024x644-1-300x189.png 300w, https:\/\/serveiseducatius.xtec.cat\/badalona\/wp-content\/uploads\/usu1088\/2025\/07\/sabers-noticia-1024x644-1-768x483.png 768w\" sizes=\"auto, (max-width: 1024px) 100vw, 1024px\" \/><\/p>\n","protected":false},"excerpt":{"rendered":"<p>Us informem de dues not\u00edcies que s&#8217;han publicat aquests darrers dies: ja ha estat publicada l\u2019Ordre EDF\/107\/2025, de 26 de [&hellip;]<\/p>\n","protected":false},"author":9,"featured_media":25620,"comment_status":"closed","ping_status":"open","sticky":false,"template":"","format":"standard","meta":{"_bbp_topic_count":0,"_bbp_reply_count":0,"_bbp_total_topic_count":0,"_bbp_total_reply_count":0,"_bbp_voice_count":0,"_bbp_anonymous_reply_count":0,"_bbp_topic_count_hidden":0,"_bbp_reply_count_hidden":0,"_bbp_forum_subforum_count":0,"site-sidebar-layout":"default","site-content-layout":"","ast-site-content-layout":"default","site-content-style":"default","site-sidebar-style":"default","ast-global-header-display":"","ast-banner-title-visibility":"","ast-main-header-display":"","ast-hfb-above-header-display":"","ast-hfb-below-header-display":"","ast-hfb-mobile-header-display":"","site-post-title":"","ast-breadcrumbs-content":"","ast-featured-img":"","footer-sml-layout":"","theme-transparent-header-meta":"default","adv-header-id-meta":"","stick-header-meta":"","header-above-stick-meta":"","header-main-stick-meta":"","header-below-stick-meta":"","astra-migrate-meta-layouts":"set","ast-page-background-enabled":"default","ast-page-background-meta":{"desktop":{"background-color":"var(--ast-global-color-4)","background-image":"","background-repeat":"repeat","background-position":"center center","background-size":"auto","background-attachment":"scroll","background-type":"","background-media":"","overlay-type":"","overlay-color":"","overlay-opacity":"","overlay-gradient":""},"tablet":{"background-color":"","background-image":"","background-repeat":"repeat","background-position":"center center","background-size":"auto","background-attachment":"scroll","background-type":"","background-media":"","overlay-type":"","overlay-color":"","overlay-opacity":"","overlay-gradient":""},"mobile":{"background-color":"","background-image":"","background-repeat":"repeat","background-position":"center center","background-size":"auto","background-attachment":"scroll","background-type":"","background-media":"","overlay-type":"","overlay-color":"","overlay-opacity":"","overlay-gradient":""}},"ast-content-background-meta":{"desktop":{"background-color":"var(--ast-global-color-5)","background-image":"","background-repeat":"repeat","background-position":"center center","background-size":"auto","background-attachment":"scroll","background-type":"","background-media":"","overlay-type":"","overlay-color":"","overlay-opacity":"","overlay-gradient":""},"tablet":{"background-color":"var(--ast-global-color-5)","background-image":"","background-repeat":"repeat","background-position":"center center","background-size":"auto","background-attachment":"scroll","background-type":"","background-media":"","overlay-type":"","overlay-color":"","overlay-opacity":"","overlay-gradient":""},"mobile":{"background-color":"var(--ast-global-color-5)","background-image":"","background-repeat":"repeat","background-position":"center center","background-size":"auto","background-attachment":"scroll","background-type":"","background-media":"","overlay-type":"","overlay-color":"","overlay-opacity":"","overlay-gradient":""}},"footnotes":""},"categories":[78,29],"tags":[1520,1505,1393,2136],"class_list":["post-25613","post","type-post","status-publish","format-standard","has-post-thumbnail","hentry","category-culturadigital","category-portada","tag-cdd","tag-competencia-digital","tag-cultura-digital","tag-sabers-de-la-cda"],"post_mailing_queue_ids":[],"_links":{"self":[{"href":"https:\/\/serveiseducatius.xtec.cat\/badalona\/wp-json\/wp\/v2\/posts\/25613","targetHints":{"allow":["GET"]}}],"collection":[{"href":"https:\/\/serveiseducatius.xtec.cat\/badalona\/wp-json\/wp\/v2\/posts"}],"about":[{"href":"https:\/\/serveiseducatius.xtec.cat\/badalona\/wp-json\/wp\/v2\/types\/post"}],"author":[{"embeddable":true,"href":"https:\/\/serveiseducatius.xtec.cat\/badalona\/wp-json\/wp\/v2\/users\/9"}],"replies":[{"embeddable":true,"href":"https:\/\/serveiseducatius.xtec.cat\/badalona\/wp-json\/wp\/v2\/comments?post=25613"}],"version-history":[{"count":1,"href":"https:\/\/serveiseducatius.xtec.cat\/badalona\/wp-json\/wp\/v2\/posts\/25613\/revisions"}],"predecessor-version":[{"id":25616,"href":"https:\/\/serveiseducatius.xtec.cat\/badalona\/wp-json\/wp\/v2\/posts\/25613\/revisions\/25616"}],"wp:featuredmedia":[{"embeddable":true,"href":"https:\/\/serveiseducatius.xtec.cat\/badalona\/wp-json\/wp\/v2\/media\/25620"}],"wp:attachment":[{"href":"https:\/\/serveiseducatius.xtec.cat\/badalona\/wp-json\/wp\/v2\/media?parent=25613"}],"wp:term":[{"taxonomy":"category","embeddable":true,"href":"https:\/\/serveiseducatius.xtec.cat\/badalona\/wp-json\/wp\/v2\/categories?post=25613"},{"taxonomy":"post_tag","embeddable":true,"href":"https:\/\/serveiseducatius.xtec.cat\/badalona\/wp-json\/wp\/v2\/tags?post=25613"}],"curies":[{"name":"wp","href":"https:\/\/api.w.org\/{rel}","templated":true}]}}