{"id":25543,"date":"2025-06-19T11:23:54","date_gmt":"2025-06-19T09:23:54","guid":{"rendered":"https:\/\/serveiseducatius.xtec.cat\/badalona\/?p=25543"},"modified":"2025-06-23T09:23:24","modified_gmt":"2025-06-23T07:23:24","slug":"guia-per-introduir-la-perspectiva-lgtbi-en-lembit-del-lleure-educatiu-i-esportiu","status":"publish","type":"post","link":"https:\/\/serveiseducatius.xtec.cat\/badalona\/portada\/guia-per-introduir-la-perspectiva-lgtbi-en-lembit-del-lleure-educatiu-i-esportiu\/","title":{"rendered":"Guia per introduir la perspectiva LGTBI+ en l&#8217;\u00e0mbit del lleure educatiu i esportiu"},"content":{"rendered":"<p>&nbsp;<\/p>\n<p><img loading=\"lazy\" decoding=\"async\" class=\"size-full wp-image-25544 alignleft\" src=\"https:\/\/serveiseducatius.xtec.cat\/badalona\/wp-content\/uploads\/usu1088\/2025\/06\/Captura-de-pantalla-2025-06-19-111744.png\" alt=\"\" width=\"561\" height=\"735\" srcset=\"https:\/\/serveiseducatius.xtec.cat\/badalona\/wp-content\/uploads\/usu1088\/2025\/06\/Captura-de-pantalla-2025-06-19-111744.png 561w, https:\/\/serveiseducatius.xtec.cat\/badalona\/wp-content\/uploads\/usu1088\/2025\/06\/Captura-de-pantalla-2025-06-19-111744-229x300.png 229w\" sizes=\"auto, (max-width: 561px) 100vw, 561px\" \/>El <a href=\"https:\/\/igualtat.gencat.cat\/ca\/inici\/index.html\" target=\"_blank\" rel=\"noopener\">Departament d\u2019Igualtat i Feminisme<\/a> conjuntament amb el Departament de Drets Socials i Inclusi\u00f3 i el Departament d\u2019Esports han presentat aquest divendres la<a href=\"https:\/\/igualtat.gencat.cat\/web\/.content\/Ambits\/LGBTI\/publicacions\/Guia-per-introduir-la-perspectiva-LGBTI-en-lambit-de-lesport-i-el-lleure_2025.pdf\" target=\"_blank\" rel=\"noopener\"> Guia per introduir la perspectiva LGBTI+ en l\u2019\u00e0mbit del lleure educatiu i esportiu.\u00a0<\/a><\/p>\n<p>La publicaci\u00f3 est\u00e0 adre\u00e7ada a professionals, entitats, escoles de formaci\u00f3 i instal\u00b7lacions que desenvolupen activitats educatives o esportives amb infants i joves, i ofereix eines per promoure la igualtat, prevenir l&#8217;LGBTI-f\u00f2bia i incorporar la diversitat afectiva, sexual i de g\u00e8nere en el funcionament quotidi\u00e0 dels serveis.<\/p>\n<p>La guia proporciona recomanacions concretes per transformar les pr\u00e0ctiques internes de les entitats, des del llenguatge i l\u2019acollida fins a l\u2019organitzaci\u00f3 dels espais, els protocols d\u2019actuaci\u00f3 i la formaci\u00f3 dels equips. Inclou tamb\u00e9 recursos espec\u00edfics per a l\u2019acompanyament a persones trans, materials per a la comunicaci\u00f3 inclusiva i indicadors d\u2019autoavaluaci\u00f3.\u00a0<\/p>\n<p><strong>Una eina transformadora<\/strong><\/p>\n<p>\u00a0La guia s\u2019estructura en diversos apartats que inclouen:<\/p>\n<ol>\n<li data-list=\"bullet\">Conceptes b\u00e0sics sobre diversitat afectiva, sexual i de g\u00e8nere<\/li>\n<li data-list=\"bullet\">Bones pr\u00e0ctiques en l\u2019acollida, el llenguatge i l\u2019organitzaci\u00f3 interna<\/li>\n<li data-list=\"bullet\">Protocols per prevenir i abordar situacions de discriminaci\u00f3<\/li>\n<li data-list=\"bullet\">Eines d\u2019autoavaluaci\u00f3 per a les entitats<\/li>\n<li data-list=\"bullet\">Recursos espec\u00edfics per acompanyar infants i joves trans<\/li>\n<li data-list=\"bullet\">Propostes per adaptar espais i materials.<\/li>\n<\/ol>\n<p>Tamb\u00e9 hi trobem annexos amb models de documents i infografies, recomanacions culturals i un glossari terminol\u00f2gic. L\u2019objectiu final \u00e9s garantir que les activitats de lleure i esportives siguin espais afirmatius on totes les persones se sentin acollides i valorades. Entenent com espais afirmatius aquells entorns on es reconeix, respecta i valora activament la diversitat de g\u00e8nere i sexual, no nom\u00e9s des de la toler\u00e0ncia, sin\u00f3 com a part enriquidora del col\u00b7lectiu.<\/p>\n<p>Aquesta publicaci\u00f3 s\u2019afegeix a una s\u00e8rie de guies elaborades pel Departament d\u2019Igualtat i Feminisme conjuntament amb Drets Socials i Inclusi\u00f3 per incorporar la perspectiva LGBTI+ en diversos \u00e0mbits socials i comunitaris. Entre d\u2019altres, destaquen la Guia per incorporar la perspectiva LGBTI+ als centres i recursos per a persones grans, la Guia per incorporar la perspectiva LGBTI+ als equipaments i serveis c\u00edvics i comunitaris o la Guia per incorporar la perspectiva LGBTI+ als serveis i recursos de la Direcci\u00f3 General d\u2019Atenci\u00f3 a la Inf\u00e0ncia i l\u2019Adolesc\u00e8ncia (DGAIA). Aquests materials tenen com a objectiu proporcionar orientacions clares i aplicables per garantir entorns segurs, respectuosos i lliures de discriminaci\u00f3, posant al centre els drets i les viv\u00e8ncies de les persones LGBTI+.<\/p>\n<p>&nbsp;<\/p>\n","protected":false},"excerpt":{"rendered":"<p>&nbsp; El Departament d\u2019Igualtat i Feminisme conjuntament amb el Departament de Drets Socials i Inclusi\u00f3 i el Departament d\u2019Esports han [&hellip;]<\/p>\n","protected":false},"author":15,"featured_media":25544,"comment_status":"closed","ping_status":"open","sticky":false,"template":"","format":"standard","meta":{"_bbp_topic_count":0,"_bbp_reply_count":0,"_bbp_total_topic_count":0,"_bbp_total_reply_count":0,"_bbp_voice_count":0,"_bbp_anonymous_reply_count":0,"_bbp_topic_count_hidden":0,"_bbp_reply_count_hidden":0,"_bbp_forum_subforum_count":0,"site-sidebar-layout":"default","site-content-layout":"","ast-site-content-layout":"default","site-content-style":"default","site-sidebar-style":"default","ast-global-header-display":"","ast-banner-title-visibility":"","ast-main-header-display":"","ast-hfb-above-header-display":"","ast-hfb-below-header-display":"","ast-hfb-mobile-header-display":"","site-post-title":"","ast-breadcrumbs-content":"","ast-featured-img":"","footer-sml-layout":"","theme-transparent-header-meta":"default","adv-header-id-meta":"","stick-header-meta":"","header-above-stick-meta":"","header-main-stick-meta":"","header-below-stick-meta":"","astra-migrate-meta-layouts":"set","ast-page-background-enabled":"default","ast-page-background-meta":{"desktop":{"background-color":"var(--ast-global-color-4)","background-image":"","background-repeat":"repeat","background-position":"center center","background-size":"auto","background-attachment":"scroll","background-type":"","background-media":"","overlay-type":"","overlay-color":"","overlay-opacity":"","overlay-gradient":""},"tablet":{"background-color":"","background-image":"","background-repeat":"repeat","background-position":"center center","background-size":"auto","background-attachment":"scroll","background-type":"","background-media":"","overlay-type":"","overlay-color":"","overlay-opacity":"","overlay-gradient":""},"mobile":{"background-color":"","background-image":"","background-repeat":"repeat","background-position":"center center","background-size":"auto","background-attachment":"scroll","background-type":"","background-media":"","overlay-type":"","overlay-color":"","overlay-opacity":"","overlay-gradient":""}},"ast-content-background-meta":{"desktop":{"background-color":"var(--ast-global-color-5)","background-image":"","background-repeat":"repeat","background-position":"center center","background-size":"auto","background-attachment":"scroll","background-type":"","background-media":"","overlay-type":"","overlay-color":"","overlay-opacity":"","overlay-gradient":""},"tablet":{"background-color":"var(--ast-global-color-5)","background-image":"","background-repeat":"repeat","background-position":"center center","background-size":"auto","background-attachment":"scroll","background-type":"","background-media":"","overlay-type":"","overlay-color":"","overlay-opacity":"","overlay-gradient":""},"mobile":{"background-color":"var(--ast-global-color-5)","background-image":"","background-repeat":"repeat","background-position":"center center","background-size":"auto","background-attachment":"scroll","background-type":"","background-media":"","overlay-type":"","overlay-color":"","overlay-opacity":"","overlay-gradient":""}},"footnotes":""},"categories":[1450,29,76],"tags":[645,1853],"class_list":["post-25543","post","type-post","status-publish","format-standard","has-post-thumbnail","hentry","category-coeducacio-perspectiva-de-genere-i-educacio-afectiva-sexual","category-portada","category-recursos","tag-coeducacio","tag-les-escoles-lliures-de-violencia"],"post_mailing_queue_ids":[],"_links":{"self":[{"href":"https:\/\/serveiseducatius.xtec.cat\/badalona\/wp-json\/wp\/v2\/posts\/25543","targetHints":{"allow":["GET"]}}],"collection":[{"href":"https:\/\/serveiseducatius.xtec.cat\/badalona\/wp-json\/wp\/v2\/posts"}],"about":[{"href":"https:\/\/serveiseducatius.xtec.cat\/badalona\/wp-json\/wp\/v2\/types\/post"}],"author":[{"embeddable":true,"href":"https:\/\/serveiseducatius.xtec.cat\/badalona\/wp-json\/wp\/v2\/users\/15"}],"replies":[{"embeddable":true,"href":"https:\/\/serveiseducatius.xtec.cat\/badalona\/wp-json\/wp\/v2\/comments?post=25543"}],"version-history":[{"count":2,"href":"https:\/\/serveiseducatius.xtec.cat\/badalona\/wp-json\/wp\/v2\/posts\/25543\/revisions"}],"predecessor-version":[{"id":25561,"href":"https:\/\/serveiseducatius.xtec.cat\/badalona\/wp-json\/wp\/v2\/posts\/25543\/revisions\/25561"}],"wp:featuredmedia":[{"embeddable":true,"href":"https:\/\/serveiseducatius.xtec.cat\/badalona\/wp-json\/wp\/v2\/media\/25544"}],"wp:attachment":[{"href":"https:\/\/serveiseducatius.xtec.cat\/badalona\/wp-json\/wp\/v2\/media?parent=25543"}],"wp:term":[{"taxonomy":"category","embeddable":true,"href":"https:\/\/serveiseducatius.xtec.cat\/badalona\/wp-json\/wp\/v2\/categories?post=25543"},{"taxonomy":"post_tag","embeddable":true,"href":"https:\/\/serveiseducatius.xtec.cat\/badalona\/wp-json\/wp\/v2\/tags?post=25543"}],"curies":[{"name":"wp","href":"https:\/\/api.w.org\/{rel}","templated":true}]}}