{"id":25462,"date":"2025-06-10T09:45:07","date_gmt":"2025-06-10T07:45:07","guid":{"rendered":"https:\/\/serveiseducatius.xtec.cat\/badalona\/?p=25462"},"modified":"2025-12-09T13:52:10","modified_gmt":"2025-12-09T12:52:10","slug":"jornades-experiencies-artistiques-de-ciutadania-critica-reimaginar-la-democracia-des-de-les-aules-8-i-9-de-juliol-de-2025","status":"publish","type":"post","link":"https:\/\/serveiseducatius.xtec.cat\/badalona\/general\/jornades-experiencies-artistiques-de-ciutadania-critica-reimaginar-la-democracia-des-de-les-aules-8-i-9-de-juliol-de-2025\/","title":{"rendered":"Jornades &#8220;Experi\u00e8ncies art\u00edstiques de ciutadania cr\u00edtica. Reimaginar la democr\u00e0cia des de les aules&#8221;. 8 i 9 de juliol de 2025"},"content":{"rendered":"<p><img loading=\"lazy\" decoding=\"async\" class=\"size-full wp-image-25463 alignleft\" src=\"https:\/\/serveiseducatius.xtec.cat\/badalona\/wp-content\/uploads\/usu1088\/2025\/06\/Esbrina.jpg\" alt=\"\" width=\"324\" height=\"160\" srcset=\"https:\/\/serveiseducatius.xtec.cat\/badalona\/wp-content\/uploads\/usu1088\/2025\/06\/Esbrina.jpg 324w, https:\/\/serveiseducatius.xtec.cat\/badalona\/wp-content\/uploads\/usu1088\/2025\/06\/Esbrina-300x148.jpg 300w\" sizes=\"auto, (max-width: 324px) 100vw, 324px\" \/>Us convidem a participar a les Jornades &#8220;<a href=\"https:\/\/esbrina.eu\/2025\/05\/27\/experiencies-artistiques-de-ciutadania-critica-reimaginar-la-democracia-des-de-les-aules\/\" data-saferedirecturl=\"https:\/\/www.google.com\/url?q=https:\/\/esbrina.eu\/2025\/05\/27\/experiencies-artistiques-de-ciutadania-critica-reimaginar-la-democracia-des-de-les-aules\/&amp;source=gmail&amp;ust=1749623299968000&amp;usg=AOvVaw271cS8GOnBeMO-_dFDjRUj\">Experi\u00e8ncies art\u00edstiques de ciutadania cr\u00edtica. Reimaginar la democr\u00e0cia des de les aules<\/a>&#8220;, que se celebraran els dies 8 i 9 de juliol de 2025 al CESSIRE &#8211; Centre de Recursos Pedag\u00f2gics Espec\u00edfics de Suport a la Innovaci\u00f3 i la Recerca Educativa.<\/p>\n<p>Aquestes jornades s&#8217;emmarquen en el projecte europeu\u00a0<a href=\"https:\/\/criticalchangelab.eu\/en\/\" data-saferedirecturl=\"https:\/\/www.google.com\/url?q=https:\/\/criticalchangelab.eu\/en\/&amp;source=gmail&amp;ust=1749623299968000&amp;usg=AOvVaw1OpMiL7D016is1NQ4dqHCx\">Critical ChangeLab<\/a>\u00a0(GA 101094217, programa Horitz\u00f3 Europa), l&#8217;objectiu del qual \u00e9s reimaginar la relaci\u00f3 entre joventut i democr\u00e0cia.<\/p>\n<p><strong>Trucada a contribucions<\/strong><\/p>\n<p>La convocat\u00f2ria \u00e9s oberta a propostes de diferents formats que recullin la diversitat d&#8217;experi\u00e8ncies, estrat\u00e8gies i reflexions sorgides al voltant de l&#8217;educaci\u00f3 democr\u00e0tica i les pr\u00e0ctiques art\u00edstiques.<\/p>\n<p>Per a m\u00e9s informaci\u00f3 sobre el proc\u00e9s d&#8217;inscripci\u00f3 i enviament de contribucions podeu consultar en\u00a0<a href=\"https:\/\/esbrina.eu\/2025\/05\/27\/experiencies-artistiques-de-ciutadania-critica-reimaginar-la-democracia-des-de-les-aules\/\" data-saferedirecturl=\"https:\/\/www.google.com\/url?q=https:\/\/esbrina.eu\/2025\/05\/27\/experiencies-artistiques-de-ciutadania-critica-reimaginar-la-democracia-des-de-les-aules\/&amp;source=gmail&amp;ust=1749623299968000&amp;usg=AOvVaw271cS8GOnBeMO-_dFDjRUj\">aquest enlla\u00e7<\/a>.<\/p>\n","protected":false},"excerpt":{"rendered":"<p>Us convidem a participar a les Jornades &#8220;Experi\u00e8ncies art\u00edstiques de ciutadania cr\u00edtica. Reimaginar la democr\u00e0cia des de les aules&#8220;, que [&hellip;]<\/p>\n","protected":false},"author":9,"featured_media":25463,"comment_status":"closed","ping_status":"open","sticky":false,"template":"","format":"standard","meta":{"_bbp_topic_count":0,"_bbp_reply_count":0,"_bbp_total_topic_count":0,"_bbp_total_reply_count":0,"_bbp_voice_count":0,"_bbp_anonymous_reply_count":0,"_bbp_topic_count_hidden":0,"_bbp_reply_count_hidden":0,"_bbp_forum_subforum_count":0,"site-sidebar-layout":"default","site-content-layout":"","ast-site-content-layout":"default","site-content-style":"default","site-sidebar-style":"default","ast-global-header-display":"","ast-banner-title-visibility":"","ast-main-header-display":"","ast-hfb-above-header-display":"","ast-hfb-below-header-display":"","ast-hfb-mobile-header-display":"","site-post-title":"","ast-breadcrumbs-content":"","ast-featured-img":"","footer-sml-layout":"","theme-transparent-header-meta":"default","adv-header-id-meta":"","stick-header-meta":"","header-above-stick-meta":"","header-main-stick-meta":"","header-below-stick-meta":"","astra-migrate-meta-layouts":"set","ast-page-background-enabled":"default","ast-page-background-meta":{"desktop":{"background-color":"var(--ast-global-color-4)","background-image":"","background-repeat":"repeat","background-position":"center center","background-size":"auto","background-attachment":"scroll","background-type":"","background-media":"","overlay-type":"","overlay-color":"","overlay-opacity":"","overlay-gradient":""},"tablet":{"background-color":"","background-image":"","background-repeat":"repeat","background-position":"center center","background-size":"auto","background-attachment":"scroll","background-type":"","background-media":"","overlay-type":"","overlay-color":"","overlay-opacity":"","overlay-gradient":""},"mobile":{"background-color":"","background-image":"","background-repeat":"repeat","background-position":"center center","background-size":"auto","background-attachment":"scroll","background-type":"","background-media":"","overlay-type":"","overlay-color":"","overlay-opacity":"","overlay-gradient":""}},"ast-content-background-meta":{"desktop":{"background-color":"var(--ast-global-color-5)","background-image":"","background-repeat":"repeat","background-position":"center center","background-size":"auto","background-attachment":"scroll","background-type":"","background-media":"","overlay-type":"","overlay-color":"","overlay-opacity":"","overlay-gradient":""},"tablet":{"background-color":"var(--ast-global-color-5)","background-image":"","background-repeat":"repeat","background-position":"center center","background-size":"auto","background-attachment":"scroll","background-type":"","background-media":"","overlay-type":"","overlay-color":"","overlay-opacity":"","overlay-gradient":""},"mobile":{"background-color":"var(--ast-global-color-5)","background-image":"","background-repeat":"repeat","background-position":"center center","background-size":"auto","background-attachment":"scroll","background-type":"","background-media":"","overlay-type":"","overlay-color":"","overlay-opacity":"","overlay-gradient":""}},"footnotes":""},"categories":[1,1540,29],"tags":[647,1704],"class_list":["post-25462","post","type-post","status-publish","format-standard","has-post-thumbnail","hentry","category-general","category-oferta-daltres-institucions","category-portada","tag-art","tag-educacio-artistica"],"post_mailing_queue_ids":[],"_links":{"self":[{"href":"https:\/\/serveiseducatius.xtec.cat\/badalona\/wp-json\/wp\/v2\/posts\/25462","targetHints":{"allow":["GET"]}}],"collection":[{"href":"https:\/\/serveiseducatius.xtec.cat\/badalona\/wp-json\/wp\/v2\/posts"}],"about":[{"href":"https:\/\/serveiseducatius.xtec.cat\/badalona\/wp-json\/wp\/v2\/types\/post"}],"author":[{"embeddable":true,"href":"https:\/\/serveiseducatius.xtec.cat\/badalona\/wp-json\/wp\/v2\/users\/9"}],"replies":[{"embeddable":true,"href":"https:\/\/serveiseducatius.xtec.cat\/badalona\/wp-json\/wp\/v2\/comments?post=25462"}],"version-history":[{"count":1,"href":"https:\/\/serveiseducatius.xtec.cat\/badalona\/wp-json\/wp\/v2\/posts\/25462\/revisions"}],"predecessor-version":[{"id":25464,"href":"https:\/\/serveiseducatius.xtec.cat\/badalona\/wp-json\/wp\/v2\/posts\/25462\/revisions\/25464"}],"wp:featuredmedia":[{"embeddable":true,"href":"https:\/\/serveiseducatius.xtec.cat\/badalona\/wp-json\/wp\/v2\/media\/25463"}],"wp:attachment":[{"href":"https:\/\/serveiseducatius.xtec.cat\/badalona\/wp-json\/wp\/v2\/media?parent=25462"}],"wp:term":[{"taxonomy":"category","embeddable":true,"href":"https:\/\/serveiseducatius.xtec.cat\/badalona\/wp-json\/wp\/v2\/categories?post=25462"},{"taxonomy":"post_tag","embeddable":true,"href":"https:\/\/serveiseducatius.xtec.cat\/badalona\/wp-json\/wp\/v2\/tags?post=25462"}],"curies":[{"name":"wp","href":"https:\/\/api.w.org\/{rel}","templated":true}]}}