{"id":2542,"date":"2016-03-31T12:34:06","date_gmt":"2016-03-31T10:34:06","guid":{"rendered":"http:\/\/serveiseducatius.xtec.cat\/badalona\/general\/aia-amaoasataraaa-adaea-aparaoagaraaamaaacaiaa-aia-araoabaataiacaaa-adaeala-abaaaracaealaoanaasa-anaoarada\/"},"modified":"2016-12-15T09:18:31","modified_gmt":"2016-12-15T08:18:31","slug":"aia-amaoasataraaa-adaea-aparaoagaraaamaaacaiaa-aia-araoabaataiacaaa-adaeala-abaaaracaealaoanaasa-anaoarada","status":"publish","type":"post","link":"https:\/\/serveiseducatius.xtec.cat\/badalona\/general\/aia-amaoasataraaa-adaea-aparaoagaraaamaaacaiaa-aia-araoabaataiacaaa-adaeala-abaaaracaealaoanaasa-anaoarada\/","title":{"rendered":"I MOSTRA DE PROGRAMACI\u00d3 I ROB\u00d2TICA DEL BARCELON\u00c8S NORD"},"content":{"rendered":"<table class=\"htmtableborders\" style=\"height: 211px; width: 587px;\" border=\"0\">\n<tbody>\n<tr style=\"text-align: left;\">\n<td><a href=\"https:\/\/lh3.googleusercontent.com\/-vueHv0p7Xs4\/Vvz4OtpFNiI\/AAAAAAAAGKc\/1dq7mpC1nTsbM1j91L_gMYWX7Nlm8Bt2ACCo\/s640-Ic42\/cartell%2Bmostra%2Brobotica.jpg\" target=\"_blank\"><img loading=\"lazy\" decoding=\"async\" src=\"https:\/\/lh3.googleusercontent.com\/-vueHv0p7Xs4\/Vvz4OtpFNiI\/AAAAAAAAGKc\/1dq7mpC1nTsbM1j91L_gMYWX7Nlm8Bt2ACCo\/s640-Ic42\/cartell%2Bmostra%2Brobotica.jpg\" alt=\"\" width=\"117\" height=\"207\" \/><\/a><\/td>\n<td><span style=\"font-family: verdana, geneva;\"><strong><span style=\"font-size: 10pt;\">I MOSTRA DE PROGRAMACI\u00d3 I ROB\u00d2TICA DEL BARCELON\u00c8S NORD<\/span><\/strong><\/span><\/p>\n<p style=\"padding-left: 30px;\"><span style=\"font-size: 10pt; font-family: verdana, geneva;\">Data: \u00a013 d&#8217;abril,<\/span><br \/>\n<span style=\"font-size: 10pt; font-family: verdana, geneva;\">Horari: de 10 a 13 h, <\/span><br \/>\n<span style=\"font-size: 10pt; font-family: verdana, geneva;\">Lloc: Centre Cultural l&#8217;Escorxador &#8211; NAU3 de Badalona<\/span><\/p>\n<p><span style=\"font-size: 10pt; font-family: verdana, geneva;\">Hi participaran i presentaran els seus treballs els instituts:<\/span><\/p>\n<p><span style=\"font-family: verdana, geneva;\"><span style=\"font-size: 8pt;\"><em><strong>Badalona:\u00a0<\/strong><\/em>Pompeu Fabra,\u00a0Badalona VII, J\u00falia Minguell, Maristes Champagnat,<br \/>\n<strong><em>Santa Coloma de Gramenet:\u00a0<\/em><\/strong>Ramon Berenguer IV,\u00a0Terra Roja,\u00a0Torrent de les Bruixes,\u00a0Seimar<br \/>\n<\/span><strong><em><span style=\"font-size: 8pt;\">Sant Adri\u00e0 del Bes\u00f2s:<\/span>\u00a0<\/em><\/strong><span style=\"font-size: 8pt;\">Manuel Vazquez Montalb\u00e1n<\/span><\/span><\/td>\n<td style=\"text-align: left;\"><\/td>\n<\/tr>\n<\/tbody>\n<\/table>\n","protected":false},"excerpt":{"rendered":"<p>I MOSTRA DE PROGRAMACI\u00d3 I ROB\u00d2TICA DEL BARCELON\u00c8S NORD<\/p>\n","protected":false},"author":1,"featured_media":5614,"comment_status":"open","ping_status":"open","sticky":false,"template":"","format":"standard","meta":{"_bbp_topic_count":0,"_bbp_reply_count":0,"_bbp_total_topic_count":0,"_bbp_total_reply_count":0,"_bbp_voice_count":0,"_bbp_anonymous_reply_count":0,"_bbp_topic_count_hidden":0,"_bbp_reply_count_hidden":0,"_bbp_forum_subforum_count":0,"site-sidebar-layout":"default","site-content-layout":"","ast-site-content-layout":"","site-content-style":"default","site-sidebar-style":"default","ast-global-header-display":"","ast-banner-title-visibility":"","ast-main-header-display":"","ast-hfb-above-header-display":"","ast-hfb-below-header-display":"","ast-hfb-mobile-header-display":"","site-post-title":"","ast-breadcrumbs-content":"","ast-featured-img":"","footer-sml-layout":"","theme-transparent-header-meta":"","adv-header-id-meta":"","stick-header-meta":"","header-above-stick-meta":"","header-main-stick-meta":"","header-below-stick-meta":"","astra-migrate-meta-layouts":"default","ast-page-background-enabled":"default","ast-page-background-meta":{"desktop":{"background-color":"var(--ast-global-color-4)","background-image":"","background-repeat":"repeat","background-position":"center center","background-size":"auto","background-attachment":"scroll","background-type":"","background-media":"","overlay-type":"","overlay-color":"","overlay-opacity":"","overlay-gradient":""},"tablet":{"background-color":"","background-image":"","background-repeat":"repeat","background-position":"center center","background-size":"auto","background-attachment":"scroll","background-type":"","background-media":"","overlay-type":"","overlay-color":"","overlay-opacity":"","overlay-gradient":""},"mobile":{"background-color":"","background-image":"","background-repeat":"repeat","background-position":"center center","background-size":"auto","background-attachment":"scroll","background-type":"","background-media":"","overlay-type":"","overlay-color":"","overlay-opacity":"","overlay-gradient":""}},"ast-content-background-meta":{"desktop":{"background-color":"var(--ast-global-color-5)","background-image":"","background-repeat":"repeat","background-position":"center center","background-size":"auto","background-attachment":"scroll","background-type":"","background-media":"","overlay-type":"","overlay-color":"","overlay-opacity":"","overlay-gradient":""},"tablet":{"background-color":"var(--ast-global-color-5)","background-image":"","background-repeat":"repeat","background-position":"center center","background-size":"auto","background-attachment":"scroll","background-type":"","background-media":"","overlay-type":"","overlay-color":"","overlay-opacity":"","overlay-gradient":""},"mobile":{"background-color":"var(--ast-global-color-5)","background-image":"","background-repeat":"repeat","background-position":"center center","background-size":"auto","background-attachment":"scroll","background-type":"","background-media":"","overlay-type":"","overlay-color":"","overlay-opacity":"","overlay-gradient":""}},"footnotes":""},"categories":[1,406],"tags":[205,208],"class_list":["post-2542","post","type-post","status-publish","format-standard","has-post-thumbnail","hentry","category-general","category-robotica-educativa","tag-intraweb","tag-noticies"],"post_mailing_queue_ids":[],"_links":{"self":[{"href":"https:\/\/serveiseducatius.xtec.cat\/badalona\/wp-json\/wp\/v2\/posts\/2542","targetHints":{"allow":["GET"]}}],"collection":[{"href":"https:\/\/serveiseducatius.xtec.cat\/badalona\/wp-json\/wp\/v2\/posts"}],"about":[{"href":"https:\/\/serveiseducatius.xtec.cat\/badalona\/wp-json\/wp\/v2\/types\/post"}],"author":[{"embeddable":true,"href":"https:\/\/serveiseducatius.xtec.cat\/badalona\/wp-json\/wp\/v2\/users\/1"}],"replies":[{"embeddable":true,"href":"https:\/\/serveiseducatius.xtec.cat\/badalona\/wp-json\/wp\/v2\/comments?post=2542"}],"version-history":[{"count":3,"href":"https:\/\/serveiseducatius.xtec.cat\/badalona\/wp-json\/wp\/v2\/posts\/2542\/revisions"}],"predecessor-version":[{"id":5618,"href":"https:\/\/serveiseducatius.xtec.cat\/badalona\/wp-json\/wp\/v2\/posts\/2542\/revisions\/5618"}],"wp:featuredmedia":[{"embeddable":true,"href":"https:\/\/serveiseducatius.xtec.cat\/badalona\/wp-json\/wp\/v2\/media\/5614"}],"wp:attachment":[{"href":"https:\/\/serveiseducatius.xtec.cat\/badalona\/wp-json\/wp\/v2\/media?parent=2542"}],"wp:term":[{"taxonomy":"category","embeddable":true,"href":"https:\/\/serveiseducatius.xtec.cat\/badalona\/wp-json\/wp\/v2\/categories?post=2542"},{"taxonomy":"post_tag","embeddable":true,"href":"https:\/\/serveiseducatius.xtec.cat\/badalona\/wp-json\/wp\/v2\/tags?post=2542"}],"curies":[{"name":"wp","href":"https:\/\/api.w.org\/{rel}","templated":true}]}}