{"id":25371,"date":"2025-05-16T10:50:18","date_gmt":"2025-05-16T08:50:18","guid":{"rendered":"https:\/\/serveiseducatius.xtec.cat\/badalona\/?p=25371"},"modified":"2025-05-16T10:52:04","modified_gmt":"2025-05-16T08:52:04","slug":"estrategies-de-suport-a-la-regulacio-de-la-conducta-i-abordatge-de-les-desregulacions-conductuals-als-centres-educatius-2","status":"publish","type":"post","link":"https:\/\/serveiseducatius.xtec.cat\/badalona\/portada\/estrategies-de-suport-a-la-regulacio-de-la-conducta-i-abordatge-de-les-desregulacions-conductuals-als-centres-educatius-2\/","title":{"rendered":"Estrat\u00e8gies de suport a la regulaci\u00f3 de la conducta i abordatge de les desregulacions conductuals als centres educatius"},"content":{"rendered":"<p><a href=\"https:\/\/educacio.gencat.cat\/ca\/departament\/publicacions\/colleccions\/inclusio\/regulacio-conducta\/index.html\" target=\"_blank\" rel=\"noopener\"><img loading=\"lazy\" decoding=\"async\" class=\"size-full wp-image-25372 alignleft\" src=\"https:\/\/serveiseducatius.xtec.cat\/badalona\/wp-content\/uploads\/usu1088\/2025\/05\/regulacio-conducta.jpg\" alt=\"\" width=\"268\" height=\"379\" srcset=\"https:\/\/serveiseducatius.xtec.cat\/badalona\/wp-content\/uploads\/usu1088\/2025\/05\/regulacio-conducta.jpg 268w, https:\/\/serveiseducatius.xtec.cat\/badalona\/wp-content\/uploads\/usu1088\/2025\/05\/regulacio-conducta-212x300.jpg 212w\" sizes=\"auto, (max-width: 268px) 100vw, 268px\" \/>Aquest document<\/a> es presenta com una eina de reflexi\u00f3 per ajudar els centres educatius a incorporar elements de suport a la regulaci\u00f3 de la conducta dins dels plans de suport individuals. Es tracta d\u2019una proposta que pot complementar el projecte de conviv\u00e8ncia i les normes d\u2019organitzaci\u00f3 i funcionament del centre, amb l\u2019objectiu de millorar el clima escolar i la contenci\u00f3 de les desregulacions de la conducta.<\/p>\n<p>Els centres hi trobaran orientacions i propostes per generar contextos amb una alta capacitat reguladora: des de l\u2019estructura i l\u2019organitzaci\u00f3 del centre fins a la metodologia, els espais, el vincle entre alumnat i professorat i la col\u00b7laboraci\u00f3 amb les fam\u00edlies. Tots aquests elements es conceben com a factors clau per afavorir conductes positives i un entorn educatiu m\u00e9s segur i acollidor per a tothom.<\/p>\n<p><a href=\"https:\/\/educacio.gencat.cat\/ca\/departament\/publicacions\/colleccions\/inclusio\/regulacio-conducta\/index.html\" target=\"_blank\" rel=\"noopener\">Enlla\u00e7<\/a><\/p>\n","protected":false},"excerpt":{"rendered":"<p>Aquest document es presenta com una eina de reflexi\u00f3 per ajudar els centres educatius a incorporar elements de suport a [&hellip;]<\/p>\n","protected":false},"author":1,"featured_media":25372,"comment_status":"closed","ping_status":"closed","sticky":false,"template":"","format":"standard","meta":{"_bbp_topic_count":0,"_bbp_reply_count":0,"_bbp_total_topic_count":0,"_bbp_total_reply_count":0,"_bbp_voice_count":0,"_bbp_anonymous_reply_count":0,"_bbp_topic_count_hidden":0,"_bbp_reply_count_hidden":0,"_bbp_forum_subforum_count":0,"site-sidebar-layout":"default","site-content-layout":"","ast-site-content-layout":"default","site-content-style":"default","site-sidebar-style":"default","ast-global-header-display":"","ast-banner-title-visibility":"","ast-main-header-display":"","ast-hfb-above-header-display":"","ast-hfb-below-header-display":"","ast-hfb-mobile-header-display":"","site-post-title":"","ast-breadcrumbs-content":"","ast-featured-img":"","footer-sml-layout":"","theme-transparent-header-meta":"default","adv-header-id-meta":"","stick-header-meta":"","header-above-stick-meta":"","header-main-stick-meta":"","header-below-stick-meta":"","astra-migrate-meta-layouts":"set","ast-page-background-enabled":"default","ast-page-background-meta":{"desktop":{"background-color":"var(--ast-global-color-4)","background-image":"","background-repeat":"repeat","background-position":"center center","background-size":"auto","background-attachment":"scroll","background-type":"","background-media":"","overlay-type":"","overlay-color":"","overlay-opacity":"","overlay-gradient":""},"tablet":{"background-color":"","background-image":"","background-repeat":"repeat","background-position":"center center","background-size":"auto","background-attachment":"scroll","background-type":"","background-media":"","overlay-type":"","overlay-color":"","overlay-opacity":"","overlay-gradient":""},"mobile":{"background-color":"","background-image":"","background-repeat":"repeat","background-position":"center center","background-size":"auto","background-attachment":"scroll","background-type":"","background-media":"","overlay-type":"","overlay-color":"","overlay-opacity":"","overlay-gradient":""}},"ast-content-background-meta":{"desktop":{"background-color":"var(--ast-global-color-5)","background-image":"","background-repeat":"repeat","background-position":"center center","background-size":"auto","background-attachment":"scroll","background-type":"","background-media":"","overlay-type":"","overlay-color":"","overlay-opacity":"","overlay-gradient":""},"tablet":{"background-color":"var(--ast-global-color-5)","background-image":"","background-repeat":"repeat","background-position":"center center","background-size":"auto","background-attachment":"scroll","background-type":"","background-media":"","overlay-type":"","overlay-color":"","overlay-opacity":"","overlay-gradient":""},"mobile":{"background-color":"var(--ast-global-color-5)","background-image":"","background-repeat":"repeat","background-position":"center center","background-size":"auto","background-attachment":"scroll","background-type":"","background-media":"","overlay-type":"","overlay-color":"","overlay-opacity":"","overlay-gradient":""}},"footnotes":""},"categories":[64,29,76],"tags":[436,1820,1860,2116,2115,1199],"class_list":["post-25371","post","type-post","status-publish","format-standard","has-post-thumbnail","hentry","category-comunitat","category-portada","category-recursos","tag-convivencia","tag-convivencia-positiva","tag-mesures-i-suports-universals","tag-regulacio","tag-regulacio-conducta","tag-suport-conductual-positiu"],"post_mailing_queue_ids":[],"_links":{"self":[{"href":"https:\/\/serveiseducatius.xtec.cat\/badalona\/wp-json\/wp\/v2\/posts\/25371","targetHints":{"allow":["GET"]}}],"collection":[{"href":"https:\/\/serveiseducatius.xtec.cat\/badalona\/wp-json\/wp\/v2\/posts"}],"about":[{"href":"https:\/\/serveiseducatius.xtec.cat\/badalona\/wp-json\/wp\/v2\/types\/post"}],"author":[{"embeddable":true,"href":"https:\/\/serveiseducatius.xtec.cat\/badalona\/wp-json\/wp\/v2\/users\/1"}],"replies":[{"embeddable":true,"href":"https:\/\/serveiseducatius.xtec.cat\/badalona\/wp-json\/wp\/v2\/comments?post=25371"}],"version-history":[{"count":1,"href":"https:\/\/serveiseducatius.xtec.cat\/badalona\/wp-json\/wp\/v2\/posts\/25371\/revisions"}],"predecessor-version":[{"id":25373,"href":"https:\/\/serveiseducatius.xtec.cat\/badalona\/wp-json\/wp\/v2\/posts\/25371\/revisions\/25373"}],"wp:featuredmedia":[{"embeddable":true,"href":"https:\/\/serveiseducatius.xtec.cat\/badalona\/wp-json\/wp\/v2\/media\/25372"}],"wp:attachment":[{"href":"https:\/\/serveiseducatius.xtec.cat\/badalona\/wp-json\/wp\/v2\/media?parent=25371"}],"wp:term":[{"taxonomy":"category","embeddable":true,"href":"https:\/\/serveiseducatius.xtec.cat\/badalona\/wp-json\/wp\/v2\/categories?post=25371"},{"taxonomy":"post_tag","embeddable":true,"href":"https:\/\/serveiseducatius.xtec.cat\/badalona\/wp-json\/wp\/v2\/tags?post=25371"}],"curies":[{"name":"wp","href":"https:\/\/api.w.org\/{rel}","templated":true}]}}