{"id":2537,"date":"2016-03-30T11:07:14","date_gmt":"2016-03-30T10:07:14","guid":{"rendered":"http:\/\/serveiseducatius.xtec.cat\/badalona\/general\/anaoauasa-acauarasaoasa-adaea-acaaataaalaa-aaala-acapanala-adaea-abaaadaaalaoanaaa-aia-asaaanata-aaadaraiaa\/"},"modified":"2016-09-22T11:21:47","modified_gmt":"2016-09-22T10:21:47","slug":"anaoauasa-acauarasaoasa-adaea-acaaataaalaa-aaala-acapanala-adaea-abaaadaaalaoanaaa-aia-asaaanata-aaadaraiaa","status":"publish","type":"post","link":"https:\/\/serveiseducatius.xtec.cat\/badalona\/general\/anaoauasa-acauarasaoasa-adaea-acaaataaalaa-aaala-acapanala-adaea-abaaadaaalaoanaaa-aia-asaaanata-aaadaraiaa\/","title":{"rendered":"Nous cursos de Catal\u00e0 al CPNL de Badalona i Sant Adri\u00e0"},"content":{"rendered":"<table border=\"0\" width=\"600\" cellspacing=\"0\">\n<tbody>\n<tr>\n<td colspan=\"2\" rowspan=\"2\"><span style=\"font-family: verdana, geneva; font-size: 10pt;\"><span style=\"color: #ff0000;\"><strong>INSCRIPCI\u00d3 OBERTA<\/strong><\/span> per als nous cursos de catal\u00e0 del\u00a0<strong><a href=\"http:\/\/www.cpnl.cat\/xarxa\/cnlbadalona\/\" target=\"_blank\">Consorci per a la Normalitzaci\u00f3 ling\u00fc\u00edstica de Badalona i sant Adri\u00e0.<\/a><\/strong><\/span><\/p>\n<p><span style=\"font-family: verdana, geneva; font-size: 10pt; color: #000000;\"><strong>Les classes comencen al mes d&#8217;abril<\/strong>.<\/span><\/p>\n<p><span style=\"font-family: verdana, geneva; font-size: 10pt;\">Trobeu el vostre curs\u00a0<\/span><strong><span style=\"color: #0000ff; font-family: verdana, geneva; font-size: 10pt;\"><a href=\"http:\/\/www.cpnl.cat\/cursos-catala\/cercador-cursos\/\" target=\"_blank\"><span style=\"color: #0000ff;\">aqu\u00ed.<\/span><\/a><\/span><\/strong><\/td>\n<td><span style=\"font-family: verdana, geneva; font-size: 10pt;\"><span style=\"color: #ff0000;\"><strong><img loading=\"lazy\" decoding=\"async\" src=\"http:\/\/www.radiosantandreu.com\/wp-content\/uploads\/2013\/09\/2013_231-300x172.jpg\" width=\"197\" height=\"134\" \/><\/strong><\/span><\/span><\/td>\n<\/tr>\n<\/tbody>\n<\/table>\n","protected":false},"excerpt":{"rendered":"<p>INSCRIPCI\u00d3 OBERTA per als nous cursos de catal\u00e0 del\u00a0Consorci per a la Normalitzaci\u00f3 ling\u00fc\u00edstica de Badalona i sant Adri\u00e0. Les [&hellip;]<\/p>\n","protected":false},"author":1,"featured_media":0,"comment_status":"open","ping_status":"open","sticky":false,"template":"","format":"standard","meta":{"_bbp_topic_count":0,"_bbp_reply_count":0,"_bbp_total_topic_count":0,"_bbp_total_reply_count":0,"_bbp_voice_count":0,"_bbp_anonymous_reply_count":0,"_bbp_topic_count_hidden":0,"_bbp_reply_count_hidden":0,"_bbp_forum_subforum_count":0,"site-sidebar-layout":"default","site-content-layout":"","ast-site-content-layout":"","site-content-style":"default","site-sidebar-style":"default","ast-global-header-display":"","ast-banner-title-visibility":"","ast-main-header-display":"","ast-hfb-above-header-display":"","ast-hfb-below-header-display":"","ast-hfb-mobile-header-display":"","site-post-title":"","ast-breadcrumbs-content":"","ast-featured-img":"","footer-sml-layout":"","theme-transparent-header-meta":"","adv-header-id-meta":"","stick-header-meta":"","header-above-stick-meta":"","header-main-stick-meta":"","header-below-stick-meta":"","astra-migrate-meta-layouts":"default","ast-page-background-enabled":"default","ast-page-background-meta":{"desktop":{"background-color":"var(--ast-global-color-4)","background-image":"","background-repeat":"repeat","background-position":"center center","background-size":"auto","background-attachment":"scroll","background-type":"","background-media":"","overlay-type":"","overlay-color":"","overlay-opacity":"","overlay-gradient":""},"tablet":{"background-color":"","background-image":"","background-repeat":"repeat","background-position":"center center","background-size":"auto","background-attachment":"scroll","background-type":"","background-media":"","overlay-type":"","overlay-color":"","overlay-opacity":"","overlay-gradient":""},"mobile":{"background-color":"","background-image":"","background-repeat":"repeat","background-position":"center center","background-size":"auto","background-attachment":"scroll","background-type":"","background-media":"","overlay-type":"","overlay-color":"","overlay-opacity":"","overlay-gradient":""}},"ast-content-background-meta":{"desktop":{"background-color":"var(--ast-global-color-5)","background-image":"","background-repeat":"repeat","background-position":"center center","background-size":"auto","background-attachment":"scroll","background-type":"","background-media":"","overlay-type":"","overlay-color":"","overlay-opacity":"","overlay-gradient":""},"tablet":{"background-color":"var(--ast-global-color-5)","background-image":"","background-repeat":"repeat","background-position":"center center","background-size":"auto","background-attachment":"scroll","background-type":"","background-media":"","overlay-type":"","overlay-color":"","overlay-opacity":"","overlay-gradient":""},"mobile":{"background-color":"var(--ast-global-color-5)","background-image":"","background-repeat":"repeat","background-position":"center center","background-size":"auto","background-attachment":"scroll","background-type":"","background-media":"","overlay-type":"","overlay-color":"","overlay-opacity":"","overlay-gradient":""}},"footnotes":""},"categories":[1,29],"tags":[271,332,205,208],"class_list":["post-2537","post","type-post","status-publish","format-standard","hentry","category-general","category-portada","tag-cnl","tag-cpnl","tag-intraweb","tag-noticies"],"post_mailing_queue_ids":[],"_links":{"self":[{"href":"https:\/\/serveiseducatius.xtec.cat\/badalona\/wp-json\/wp\/v2\/posts\/2537","targetHints":{"allow":["GET"]}}],"collection":[{"href":"https:\/\/serveiseducatius.xtec.cat\/badalona\/wp-json\/wp\/v2\/posts"}],"about":[{"href":"https:\/\/serveiseducatius.xtec.cat\/badalona\/wp-json\/wp\/v2\/types\/post"}],"author":[{"embeddable":true,"href":"https:\/\/serveiseducatius.xtec.cat\/badalona\/wp-json\/wp\/v2\/users\/1"}],"replies":[{"embeddable":true,"href":"https:\/\/serveiseducatius.xtec.cat\/badalona\/wp-json\/wp\/v2\/comments?post=2537"}],"version-history":[{"count":2,"href":"https:\/\/serveiseducatius.xtec.cat\/badalona\/wp-json\/wp\/v2\/posts\/2537\/revisions"}],"predecessor-version":[{"id":4750,"href":"https:\/\/serveiseducatius.xtec.cat\/badalona\/wp-json\/wp\/v2\/posts\/2537\/revisions\/4750"}],"wp:attachment":[{"href":"https:\/\/serveiseducatius.xtec.cat\/badalona\/wp-json\/wp\/v2\/media?parent=2537"}],"wp:term":[{"taxonomy":"category","embeddable":true,"href":"https:\/\/serveiseducatius.xtec.cat\/badalona\/wp-json\/wp\/v2\/categories?post=2537"},{"taxonomy":"post_tag","embeddable":true,"href":"https:\/\/serveiseducatius.xtec.cat\/badalona\/wp-json\/wp\/v2\/tags?post=2537"}],"curies":[{"name":"wp","href":"https:\/\/api.w.org\/{rel}","templated":true}]}}