{"id":25350,"date":"2025-05-14T09:14:42","date_gmt":"2025-05-14T07:14:42","guid":{"rendered":"https:\/\/serveiseducatius.xtec.cat\/badalona\/?p=25350"},"modified":"2025-05-14T09:14:42","modified_gmt":"2025-05-14T07:14:42","slug":"17-maig-dia-internacional-contra-lhomofobia-la-lesbofobia-la-transfobia-la-bifobia-i-la-interfobia-2","status":"publish","type":"post","link":"https:\/\/serveiseducatius.xtec.cat\/badalona\/portada\/17-maig-dia-internacional-contra-lhomofobia-la-lesbofobia-la-transfobia-la-bifobia-i-la-interfobia-2\/","title":{"rendered":"17 maig Dia Internacional contra l\u2019Homof\u00f2bia, la Lesbof\u00f2bia, la Transf\u00f2bia, la Bif\u00f2bia i la Interf\u00f2bia"},"content":{"rendered":"<p><img loading=\"lazy\" decoding=\"async\" class=\"size-full wp-image-25351 alignleft\" src=\"https:\/\/serveiseducatius.xtec.cat\/badalona\/wp-content\/uploads\/usu1088\/2025\/05\/Captura-de-pantalla-2025-05-14-090524.png\" alt=\"\" width=\"292\" height=\"292\" srcset=\"https:\/\/serveiseducatius.xtec.cat\/badalona\/wp-content\/uploads\/usu1088\/2025\/05\/Captura-de-pantalla-2025-05-14-090524.png 292w, https:\/\/serveiseducatius.xtec.cat\/badalona\/wp-content\/uploads\/usu1088\/2025\/05\/Captura-de-pantalla-2025-05-14-090524-150x150.png 150w\" sizes=\"auto, (max-width: 292px) 100vw, 292px\" \/><\/p>\n<p>A\u00a0<a href=\"https:\/\/igualtat.gencat.cat\/ca\/ambits-dactuacio\/lgbti\/dies-internacionals-lgbti\/\" target=\"_blank\" rel=\"noopener\"><strong>17 de maig<\/strong><\/a>\u00a0 <a href=\"https:\/\/xtec.gencat.cat\/ca\/centres\/celebracions\/2025\/dia-internacional-contra-lhomofobia-la-lesbofobia-la-transfobia-la-bifobia-i-la-interfobia\/\" target=\"_blank\" rel=\"noopener\"><strong>Dia Internacional contra l\u2019Homof\u00f2bia, la Lesbof\u00f2bia, la Transf\u00f2bia, la Bif\u00f2bia i la Interf\u00f2bia<\/strong> <\/a>es commemora la lluita contra l\u2019LGBTI-f\u00f2bia i ens sumem al lema proposat per enguany <a title=\"El poder de les comunitats\" href=\"https:\/\/may17.org\/2025\/idahobit2025-theme\/\" target=\"_blank\" rel=\"noopener\"><strong>El poder de les comunitats<\/strong><\/a>. \u00a0<\/p>\n<p>Posem en valor la feina feta des de les associacions, les entitats, per moltes persones, feina que dona for\u00e7a i resili\u00e8ncia al moviment de defensa dels drets de les persones LGBTI+ (lesbianes, gais, bisexuals, transg\u00e8neres, intersexuals\u2026) perqu\u00e8 la identitat de tots i totes sigui viscuda en confian\u00e7a amb l\u2019entorn.<\/p>\n<p>Des de l\u2019\u00e0mbit educatiu, treballem per l\u2019educaci\u00f3 afectivosexual de l\u2019alumnat, fomentant l\u2019esperit cr\u00edtic envers els estereotips de g\u00e8nere limitadors, promocionant el benestar de la persona i unes relacions lliures de conductes abusives.<\/p>\n<p>El<a href=\"https:\/\/igualtat.gencat.cat\/ca\/ambits-dactuacio\/lgbti\/\" target=\"_blank\" rel=\"noopener\"> Departament d\u2019Igualtat i Feminisme<\/a> vol incorporar la mirada\u00a0<strong>LGBTI+ (Lesbianes, Gais, Bisexuals, Trans i Intersexuals)<\/strong> a les pol\u00edtiques p\u00fabliques i a les actuacions de tots els agents socials, econ\u00f2mics i civils. Hi trobareu m\u00e9s recursos <a href=\"https:\/\/xtec.gencat.cat\/ca\/centres\/celebracions\/2025\/dia-internacional-contra-lhomofobia-la-lesbofobia-la-transfobia-la-bifobia-i-la-interfobia\/\" target=\"_blank\" rel=\"noopener\">aqu\u00ed<\/a>.<\/p>\n<p><a href=\"https:\/\/igualtat.gencat.cat\/ca\/ambits-dactuacio\/lgbti\/dies-internacionals-lgbti\/\" target=\"_blank\" rel=\"noopener\">Dies Internacionals LGTBI<\/a><\/p>\n<p>&nbsp;<\/p>\n<p>&nbsp;<\/p>\n","protected":false},"excerpt":{"rendered":"<p>A\u00a017 de maig\u00a0 Dia Internacional contra l\u2019Homof\u00f2bia, la Lesbof\u00f2bia, la Transf\u00f2bia, la Bif\u00f2bia i la Interf\u00f2bia es commemora la lluita [&hellip;]<\/p>\n","protected":false},"author":15,"featured_media":25351,"comment_status":"closed","ping_status":"closed","sticky":false,"template":"","format":"standard","meta":{"_bbp_topic_count":0,"_bbp_reply_count":0,"_bbp_total_topic_count":0,"_bbp_total_reply_count":0,"_bbp_voice_count":0,"_bbp_anonymous_reply_count":0,"_bbp_topic_count_hidden":0,"_bbp_reply_count_hidden":0,"_bbp_forum_subforum_count":0,"site-sidebar-layout":"default","site-content-layout":"","ast-site-content-layout":"default","site-content-style":"default","site-sidebar-style":"default","ast-global-header-display":"","ast-banner-title-visibility":"","ast-main-header-display":"","ast-hfb-above-header-display":"","ast-hfb-below-header-display":"","ast-hfb-mobile-header-display":"","site-post-title":"","ast-breadcrumbs-content":"","ast-featured-img":"","footer-sml-layout":"","theme-transparent-header-meta":"default","adv-header-id-meta":"","stick-header-meta":"","header-above-stick-meta":"","header-main-stick-meta":"","header-below-stick-meta":"","astra-migrate-meta-layouts":"set","ast-page-background-enabled":"default","ast-page-background-meta":{"desktop":{"background-color":"var(--ast-global-color-4)","background-image":"","background-repeat":"repeat","background-position":"center center","background-size":"auto","background-attachment":"scroll","background-type":"","background-media":"","overlay-type":"","overlay-color":"","overlay-opacity":"","overlay-gradient":""},"tablet":{"background-color":"","background-image":"","background-repeat":"repeat","background-position":"center center","background-size":"auto","background-attachment":"scroll","background-type":"","background-media":"","overlay-type":"","overlay-color":"","overlay-opacity":"","overlay-gradient":""},"mobile":{"background-color":"","background-image":"","background-repeat":"repeat","background-position":"center center","background-size":"auto","background-attachment":"scroll","background-type":"","background-media":"","overlay-type":"","overlay-color":"","overlay-opacity":"","overlay-gradient":""}},"ast-content-background-meta":{"desktop":{"background-color":"var(--ast-global-color-5)","background-image":"","background-repeat":"repeat","background-position":"center center","background-size":"auto","background-attachment":"scroll","background-type":"","background-media":"","overlay-type":"","overlay-color":"","overlay-opacity":"","overlay-gradient":""},"tablet":{"background-color":"var(--ast-global-color-5)","background-image":"","background-repeat":"repeat","background-position":"center center","background-size":"auto","background-attachment":"scroll","background-type":"","background-media":"","overlay-type":"","overlay-color":"","overlay-opacity":"","overlay-gradient":""},"mobile":{"background-color":"var(--ast-global-color-5)","background-image":"","background-repeat":"repeat","background-position":"center center","background-size":"auto","background-attachment":"scroll","background-type":"","background-media":"","overlay-type":"","overlay-color":"","overlay-opacity":"","overlay-gradient":""}},"footnotes":""},"categories":[1450,29,76],"tags":[645],"class_list":["post-25350","post","type-post","status-publish","format-standard","has-post-thumbnail","hentry","category-coeducacio-perspectiva-de-genere-i-educacio-afectiva-sexual","category-portada","category-recursos","tag-coeducacio"],"post_mailing_queue_ids":[],"_links":{"self":[{"href":"https:\/\/serveiseducatius.xtec.cat\/badalona\/wp-json\/wp\/v2\/posts\/25350","targetHints":{"allow":["GET"]}}],"collection":[{"href":"https:\/\/serveiseducatius.xtec.cat\/badalona\/wp-json\/wp\/v2\/posts"}],"about":[{"href":"https:\/\/serveiseducatius.xtec.cat\/badalona\/wp-json\/wp\/v2\/types\/post"}],"author":[{"embeddable":true,"href":"https:\/\/serveiseducatius.xtec.cat\/badalona\/wp-json\/wp\/v2\/users\/15"}],"replies":[{"embeddable":true,"href":"https:\/\/serveiseducatius.xtec.cat\/badalona\/wp-json\/wp\/v2\/comments?post=25350"}],"version-history":[{"count":1,"href":"https:\/\/serveiseducatius.xtec.cat\/badalona\/wp-json\/wp\/v2\/posts\/25350\/revisions"}],"predecessor-version":[{"id":25352,"href":"https:\/\/serveiseducatius.xtec.cat\/badalona\/wp-json\/wp\/v2\/posts\/25350\/revisions\/25352"}],"wp:featuredmedia":[{"embeddable":true,"href":"https:\/\/serveiseducatius.xtec.cat\/badalona\/wp-json\/wp\/v2\/media\/25351"}],"wp:attachment":[{"href":"https:\/\/serveiseducatius.xtec.cat\/badalona\/wp-json\/wp\/v2\/media?parent=25350"}],"wp:term":[{"taxonomy":"category","embeddable":true,"href":"https:\/\/serveiseducatius.xtec.cat\/badalona\/wp-json\/wp\/v2\/categories?post=25350"},{"taxonomy":"post_tag","embeddable":true,"href":"https:\/\/serveiseducatius.xtec.cat\/badalona\/wp-json\/wp\/v2\/tags?post=25350"}],"curies":[{"name":"wp","href":"https:\/\/api.w.org\/{rel}","templated":true}]}}