{"id":25340,"date":"2025-05-13T10:08:33","date_gmt":"2025-05-13T08:08:33","guid":{"rendered":"https:\/\/serveiseducatius.xtec.cat\/badalona\/?p=25340"},"modified":"2025-05-13T10:08:33","modified_gmt":"2025-05-13T08:08:33","slug":"prevencio-de-les-alteracions-de-la-veu-activitat-autoformativa","status":"publish","type":"post","link":"https:\/\/serveiseducatius.xtec.cat\/badalona\/portada\/prevencio-de-les-alteracions-de-la-veu-activitat-autoformativa\/","title":{"rendered":"Prevenci\u00f3 de les alteracions de la veu. Activitat autoformativa."},"content":{"rendered":"<p class=\"m_8818743915245173621xmsonormal\"><img loading=\"lazy\" decoding=\"async\" class=\"size-full wp-image-25341 alignleft\" src=\"https:\/\/serveiseducatius.xtec.cat\/badalona\/wp-content\/uploads\/usu1088\/2025\/05\/us-eficient-veu.png\" alt=\"\" width=\"400\" height=\"400\" srcset=\"https:\/\/serveiseducatius.xtec.cat\/badalona\/wp-content\/uploads\/usu1088\/2025\/05\/us-eficient-veu.png 400w, https:\/\/serveiseducatius.xtec.cat\/badalona\/wp-content\/uploads\/usu1088\/2025\/05\/us-eficient-veu-300x300.png 300w, https:\/\/serveiseducatius.xtec.cat\/badalona\/wp-content\/uploads\/usu1088\/2025\/05\/us-eficient-veu-150x150.png 150w\" sizes=\"auto, (max-width: 400px) 100vw, 400px\" \/>Amb motiu del\u00a0<b>dia mundial de la veu (16 d\u2019abril)<\/b>\u00a0i amb l\u2019objectiu de crear consci\u00e8ncia sobre la import\u00e0ncia que t\u00e9 la veu en el col\u00b7lectiu de personal docent aix\u00ed com la cura que s\u2019ha de tenir per evitar problemes relacionats amb les cordes vocals, com l\u2019afonia o la disfonia, volem aprofitar per presentar-vos l\u2019activitat formativa\u00a0<b>Prevenci\u00f3 de les alteracions de la veu,\u00a0<\/b>que teniu disponible en el seg\u00fcent enlla\u00e7 de la intranet del Departament d\u2019Educaci\u00f3 i Formaci\u00f3 Professional.<u><\/u><u><\/u><\/p>\n<p class=\"m_8818743915245173621xmsonormal\"><u><\/u>\u00a0<u><\/u><a href=\"https:\/\/espai.educacio.gencat.cat\/Personal\/Prevencio-riscos\/Us-eficient-veu\/Pagines\/curs-formacio-veu.aspx\" target=\"_blank\" rel=\"noopener\" data-saferedirecturl=\"https:\/\/www.google.com\/url?q=https:\/\/espai.educacio.gencat.cat\/Personal\/Prevencio-riscos\/Us-eficient-veu\/Pagines\/curs-formacio-veu.aspx&amp;source=gmail&amp;ust=1746771773448000&amp;usg=AOvVaw3_otGpMphQP_jP72yXrOIb\">https:\/\/espai.educacio.gencat.<wbr \/>cat\/Personal\/Prevencio-riscos\/<wbr \/>Us-eficient-veu\/Pagines\/curs-<wbr \/>formacio-veu.aspx<\/a><u><\/u><u><\/u><\/p>\n<p class=\"m_8818743915245173621xmsonormal\"><u><\/u>\u00a0<u><\/u>L\u2019objectiu d\u2019aquesta formaci\u00f3 \u00e9s\u00a0<b>proporcionar coneixements i activitats dissenyades per prevenir les alteracions vocals m\u00e9s comunes en les professions docents<\/b>, aix\u00ed com un aprenentatge sobre la veu, els factors de risc i les pr\u00e0ctiques higi\u00e8niques que poden ajudar a mantenir-la en \u00f2ptimes condicions\u200b\u200b.<u><\/u><u><\/u><\/p>\n<h5 id=\"h20\">Objectius i dades\u200b\u200b\u200b del curs<\/h5>\n<p>\u200b\u200b\u200bLa veu \u00e9s una eina fonamental per al personal docent, i \u00e9s essencial cuidar-la per evitar danys que puguin afectar la salut vocal i tenir conseq\u00fc\u00e8ncies personals i laborals.<br \/>\nL\u2019objectiu d\u2019aquest curs \u00e9s\u00a0<strong>proporcionar coneixements i activitats dissenyades per prevenir les alteracions vocals m\u00e9s comunes en les professions docents<\/strong>, aix\u00ed com un aprenentatge sobre la veu, els factors de risc i les pr\u00e0ctiques higi\u00e8niques que poden ajudar a mantenir-la en \u00f2ptimes condicions\u200b\u200b.<\/p>\n<p><strong>Destinataris<\/strong>: Tot el personal treballador que la seva principal eina de treball \u00e9s la veu.<\/p>\n<p><strong>Formaci\u00f3:\u00a0<\/strong>en l\u00ednia a l\u2019entorn virtual Odissea.<\/p>\n<p><strong>Modalitat<\/strong>: En l\u00ednia i autoformatiu. El curs funcionar\u00e0 com un tot seq\u00fcenciat i cal seguir l\u2019itinerari formatiu.<\/p>\n<p><strong>Inscripci\u00f3<\/strong>: Autoinscripci\u00f3 a trav\u00e9s de l\u2019enlla\u00e7 a Odissea<\/p>\n<p><strong>Durada<\/strong>: 5 hores lectives<\/p>\n<p><strong>Dates:\u00a0<\/strong>El curs estar\u00e0 obert tot l\u2019any.<\/p>\n<p><strong>Inscripci\u00f3<\/strong>: Autoiscripci\u00f3 amb l\u2019acc\u00e9s a l\u2019enlla\u00e7 a Odissea<\/p>\n<p class=\"m_8818743915245173621xmsonormal\">Us recordem que aquesta \u00e9s una a<strong>ctivitat volunt\u00e0ria, autoformativa, en l\u00ednia i que es desenvolupa en l\u2019entorn virtual Odissea. T\u00e9 una durada de 5 hores lectives<\/strong>\u00a0i s\u2019adre\u00e7a a tot el personal treballador que utilitza la veu com a eina de treball.<u><\/u><u><\/u><\/p>\n<p class=\"m_8818743915245173621xmsonormal\"><u><\/u>\u00a0<u><\/u><\/p>\n<p class=\"m_8818743915245173621xmsonormal\">L\u2019autoinscripci\u00f3 al curs la podreu fer mitjan\u00e7ant l\u2019enlla\u00e7 a dalt detallat.<u><\/u><u><\/u><\/p>\n<p class=\"m_8818743915245173621xmsonormal\">Recordeu:<u><\/u><u><\/u><\/p>\n<p class=\"m_8818743915245173621xmsonormal\"><b>LA VEU DEL DOCENT, UNA EINA PER ENSENYAR I INSPIRAR. CUIDA-TE-LA!<\/b><\/p>\n","protected":false},"excerpt":{"rendered":"<p>Amb motiu del\u00a0dia mundial de la veu (16 d\u2019abril)\u00a0i amb l\u2019objectiu de crear consci\u00e8ncia sobre la import\u00e0ncia que t\u00e9 la [&hellip;]<\/p>\n","protected":false},"author":1,"featured_media":25341,"comment_status":"closed","ping_status":"closed","sticky":false,"template":"","format":"standard","meta":{"_bbp_topic_count":0,"_bbp_reply_count":0,"_bbp_total_topic_count":0,"_bbp_total_reply_count":0,"_bbp_voice_count":0,"_bbp_anonymous_reply_count":0,"_bbp_topic_count_hidden":0,"_bbp_reply_count_hidden":0,"_bbp_forum_subforum_count":0,"site-sidebar-layout":"default","site-content-layout":"","ast-site-content-layout":"default","site-content-style":"default","site-sidebar-style":"default","ast-global-header-display":"","ast-banner-title-visibility":"","ast-main-header-display":"","ast-hfb-above-header-display":"","ast-hfb-below-header-display":"","ast-hfb-mobile-header-display":"","site-post-title":"","ast-breadcrumbs-content":"","ast-featured-img":"","footer-sml-layout":"","theme-transparent-header-meta":"default","adv-header-id-meta":"","stick-header-meta":"","header-above-stick-meta":"","header-main-stick-meta":"","header-below-stick-meta":"","astra-migrate-meta-layouts":"set","ast-page-background-enabled":"default","ast-page-background-meta":{"desktop":{"background-color":"var(--ast-global-color-4)","background-image":"","background-repeat":"repeat","background-position":"center center","background-size":"auto","background-attachment":"scroll","background-type":"","background-media":"","overlay-type":"","overlay-color":"","overlay-opacity":"","overlay-gradient":""},"tablet":{"background-color":"","background-image":"","background-repeat":"repeat","background-position":"center center","background-size":"auto","background-attachment":"scroll","background-type":"","background-media":"","overlay-type":"","overlay-color":"","overlay-opacity":"","overlay-gradient":""},"mobile":{"background-color":"","background-image":"","background-repeat":"repeat","background-position":"center center","background-size":"auto","background-attachment":"scroll","background-type":"","background-media":"","overlay-type":"","overlay-color":"","overlay-opacity":"","overlay-gradient":""}},"ast-content-background-meta":{"desktop":{"background-color":"var(--ast-global-color-5)","background-image":"","background-repeat":"repeat","background-position":"center center","background-size":"auto","background-attachment":"scroll","background-type":"","background-media":"","overlay-type":"","overlay-color":"","overlay-opacity":"","overlay-gradient":""},"tablet":{"background-color":"var(--ast-global-color-5)","background-image":"","background-repeat":"repeat","background-position":"center center","background-size":"auto","background-attachment":"scroll","background-type":"","background-media":"","overlay-type":"","overlay-color":"","overlay-opacity":"","overlay-gradient":""},"mobile":{"background-color":"var(--ast-global-color-5)","background-image":"","background-repeat":"repeat","background-position":"center center","background-size":"auto","background-attachment":"scroll","background-type":"","background-media":"","overlay-type":"","overlay-color":"","overlay-opacity":"","overlay-gradient":""}},"footnotes":""},"categories":[165,29],"tags":[2112,564],"class_list":["post-25340","post","type-post","status-publish","format-standard","has-post-thumbnail","hentry","category-formacio","category-portada","tag-dia-mundial-de-la-veu","tag-veu"],"post_mailing_queue_ids":[],"_links":{"self":[{"href":"https:\/\/serveiseducatius.xtec.cat\/badalona\/wp-json\/wp\/v2\/posts\/25340","targetHints":{"allow":["GET"]}}],"collection":[{"href":"https:\/\/serveiseducatius.xtec.cat\/badalona\/wp-json\/wp\/v2\/posts"}],"about":[{"href":"https:\/\/serveiseducatius.xtec.cat\/badalona\/wp-json\/wp\/v2\/types\/post"}],"author":[{"embeddable":true,"href":"https:\/\/serveiseducatius.xtec.cat\/badalona\/wp-json\/wp\/v2\/users\/1"}],"replies":[{"embeddable":true,"href":"https:\/\/serveiseducatius.xtec.cat\/badalona\/wp-json\/wp\/v2\/comments?post=25340"}],"version-history":[{"count":1,"href":"https:\/\/serveiseducatius.xtec.cat\/badalona\/wp-json\/wp\/v2\/posts\/25340\/revisions"}],"predecessor-version":[{"id":25342,"href":"https:\/\/serveiseducatius.xtec.cat\/badalona\/wp-json\/wp\/v2\/posts\/25340\/revisions\/25342"}],"wp:featuredmedia":[{"embeddable":true,"href":"https:\/\/serveiseducatius.xtec.cat\/badalona\/wp-json\/wp\/v2\/media\/25341"}],"wp:attachment":[{"href":"https:\/\/serveiseducatius.xtec.cat\/badalona\/wp-json\/wp\/v2\/media?parent=25340"}],"wp:term":[{"taxonomy":"category","embeddable":true,"href":"https:\/\/serveiseducatius.xtec.cat\/badalona\/wp-json\/wp\/v2\/categories?post=25340"},{"taxonomy":"post_tag","embeddable":true,"href":"https:\/\/serveiseducatius.xtec.cat\/badalona\/wp-json\/wp\/v2\/tags?post=25340"}],"curies":[{"name":"wp","href":"https:\/\/api.w.org\/{rel}","templated":true}]}}