{"id":2509,"date":"2016-02-26T12:09:36","date_gmt":"2016-02-26T11:09:36","guid":{"rendered":"http:\/\/serveiseducatius.xtec.cat\/badalona\/general\/amaoasataraaa-adaea-aparaoagaraaamaaacaiaa-aia-araoabaataiacaaa-adaea-acaeanataraeasa-adaea-asaeacauanadaaraiaaa-adaeala-abaaaracaealaoanaasa-anaoarada\/"},"modified":"2016-12-14T14:43:57","modified_gmt":"2016-12-14T13:43:57","slug":"amaoasataraaa-adaea-aparaoagaraaamaaacaiaa-aia-araoabaataiacaaa-adaea-acaeanataraeasa-adaea-asaeacauanadaaraiaaa-adaeala-abaaaracaealaoanaasa-anaoarada","status":"publish","type":"post","link":"https:\/\/serveiseducatius.xtec.cat\/badalona\/general\/amaoasataraaa-adaea-aparaoagaraaamaaacaiaa-aia-araoabaataiacaaa-adaea-acaeanataraeasa-adaea-asaeacauanadaaraiaaa-adaeala-abaaaracaealaoanaasa-anaoarada\/","title":{"rendered":"Mostra de Programaci\u00f3 i Rob\u00f2tica de centres de secund\u00e0ria del Barcelon\u00e8s Nord"},"content":{"rendered":"<table class=\"htmtableborders\" style=\"height: 166px; width: 601px;\" border=\"0\">\n<tbody>\n<tr>\n<td style=\"text-align: left;\">\n<p class=\"MsoNormal\" style=\"margin: 0px; color: #222222; font-family: arial, sans-serif; font-size: 12.8px;\"><span style=\"font-family: verdana, geneva; font-size: 10pt;\">Des dels Centres de Recursos Pedag\u00f2gics de Badalona, Sant Adri\u00e0 del Bes\u00f2s i Santa Coloma de Gramenet, amb la col\u00b7laboraci\u00f3 de l\u2019Ajuntament de Badalona,\u00a0s&#8217;ha organitzat la\u00a0<b style=\"font-size: 12.8px;\">Mostra de Programaci\u00f3 i Rob\u00f2tica de centres de secund\u00e0ria del Barcelon\u00e8s Nord.<\/b><\/span><\/p>\n<p class=\"MsoNormal\" style=\"margin: 0px; color: #222222; font-family: arial, sans-serif; font-size: 12.8px;\">\n<p class=\"MsoNormal\" style=\"margin: 0px; color: #222222; font-family: arial, sans-serif; font-size: 12.8px;\"><span style=\"font-family: verdana, geneva; font-size: 10pt;\">Hi participaran 12 centres i est\u00e0 previst que algunes empreses presentin projectes o productes (<b style=\"font-size: 12.8px;\"><b><a style=\"color: #1155cc;\" href=\"https:\/\/docs.google.com\/document\/d\/1dLdzp5CnKOkeO1gCsInrcYIaUUe5ZuZcQcqjyN9OOmo\/edit\" target=\"_blank\">vegeu la participaci\u00f3<\/a><\/b><\/b>)<\/span><\/p>\n<\/td>\n<td><span style=\"font-family: verdana, geneva; font-size: 10pt;\"><img loading=\"lazy\" decoding=\"async\" src=\"https:\/\/c2.staticflickr.com\/8\/7006\/6770070385_5cd2f932a5_b.jpg\" alt=\"\" width=\"202\" height=\"135\" \/><\/span><\/td>\n<\/tr>\n<tr>\n<td style=\"text-align: left;\" colspan=\"2\">\n<p class=\"MsoNormal\" style=\"margin: 0px 0px 0px 35.4pt; color: #222222; font-family: arial, sans-serif; font-size: 12.8px;\"><span style=\"font-size: 10pt; font-family: verdana, geneva;\"><span style=\"line-height: 15.3333px; color: black;\">Data: \u00a0 \u00a0<b>dimecres, 13 d\u2019abril de 2016,<\/b><\/span> <\/span><\/p>\n<p class=\"MsoNormal\" style=\"margin: 0px 0px 0px 35.4pt; color: #222222; font-family: arial, sans-serif; font-size: 12.8px;\"><span style=\"font-family: verdana, geneva; font-size: 10pt;\"><span style=\"white-space: pre-wrap;\">Horari<b>: de 10h del mat\u00ed fins a les 13h.<\/b><br \/>\nLloc:\u00a0\u00a0\u00a0 <\/span><a style=\"color: #1155cc;\" href=\"https:\/\/www.google.com\/maps\/d\/edit?mid=za8aCmlUngm0.ks8nQB91sHBI&amp;usp=sharing\" target=\"_blank\"><b><span style=\"line-height: 15.3333px; background-image: initial; background-repeat: initial;\"><span style=\"white-space: pre-wrap;\">Escorxador- Nau3<\/span><\/span><\/b><\/a>,\u00a0C<span style=\"line-height: 15.3333px; color: black;\">\/Arquitecte Fradera de Badalona<\/span><\/span><\/p>\n<p class=\"MsoNormal\" style=\"margin: 0px 0px 0px 35.4pt; color: #222222; font-family: arial, sans-serif; font-size: 12.8px;\"><span style=\"line-height: 15.3333px; color: black; font-family: verdana, geneva; font-size: 10pt;\">\u00a0<\/span><\/p>\n<p class=\"MsoNormal\" style=\"margin: 0px; color: #222222; font-family: arial, sans-serif; font-size: 12.8px;\"><span style=\"line-height: 15.3333px; color: black; font-family: verdana, geneva; font-size: 10pt;\">La mostra \u00e9s oberta a tot el professorat d\u2019ESO, Batxillerat i Cicles formatius que hi estigui interessat, i per aquest motiu,\u00a0<\/span><\/p>\n<p class=\"MsoNormal\" style=\"margin: 0px; color: #222222; font-family: arial, sans-serif; font-size: 12.8px;\"><span style=\"line-height: 15.3333px; color: black; font-family: verdana, geneva; font-size: 10pt;\">s\u2019ha obert un\u00a0<b><a style=\"color: #1155cc;\" href=\"https:\/\/aplicacions.gestioeducativa.gencat.cat\/pls\/soloas\/pk_for_mod_ins.p_for_detall_activitat?p_header=Llista%20d%27activitats%5epk_for_mod_ins.p_for_cons_activitats?p_poblacio=08015%26p_any=2015-2016%26p_modalitat=22%26p_totes=s%26p_inici=1%26p_excloure_crp_rec=F&amp;p_codi=2041001204&amp;p_curs=2015-2016&amp;p_excloure_crp_rec=F\" target=\"_blank\">formulari d\u2019inscripci\u00f3<\/a>.\u00a0<\/b>(teniu de termini fins el 31 de mar\u00e7)\u00a0<\/span><\/p>\n<p class=\"MsoNormal\" style=\"margin: 0px; color: #222222; font-family: arial, sans-serif; font-size: 12.8px;\"><span style=\"line-height: 15.3333px; color: black; font-family: verdana, geneva; font-size: 10pt;\">\u00a0<\/span><\/p>\n<p class=\"MsoNormal\" style=\"margin: 0px; color: #222222; font-family: arial, sans-serif; font-size: 12.8px;\"><span style=\"line-height: 15.3333px; color: black; font-family: verdana, geneva; font-size: 10pt;\">* El professorat que presenta treballs a la mostra <strong>no<\/strong> s&#8217;ha d&#8217;inscriure com a assistent.<\/span><\/p>\n<\/td>\n<\/tr>\n<\/tbody>\n<\/table>\n","protected":false},"excerpt":{"rendered":"<p>Des dels Centres de Recursos Pedag\u00f2gics de Badalona, Sant Adri\u00e0 del Bes\u00f2s i Santa Coloma de Gramenet, amb la col\u00b7laboraci\u00f3 [&hellip;]<\/p>\n","protected":false},"author":1,"featured_media":0,"comment_status":"open","ping_status":"open","sticky":false,"template":"","format":"standard","meta":{"_bbp_topic_count":0,"_bbp_reply_count":0,"_bbp_total_topic_count":0,"_bbp_total_reply_count":0,"_bbp_voice_count":0,"_bbp_anonymous_reply_count":0,"_bbp_topic_count_hidden":0,"_bbp_reply_count_hidden":0,"_bbp_forum_subforum_count":0,"site-sidebar-layout":"default","site-content-layout":"","ast-site-content-layout":"","site-content-style":"default","site-sidebar-style":"default","ast-global-header-display":"","ast-banner-title-visibility":"","ast-main-header-display":"","ast-hfb-above-header-display":"","ast-hfb-below-header-display":"","ast-hfb-mobile-header-display":"","site-post-title":"","ast-breadcrumbs-content":"","ast-featured-img":"","footer-sml-layout":"","theme-transparent-header-meta":"","adv-header-id-meta":"","stick-header-meta":"","header-above-stick-meta":"","header-main-stick-meta":"","header-below-stick-meta":"","astra-migrate-meta-layouts":"default","ast-page-background-enabled":"default","ast-page-background-meta":{"desktop":{"background-color":"var(--ast-global-color-4)","background-image":"","background-repeat":"repeat","background-position":"center center","background-size":"auto","background-attachment":"scroll","background-type":"","background-media":"","overlay-type":"","overlay-color":"","overlay-opacity":"","overlay-gradient":""},"tablet":{"background-color":"","background-image":"","background-repeat":"repeat","background-position":"center center","background-size":"auto","background-attachment":"scroll","background-type":"","background-media":"","overlay-type":"","overlay-color":"","overlay-opacity":"","overlay-gradient":""},"mobile":{"background-color":"","background-image":"","background-repeat":"repeat","background-position":"center center","background-size":"auto","background-attachment":"scroll","background-type":"","background-media":"","overlay-type":"","overlay-color":"","overlay-opacity":"","overlay-gradient":""}},"ast-content-background-meta":{"desktop":{"background-color":"var(--ast-global-color-5)","background-image":"","background-repeat":"repeat","background-position":"center center","background-size":"auto","background-attachment":"scroll","background-type":"","background-media":"","overlay-type":"","overlay-color":"","overlay-opacity":"","overlay-gradient":""},"tablet":{"background-color":"var(--ast-global-color-5)","background-image":"","background-repeat":"repeat","background-position":"center center","background-size":"auto","background-attachment":"scroll","background-type":"","background-media":"","overlay-type":"","overlay-color":"","overlay-opacity":"","overlay-gradient":""},"mobile":{"background-color":"var(--ast-global-color-5)","background-image":"","background-repeat":"repeat","background-position":"center center","background-size":"auto","background-attachment":"scroll","background-type":"","background-media":"","overlay-type":"","overlay-color":"","overlay-opacity":"","overlay-gradient":""}},"footnotes":""},"categories":[1],"tags":[205,208],"class_list":["post-2509","post","type-post","status-publish","format-standard","hentry","category-general","tag-intraweb","tag-noticies"],"post_mailing_queue_ids":[],"_links":{"self":[{"href":"https:\/\/serveiseducatius.xtec.cat\/badalona\/wp-json\/wp\/v2\/posts\/2509","targetHints":{"allow":["GET"]}}],"collection":[{"href":"https:\/\/serveiseducatius.xtec.cat\/badalona\/wp-json\/wp\/v2\/posts"}],"about":[{"href":"https:\/\/serveiseducatius.xtec.cat\/badalona\/wp-json\/wp\/v2\/types\/post"}],"author":[{"embeddable":true,"href":"https:\/\/serveiseducatius.xtec.cat\/badalona\/wp-json\/wp\/v2\/users\/1"}],"replies":[{"embeddable":true,"href":"https:\/\/serveiseducatius.xtec.cat\/badalona\/wp-json\/wp\/v2\/comments?post=2509"}],"version-history":[{"count":2,"href":"https:\/\/serveiseducatius.xtec.cat\/badalona\/wp-json\/wp\/v2\/posts\/2509\/revisions"}],"predecessor-version":[{"id":5616,"href":"https:\/\/serveiseducatius.xtec.cat\/badalona\/wp-json\/wp\/v2\/posts\/2509\/revisions\/5616"}],"wp:attachment":[{"href":"https:\/\/serveiseducatius.xtec.cat\/badalona\/wp-json\/wp\/v2\/media?parent=2509"}],"wp:term":[{"taxonomy":"category","embeddable":true,"href":"https:\/\/serveiseducatius.xtec.cat\/badalona\/wp-json\/wp\/v2\/categories?post=2509"},{"taxonomy":"post_tag","embeddable":true,"href":"https:\/\/serveiseducatius.xtec.cat\/badalona\/wp-json\/wp\/v2\/tags?post=2509"}],"curies":[{"name":"wp","href":"https:\/\/api.w.org\/{rel}","templated":true}]}}