{"id":25060,"date":"2025-03-26T10:25:11","date_gmt":"2025-03-26T09:25:11","guid":{"rendered":"https:\/\/serveiseducatius.xtec.cat\/badalona\/?p=25060"},"modified":"2025-03-31T12:47:53","modified_gmt":"2025-03-31T10:47:53","slug":"nous-espais-nous-aprenentatges-repensem-els-espais-educatius","status":"publish","type":"post","link":"https:\/\/serveiseducatius.xtec.cat\/badalona\/portada\/nous-espais-nous-aprenentatges-repensem-els-espais-educatius\/","title":{"rendered":"\u201cNous espais, nous aprenentatges\u201d. Repensem els espais educatius"},"content":{"rendered":"<p>\u00a0<a href=\"https:\/\/educacio.gencat.cat\/web\/.content\/home\/departament\/publicacions\/monografies\/construccions-escolars\/nous-aprenentatges-nous-espais\/nous-aprenentatges-nous-espais.pdf\" target=\"_blank\" rel=\"noopener\"><img loading=\"lazy\" decoding=\"async\" class=\"size-full wp-image-25062 alignright\" src=\"https:\/\/serveiseducatius.xtec.cat\/badalona\/wp-content\/uploads\/usu1088\/2025\/03\/nous-aprenentatges-nous-espais.jpg_2025808969.jpg\" alt=\"\" width=\"268\" height=\"378\" srcset=\"https:\/\/serveiseducatius.xtec.cat\/badalona\/wp-content\/uploads\/usu1088\/2025\/03\/nous-aprenentatges-nous-espais.jpg_2025808969.jpg 268w, https:\/\/serveiseducatius.xtec.cat\/badalona\/wp-content\/uploads\/usu1088\/2025\/03\/nous-aprenentatges-nous-espais.jpg_2025808969-213x300.jpg 213w\" sizes=\"auto, (max-width: 268px) 100vw, 268px\" \/><\/a>L&#8217;escola ja no \u00e9s un espai de transfer\u00e8ncia unidireccional de coneixements de mestres a alumnes. En els \u00faltims anys, s&#8217;ha potenciat l&#8217;aprenentatge competencial i el treball interactiu en grup i s&#8217;han afavorit els temps lectius fora de l&#8217;aula. L&#8217;augment de la participaci\u00f3 de les fam\u00edlies, la inclusi\u00f3 de nois i noies amb necessitats especials, la sostenibilitat dels edificis o la digitalitzaci\u00f3 s\u00f3n alguns exemples que posen de manifest la necessitat de transformaci\u00f3 dels equipaments educatius.<\/p>\n<p>Aquesta guia per als projectes de construcci\u00f3 i transformaci\u00f3 de centres p\u00fablics respon a la vocaci\u00f3 de transformaci\u00f3 del sistema educatiu. Aix\u00ed doncs, proposa elements per repensar els espais pedag\u00f2gics, un proc\u00e9s que ha de ser necess\u00e0riament col\u00b7lectiu i en qu\u00e8 han de participar tots els agents implicats: docents, personal educatiu, alumnat, fam\u00edlies, personal d&#8217;administraci\u00f3 i serveis, equips d&#8217;arquitectura, municipis i administracions.<\/p>\n<p>El document parteix de la voluntat d&#8217;acompanyar els equips transdisciplinaris que dissenyaran i transformaran els espais educatius a partir de la pr\u00e0ctica. En aquest sentit, suposa una eina indispensable del\u00a0<a title=\"Ves a la p\u00e0gina\" href=\"https:\/\/educacio.gencat.cat\/ca\/arees-actuacio\/centres-serveis-educatius\/centres\/protocol-actuacio-construccio-centres\/\">Protocol d&#8217;actuaci\u00f3 per a la construcci\u00f3 de nous centres educatius<\/a>, especialment pel que fa a l&#8217;assoliment de l&#8217;objectiu que els centres educatius tinguin una arquitectura vers\u00e0til i polivalent que basteixi entorns d&#8217;aprenentatge per contribuir a la millora de l&#8217;educaci\u00f3.<\/p>\n<div class=\"blocs-res\" data-crawling=\"blocks\">\n<div class=\"blocs\">\n<div class=\"row\">\n<div class=\"col-sm-12 col-xs-12 columna_destacats\">\n<div class=\"inform_relacionada\">\n<ul class=\"list-group\" role=\"list\">\n<li class=\"list-group-item\" role=\"listitem\">\n<div class=\"list-group__contentwrapper\">\n<p class=\"paragraph_wrapper\"><a class=\"no-content\" title=\"Aquest enlla\u00e7 s'obre en una nova pestanya: Nous aprenentatges, nous espais\" href=\"https:\/\/educacio.gencat.cat\/web\/.content\/home\/departament\/publicacions\/monografies\/construccions-escolars\/nous-aprenentatges-nous-espais\/nous-aprenentatges-nous-espais.pdf\" target=\"_blank\" rel=\"noopener\"><span class=\"list-group-item-wrapper-content\">Nous aprenentatges, nous espais PDF<\/span><\/a><\/p>\n<\/div>\n<\/li>\n<li class=\"list-group-item\" role=\"listitem\">\n<div class=\"list-group__contentwrapper\">\n<p class=\"paragraph_wrapper\"><a class=\"\" title=\"Protocol d'actuaci\u00f3 per a la construcci\u00f3 de nous centres educatius\" href=\"https:\/\/educacio.gencat.cat\/ca\/arees-actuacio\/centres-serveis-educatius\/centres\/pautes-actuacio-construccio-centres\/\"><span class=\"list-group-item-wrapper-content\">Protocol d&#8217;actuaci\u00f3 per a la construcci\u00f3 de nous centres educatius<\/span><\/a><\/p>\n<\/div>\n<\/li>\n<li class=\"list-group-item\" role=\"listitem\">\n<div class=\"list-group__contentwrapper\">\n<p class=\"paragraph_wrapper\"><a class=\"\" title=\"Infraestructures educatives\" href=\"https:\/\/educacio.gencat.cat\/ca\/arees-actuacio\/centres-serveis-educatius\/centres\/infraestructures-educatives\/\"><span class=\"list-group-item-wrapper-content\">Infraestructures educatives<\/span><\/a><\/p>\n<\/div>\n<\/li>\n<li class=\"list-group-item\" role=\"listitem\">\n<div class=\"list-group__contentwrapper\">\n<p class=\"paragraph_wrapper\"><a class=\"\" title=\"Educaci\u00f3 elabora els nous criteris constructius i de transformaci\u00f3 dels espais dels centres per respondre als nous aprenentatges\" href=\"https:\/\/educacio.gencat.cat\/ca\/inici\/nota-premsa\/?id=432329\"><span class=\"list-group-item-wrapper-content\">Educaci\u00f3 elabora els nous criteris constructius i de transformaci\u00f3 dels espais dels centres per respondre als nous aprenentatges<\/span><\/a><\/p>\n<\/div>\n<\/li>\n<\/ul>\n<p>#ConstruccioEducativa #TransformacioEducativa #ArquitecturaEducativa #NousEspais #Sostenibilitat<\/p>\n<\/div>\n<\/div>\n<\/div>\n<\/div>\n<\/div>\n","protected":false},"excerpt":{"rendered":"<p>\u00a0L&#8217;escola ja no \u00e9s un espai de transfer\u00e8ncia unidireccional de coneixements de mestres a alumnes. En els \u00faltims anys, s&#8217;ha [&hellip;]<\/p>\n","protected":false},"author":9,"featured_media":25062,"comment_status":"closed","ping_status":"closed","sticky":false,"template":"","format":"standard","meta":{"_bbp_topic_count":0,"_bbp_reply_count":0,"_bbp_total_topic_count":0,"_bbp_total_reply_count":0,"_bbp_voice_count":0,"_bbp_anonymous_reply_count":0,"_bbp_topic_count_hidden":0,"_bbp_reply_count_hidden":0,"_bbp_forum_subforum_count":0,"site-sidebar-layout":"default","site-content-layout":"","ast-site-content-layout":"default","site-content-style":"default","site-sidebar-style":"default","ast-global-header-display":"","ast-banner-title-visibility":"","ast-main-header-display":"","ast-hfb-above-header-display":"","ast-hfb-below-header-display":"","ast-hfb-mobile-header-display":"","site-post-title":"","ast-breadcrumbs-content":"","ast-featured-img":"","footer-sml-layout":"","theme-transparent-header-meta":"default","adv-header-id-meta":"","stick-header-meta":"","header-above-stick-meta":"","header-main-stick-meta":"","header-below-stick-meta":"","astra-migrate-meta-layouts":"set","ast-page-background-enabled":"default","ast-page-background-meta":{"desktop":{"background-color":"var(--ast-global-color-4)","background-image":"","background-repeat":"repeat","background-position":"center center","background-size":"auto","background-attachment":"scroll","background-type":"","background-media":"","overlay-type":"","overlay-color":"","overlay-opacity":"","overlay-gradient":""},"tablet":{"background-color":"","background-image":"","background-repeat":"repeat","background-position":"center center","background-size":"auto","background-attachment":"scroll","background-type":"","background-media":"","overlay-type":"","overlay-color":"","overlay-opacity":"","overlay-gradient":""},"mobile":{"background-color":"","background-image":"","background-repeat":"repeat","background-position":"center center","background-size":"auto","background-attachment":"scroll","background-type":"","background-media":"","overlay-type":"","overlay-color":"","overlay-opacity":"","overlay-gradient":""}},"ast-content-background-meta":{"desktop":{"background-color":"var(--ast-global-color-5)","background-image":"","background-repeat":"repeat","background-position":"center center","background-size":"auto","background-attachment":"scroll","background-type":"","background-media":"","overlay-type":"","overlay-color":"","overlay-opacity":"","overlay-gradient":""},"tablet":{"background-color":"var(--ast-global-color-5)","background-image":"","background-repeat":"repeat","background-position":"center center","background-size":"auto","background-attachment":"scroll","background-type":"","background-media":"","overlay-type":"","overlay-color":"","overlay-opacity":"","overlay-gradient":""},"mobile":{"background-color":"var(--ast-global-color-5)","background-image":"","background-repeat":"repeat","background-position":"center center","background-size":"auto","background-attachment":"scroll","background-type":"","background-media":"","overlay-type":"","overlay-color":"","overlay-opacity":"","overlay-gradient":""}},"footnotes":""},"categories":[64,419,29],"tags":[2085,420],"class_list":["post-25060","post","type-post","status-publish","format-standard","has-post-thumbnail","hentry","category-comunitat","category-curriculum","category-portada","tag-construccio-de-centres","tag-espais"],"post_mailing_queue_ids":[],"_links":{"self":[{"href":"https:\/\/serveiseducatius.xtec.cat\/badalona\/wp-json\/wp\/v2\/posts\/25060","targetHints":{"allow":["GET"]}}],"collection":[{"href":"https:\/\/serveiseducatius.xtec.cat\/badalona\/wp-json\/wp\/v2\/posts"}],"about":[{"href":"https:\/\/serveiseducatius.xtec.cat\/badalona\/wp-json\/wp\/v2\/types\/post"}],"author":[{"embeddable":true,"href":"https:\/\/serveiseducatius.xtec.cat\/badalona\/wp-json\/wp\/v2\/users\/9"}],"replies":[{"embeddable":true,"href":"https:\/\/serveiseducatius.xtec.cat\/badalona\/wp-json\/wp\/v2\/comments?post=25060"}],"version-history":[{"count":2,"href":"https:\/\/serveiseducatius.xtec.cat\/badalona\/wp-json\/wp\/v2\/posts\/25060\/revisions"}],"predecessor-version":[{"id":25065,"href":"https:\/\/serveiseducatius.xtec.cat\/badalona\/wp-json\/wp\/v2\/posts\/25060\/revisions\/25065"}],"wp:featuredmedia":[{"embeddable":true,"href":"https:\/\/serveiseducatius.xtec.cat\/badalona\/wp-json\/wp\/v2\/media\/25062"}],"wp:attachment":[{"href":"https:\/\/serveiseducatius.xtec.cat\/badalona\/wp-json\/wp\/v2\/media?parent=25060"}],"wp:term":[{"taxonomy":"category","embeddable":true,"href":"https:\/\/serveiseducatius.xtec.cat\/badalona\/wp-json\/wp\/v2\/categories?post=25060"},{"taxonomy":"post_tag","embeddable":true,"href":"https:\/\/serveiseducatius.xtec.cat\/badalona\/wp-json\/wp\/v2\/tags?post=25060"}],"curies":[{"name":"wp","href":"https:\/\/api.w.org\/{rel}","templated":true}]}}