{"id":2504,"date":"2016-03-03T12:10:00","date_gmt":"2016-03-03T11:10:00","guid":{"rendered":"http:\/\/serveiseducatius.xtec.cat\/badalona\/general\/aeanalalaaaaoasa-adaaianataearaasaa-a8a-adaea-amaaaraaa-adaiaaa-aianataearanaaacaiaoanaaala-adaea-alaeasa-adaoanaeasa\/"},"modified":"2016-12-22T13:31:13","modified_gmt":"2016-12-22T12:31:13","slug":"aeanalalaaaaoasa-adaaianataearaasaa-a8a-adaea-amaaaraaa-adaiaaa-aianataearanaaacaiaoanaaala-adaea-alaeasa-adaoanaeasa","status":"publish","type":"post","link":"https:\/\/serveiseducatius.xtec.cat\/badalona\/general\/aeanalalaaaaoasa-adaaianataearaasaa-a8a-adaea-amaaaraaa-adaiaaa-aianataearanaaacaiaoanaaala-adaea-alaeasa-adaoanaeasa\/","title":{"rendered":"Enlla\u00e7os d&#8217;inter\u00e8s, 8 de mar\u00e7. Dia internacional de les dones"},"content":{"rendered":"<table border=\"0\" class=\"htmtableborders\" style=\"height: 191px; width: 596px;\">\n<thead>\n<tr style=\"text-align: left;\">\n<td style=\"vertical-align: top; text-align: center;\"><img loading=\"lazy\" decoding=\"async\" src=\"https:\/\/lh3.googleusercontent.com\/-R7IpxFIiK5s\/VsRMgf8y72I\/AAAAAAAAGA0\/BpYIjWgvdaI\/s146-Ic42\/dones.jpg\" alt=\"\" width=\"107\" height=\"184\" \/><\/td>\n<td style=\"text-align: left;\"><span style=\"font-family: verdana, geneva; font-size: 10pt;\">El&nbsp;<b style=\"color: #252525; font-family: sans-serif; font-size: 14px; line-height: 22.4px;\">dia internacional de les dones<\/b><span style=\"color: #252525; line-height: 22.4px;\">&nbsp;o&nbsp;<\/span><b style=\"color: #252525; font-family: sans-serif; font-size: 14px; line-height: 22.4px;\">dia de la dona treballadora<\/b><span style=\"color: #252525; line-height: 22.4px;\">&nbsp;se celebra el&nbsp;<\/span><a href=\"https:\/\/ca.wikipedia.org\/wiki\/8_de_mar%C3%A7\" title=\"8 de mar&ccedil;\" style=\"text-decoration: none; color: #0b0080; font-family: sans-serif; font-size: 14px; line-height: 22.4px; background-image: none; background-attachment: initial; background-size: initial; background-origin: initial; background-clip: initial; background-position: initial; background-repeat: initial;\">8 de mar&ccedil;<\/a><span style=\"color: #252525; line-height: 22.4px;\">&nbsp;de cada any i est&agrave; reconegut per l&#8217;<\/span>Organitzaci&oacute; de les Nacions Unides<span style=\"color: #252525; line-height: 22.4px;\">&nbsp;(l&#8217;ONU). &Eacute;s un dia aprofitat tradicionalment per reivindicar el&nbsp;<\/span>feminisme<span style=\"color: #252525; line-height: 22.4px;\">&nbsp;denunciant el&nbsp;<\/span>masclisme<span style=\"color: #252525; line-height: 22.4px;\">&nbsp;i els&nbsp;<\/span>micromasclismes<span style=\"color: #252525; line-height: 22.4px;\">. Aquest dia commemora la lluita de la&nbsp;<\/span>dona<span style=\"color: #252525; line-height: 22.4px;\">&nbsp;per la seva participaci&oacute; juntament amb l&#8217;home al camp del&nbsp;<\/span>treball<span style=\"color: #252525; line-height: 22.4px;\">, i per tant del dret a l&#8217;<\/span>independ&egrave;ncia<span style=\"color: #252525; line-height: 22.4px;\">&nbsp;<\/span>econ&ograve;mica<span style=\"color: #252525; line-height: 22.4px;\">, i a la&nbsp;<\/span>societat<span style=\"color: #252525; line-height: 22.4px;\">&nbsp;en general.<\/span><\/span><\/p>\n<p style=\"color: #222222; font-family: arial, sans-serif; font-size: 12.8px;\"><span style=\"color: #252525; font-family: verdana, geneva; line-height: 22.4px; font-size: 10pt;\"><a href=\"http:\/\/xtec.gencat.cat\/ca\/projectes\/coeducacio\/enllacos\/8marc\" target=\"_blank\">Enlla&ccedil;os d&#8217;inter&egrave;s, 8 de mar&ccedil; per treballar abans, durant i despr&eacute;s<\/a><\/span><\/p>\n<\/td>\n<\/tr>\n<\/thead>\n<\/table>\n","protected":false},"excerpt":{"rendered":"<p>El&nbsp;dia internacional de les dones&nbsp;o&nbsp;dia de la dona treballadora&nbsp;se celebra el&nbsp;8 de mar&ccedil;&nbsp;de cada any i est&agrave; reconegut per l&#8217;Organitzaci&oacute; [&hellip;]<\/p>\n","protected":false},"author":1,"featured_media":0,"comment_status":"open","ping_status":"open","sticky":false,"template":"","format":"standard","meta":{"_bbp_topic_count":0,"_bbp_reply_count":0,"_bbp_total_topic_count":0,"_bbp_total_reply_count":0,"_bbp_voice_count":0,"_bbp_anonymous_reply_count":0,"_bbp_topic_count_hidden":0,"_bbp_reply_count_hidden":0,"_bbp_forum_subforum_count":0,"site-sidebar-layout":"default","site-content-layout":"","ast-site-content-layout":"","site-content-style":"default","site-sidebar-style":"default","ast-global-header-display":"","ast-banner-title-visibility":"","ast-main-header-display":"","ast-hfb-above-header-display":"","ast-hfb-below-header-display":"","ast-hfb-mobile-header-display":"","site-post-title":"","ast-breadcrumbs-content":"","ast-featured-img":"","footer-sml-layout":"","theme-transparent-header-meta":"","adv-header-id-meta":"","stick-header-meta":"","header-above-stick-meta":"","header-main-stick-meta":"","header-below-stick-meta":"","astra-migrate-meta-layouts":"default","ast-page-background-enabled":"default","ast-page-background-meta":{"desktop":{"background-color":"var(--ast-global-color-4)","background-image":"","background-repeat":"repeat","background-position":"center center","background-size":"auto","background-attachment":"scroll","background-type":"","background-media":"","overlay-type":"","overlay-color":"","overlay-opacity":"","overlay-gradient":""},"tablet":{"background-color":"","background-image":"","background-repeat":"repeat","background-position":"center center","background-size":"auto","background-attachment":"scroll","background-type":"","background-media":"","overlay-type":"","overlay-color":"","overlay-opacity":"","overlay-gradient":""},"mobile":{"background-color":"","background-image":"","background-repeat":"repeat","background-position":"center center","background-size":"auto","background-attachment":"scroll","background-type":"","background-media":"","overlay-type":"","overlay-color":"","overlay-opacity":"","overlay-gradient":""}},"ast-content-background-meta":{"desktop":{"background-color":"var(--ast-global-color-5)","background-image":"","background-repeat":"repeat","background-position":"center center","background-size":"auto","background-attachment":"scroll","background-type":"","background-media":"","overlay-type":"","overlay-color":"","overlay-opacity":"","overlay-gradient":""},"tablet":{"background-color":"var(--ast-global-color-5)","background-image":"","background-repeat":"repeat","background-position":"center center","background-size":"auto","background-attachment":"scroll","background-type":"","background-media":"","overlay-type":"","overlay-color":"","overlay-opacity":"","overlay-gradient":""},"mobile":{"background-color":"var(--ast-global-color-5)","background-image":"","background-repeat":"repeat","background-position":"center center","background-size":"auto","background-attachment":"scroll","background-type":"","background-media":"","overlay-type":"","overlay-color":"","overlay-opacity":"","overlay-gradient":""}},"footnotes":""},"categories":[1,76],"tags":[494,495,205,208],"class_list":["post-2504","post","type-post","status-publish","format-standard","hentry","category-general","category-recursos","tag-8-de-marc","tag-dia-internacional-de-les-dones","tag-intraweb","tag-noticies"],"post_mailing_queue_ids":[],"_links":{"self":[{"href":"https:\/\/serveiseducatius.xtec.cat\/badalona\/wp-json\/wp\/v2\/posts\/2504","targetHints":{"allow":["GET"]}}],"collection":[{"href":"https:\/\/serveiseducatius.xtec.cat\/badalona\/wp-json\/wp\/v2\/posts"}],"about":[{"href":"https:\/\/serveiseducatius.xtec.cat\/badalona\/wp-json\/wp\/v2\/types\/post"}],"author":[{"embeddable":true,"href":"https:\/\/serveiseducatius.xtec.cat\/badalona\/wp-json\/wp\/v2\/users\/1"}],"replies":[{"embeddable":true,"href":"https:\/\/serveiseducatius.xtec.cat\/badalona\/wp-json\/wp\/v2\/comments?post=2504"}],"version-history":[{"count":1,"href":"https:\/\/serveiseducatius.xtec.cat\/badalona\/wp-json\/wp\/v2\/posts\/2504\/revisions"}],"predecessor-version":[{"id":3748,"href":"https:\/\/serveiseducatius.xtec.cat\/badalona\/wp-json\/wp\/v2\/posts\/2504\/revisions\/3748"}],"wp:attachment":[{"href":"https:\/\/serveiseducatius.xtec.cat\/badalona\/wp-json\/wp\/v2\/media?parent=2504"}],"wp:term":[{"taxonomy":"category","embeddable":true,"href":"https:\/\/serveiseducatius.xtec.cat\/badalona\/wp-json\/wp\/v2\/categories?post=2504"},{"taxonomy":"post_tag","embeddable":true,"href":"https:\/\/serveiseducatius.xtec.cat\/badalona\/wp-json\/wp\/v2\/tags?post=2504"}],"curies":[{"name":"wp","href":"https:\/\/api.w.org\/{rel}","templated":true}]}}