{"id":25002,"date":"2025-03-20T12:20:25","date_gmt":"2025-03-20T11:20:25","guid":{"rendered":"https:\/\/serveiseducatius.xtec.cat\/badalona\/?p=25002"},"modified":"2026-02-03T10:43:25","modified_gmt":"2026-02-03T09:43:25","slug":"sant-jordi-a-les-ones-i-booktubers-per-celebrar-la-diada-de-sant-jordi-2025","status":"publish","type":"post","link":"https:\/\/serveiseducatius.xtec.cat\/badalona\/portada\/sant-jordi-a-les-ones-i-booktubers-per-celebrar-la-diada-de-sant-jordi-2025\/","title":{"rendered":"Sant Jordi a les ones i Booktubers per celebrar la diada de Sant Jordi 2025"},"content":{"rendered":"<div class=\"wp-block-columns is-layout-flex wp-container-core-columns-is-layout-2 wp-block-columns-is-layout-flex\">\n<div class=\"wp-block-column is-layout-flow wp-block-column-is-layout-flow\">\n<p><span style=\"font-weight: 400;\">Cada <\/span><b>23 d\u2019abril<\/b><span style=\"font-weight: 400;\"> celebrem la <\/span><b>diada de Sant Jordi<\/b><span style=\"font-weight: 400;\">, una jornada dedicada a la literatura i els llibres de tota mena: els carrers s\u2019omplen de paradetes on es venen llibres i roses, creant un ambient \u00fanic de cultura i tradici\u00f3.<\/span><\/p>\n<p><span style=\"font-weight: 400;\">\u00c9s una festa que promou la lectura i l\u2019intercanvi de llibres entre amics, familiars i parelles, convertint-se en <\/span><b>una oportunitat per descobrir nous autors i celebrar la literatura com a eina de coneixement i expressi\u00f3<\/b><span style=\"font-weight: 400;\">.<\/span><\/p>\n<p><span style=\"font-weight: 400;\">La Diada coincideix amb el <\/span><b>Dia Mundial del Llibre<\/b><span style=\"font-weight: 400;\">, fet que refor\u00e7a el seu valor com una diada que uneix cultura i patrimoni. \u00c9s per aix\u00f2 que des del Grup de Treball de R\u00e0dio i Audiovisuals us presentem:<\/span><\/p>\n<ul>\n<li style=\"font-weight: 400;\" aria-level=\"1\"><span style=\"font-weight: 400;\">La proposta\u00a0 <\/span><b>\u201cSant Jordi a les Ones\u201d<\/b><span style=\"font-weight: 400;\">, on es convida els centres a <strong>enregistrar una recomanaci\u00f3 liter\u00e0ria<\/strong> <strong>en format sonor. <a href=\"https:\/\/docs.google.com\/forms\/d\/e\/1FAIpQLSeW-sG-MGl-x3xusMuU9WpDcgkPj-ycgRC7f6_c0CYglwZKrA\/viewform?usp=sharing\" target=\"_blank\" rel=\"noopener\">INSCRIPCI\u00d3<\/a><\/strong><\/span><\/li>\n<li style=\"font-weight: 400;\" aria-level=\"1\"><span style=\"font-weight: 400;\">La proposta\u00a0 \u201c<\/span><b>Fem de Booktubers\u201d, <\/b>on es convida els centres a<b> enregistrar una recomanaci\u00f3 liter\u00e0ria en format audiovisual. <a href=\"https:\/\/docs.google.com\/forms\/d\/e\/1FAIpQLSeFZu1QYqK6T1LAQoK1gFqlQiFvUtkeSTweDIGAuH7Nq50Gwg\/viewform?usp=sharing\" target=\"_blank\" rel=\"noopener\">INSCRIPCI\u00d3 i ENTREGA.<\/a><\/b><\/li>\n<\/ul>\n<p><span style=\"font-weight: 400;\">Les recomanacions en format sonor ens poden <\/span><b>despertar la curiositat, l\u2019inter\u00e8s, les ganes de llegir un llibre<\/b><span style=\"font-weight: 400;\">. Per aix\u00f2 \u00e9s necessari que quan ens enregistrem donem la informaci\u00f3 necess\u00e0ria perqu\u00e8 l\u2019oient decideixi si li interessa i pugui buscar el llibre.<\/span><\/p>\n<p><span style=\"font-weight: 400;\">Ben aviat podreu sentir les recomanacions al <\/span><a href=\"https:\/\/serveiseducatius.xtec.cat\/badalona\/repositori-de-canal-de-reporters\/\" target=\"_blank\" rel=\"noopener\"><span style=\"font-weight: 400;\">REPOSITORI d\u2019arxius sonors.<\/span><\/a><\/p>\n<\/div>\n<\/div>\n<table>\n<tbody>\n<tr>\n<td style=\"background-color: #c2dcff;\"><img loading=\"lazy\" decoding=\"async\" class=\" wp-image-8085 aligncenter\" src=\"https:\/\/serveiseducatius.xtec.cat\/baixllobregat1\/wp-content\/uploads\/usu767\/2025\/02\/SANT-JORDI-A-LES-ONES-2025-IMATGE-300x75.png\" sizes=\"auto, (max-width: 436px) 100vw, 436px\" srcset=\"https:\/\/serveiseducatius.xtec.cat\/baixllobregat1\/wp-content\/uploads\/usu767\/2025\/02\/SANT-JORDI-A-LES-ONES-2025-IMATGE-300x75.png 300w, https:\/\/serveiseducatius.xtec.cat\/baixllobregat1\/wp-content\/uploads\/usu767\/2025\/02\/SANT-JORDI-A-LES-ONES-2025-IMATGE-768x192.png 768w, https:\/\/serveiseducatius.xtec.cat\/baixllobregat1\/wp-content\/uploads\/usu767\/2025\/02\/SANT-JORDI-A-LES-ONES-2025-IMATGE.png 800w\" alt=\"\" width=\"436\" height=\"109\" \/><\/td>\n<td style=\"background-color: #98edc4;\"><img loading=\"lazy\" decoding=\"async\" class=\" wp-image-8088 aligncenter\" src=\"https:\/\/serveiseducatius.xtec.cat\/baixllobregat1\/wp-content\/uploads\/usu767\/2025\/02\/FEM-DE-BOOKTUBERS-2025-IMATGE-300x75.png\" sizes=\"auto, (max-width: 416px) 100vw, 416px\" srcset=\"https:\/\/serveiseducatius.xtec.cat\/baixllobregat1\/wp-content\/uploads\/usu767\/2025\/02\/FEM-DE-BOOKTUBERS-2025-IMATGE-300x75.png 300w, https:\/\/serveiseducatius.xtec.cat\/baixllobregat1\/wp-content\/uploads\/usu767\/2025\/02\/FEM-DE-BOOKTUBERS-2025-IMATGE-768x192.png 768w, https:\/\/serveiseducatius.xtec.cat\/baixllobregat1\/wp-content\/uploads\/usu767\/2025\/02\/FEM-DE-BOOKTUBERS-2025-IMATGE.png 800w\" alt=\"\" width=\"416\" height=\"104\" \/><\/td>\n<\/tr>\n<tr>\n<td style=\"border-color: #000000;\"><b>\u201cSant Jordi a les ones\u201d<\/b><\/p>\n<p>Elaborem una recomanaci\u00f3 liter\u00e0ria en format sonor per a la Diada de Sant Jordi.<\/p>\n<ul>\n<li aria-level=\"1\"><a href=\"https:\/\/drive.google.com\/file\/d\/1AXLLGI7PPO3Y0zBdSHHWs77xHzUhI5o5\/view?usp=sharing\"><b>Documentaci\u00f3\u00a0<\/b><\/a><\/li>\n<li aria-level=\"1\"><a href=\"https:\/\/drive.google.com\/drive\/folders\/13ZvHA6J302XCq14Bw2IG08zzWwv6nwbo?usp=sharing\" target=\"_blank\" rel=\"noopener\"><b>Autoritza<\/b><b>cions<\/b><\/a><\/li>\n<li aria-level=\"1\"><a href=\"https:\/\/drive.google.com\/file\/d\/1ugjzF2u-oIk6ZpXrrisXJcNWPxwwHQ2d\/view?usp=drive_link\"><b>Recomanaci\u00f3 prim\u00e0ria<\/b><\/a><\/li>\n<li aria-level=\"1\"><a href=\"https:\/\/drive.google.com\/file\/d\/18mgoi2f46znYivh_zr4fQbN1AbqZThY4\/view?usp=drive_link\"><b>Recomanaci\u00f3 secund\u00e0ria<\/b><\/a><\/li>\n<li aria-level=\"1\"><a href=\"https:\/\/docs.google.com\/forms\/d\/e\/1FAIpQLSeW-sG-MGl-x3xusMuU9WpDcgkPj-ycgRC7f6_c0CYglwZKrA\/viewform?usp=sharing\" target=\"_blank\" rel=\"noopener\"><strong>Inscripci\u00f3<\/strong><\/a><\/li>\n<li aria-level=\"1\"><strong>Entrega dels arxius a trav\u00e9s del correu del CRP<\/strong><\/li>\n<li aria-level=\"1\">\u00a0<\/li>\n<\/ul>\n<\/td>\n<td><b>Fem de Booktubers<\/b><\/p>\n<p>Enregistrar una recomanaci\u00f3 liter\u00e0ria en format audiovisual.<\/p>\n<ul>\n<li aria-level=\"1\"><a href=\"https:\/\/drive.google.com\/file\/d\/1gOkRPassF4dBNijYNTfkNanTRI9owTBn\/view?usp=drive_link\"><b>Documentaci\u00f3\u00a0<\/b><\/a><\/li>\n<li aria-level=\"1\"><a href=\"https:\/\/drive.google.com\/drive\/folders\/13ZvHA6J302XCq14Bw2IG08zzWwv6nwbo?usp=sharing\" target=\"_blank\" rel=\"noopener\"><b>Autoritzacions<\/b><\/a><\/li>\n<li aria-level=\"1\"><strong><a href=\"https:\/\/docs.google.com\/forms\/d\/e\/1FAIpQLSeFZu1QYqK6T1LAQoK1gFqlQiFvUtkeSTweDIGAuH7Nq50Gwg\/viewform?usp=sharing\" target=\"_blank\" rel=\"noopener\">Inscripci\u00f3 i entrega<\/a><\/strong><\/li>\n<\/ul>\n<\/td>\n<\/tr>\n<tr>\n<td style=\"background-color: #c2dcff;\"><strong>Data d\u2019inici<\/strong><\/td>\n<td style=\"background-color: #98edc4;\">17 de mar\u00e7<\/td>\n<\/tr>\n<tr>\n<td><strong>Data l\u00edmit de lliurament<\/strong><\/td>\n<td>11 d\u2019abril<\/td>\n<\/tr>\n<tr>\n<td style=\"background-color: #c2dcff;\"><strong>Data d\u2019emissi\u00f3<\/strong><\/td>\n<td style=\"background-color: #98edc4;\">23 d\u2019abril<\/td>\n<\/tr>\n<\/tbody>\n<\/table>\n<div class=\"addtoany_share_save_container addtoany_content addtoany_content_bottom\">\u00a0<\/div>\n","protected":false},"excerpt":{"rendered":"<p>Cada 23 d\u2019abril celebrem la diada de Sant Jordi, una jornada dedicada a la literatura i els llibres de tota [&hellip;]<\/p>\n","protected":false},"author":9,"featured_media":25004,"comment_status":"closed","ping_status":"closed","sticky":false,"template":"","format":"standard","meta":{"_bbp_topic_count":0,"_bbp_reply_count":0,"_bbp_total_topic_count":0,"_bbp_total_reply_count":0,"_bbp_voice_count":0,"_bbp_anonymous_reply_count":0,"_bbp_topic_count_hidden":0,"_bbp_reply_count_hidden":0,"_bbp_forum_subforum_count":0,"site-sidebar-layout":"default","site-content-layout":"","ast-site-content-layout":"default","site-content-style":"default","site-sidebar-style":"default","ast-global-header-display":"","ast-banner-title-visibility":"","ast-main-header-display":"","ast-hfb-above-header-display":"","ast-hfb-below-header-display":"","ast-hfb-mobile-header-display":"","site-post-title":"","ast-breadcrumbs-content":"","ast-featured-img":"","footer-sml-layout":"","theme-transparent-header-meta":"default","adv-header-id-meta":"","stick-header-meta":"","header-above-stick-meta":"","header-main-stick-meta":"","header-below-stick-meta":"","astra-migrate-meta-layouts":"set","ast-page-background-enabled":"default","ast-page-background-meta":{"desktop":{"background-color":"var(--ast-global-color-4)","background-image":"","background-repeat":"repeat","background-position":"center center","background-size":"auto","background-attachment":"scroll","background-type":"","background-media":"","overlay-type":"","overlay-color":"","overlay-opacity":"","overlay-gradient":""},"tablet":{"background-color":"","background-image":"","background-repeat":"repeat","background-position":"center center","background-size":"auto","background-attachment":"scroll","background-type":"","background-media":"","overlay-type":"","overlay-color":"","overlay-opacity":"","overlay-gradient":""},"mobile":{"background-color":"","background-image":"","background-repeat":"repeat","background-position":"center center","background-size":"auto","background-attachment":"scroll","background-type":"","background-media":"","overlay-type":"","overlay-color":"","overlay-opacity":"","overlay-gradient":""}},"ast-content-background-meta":{"desktop":{"background-color":"var(--ast-global-color-5)","background-image":"","background-repeat":"repeat","background-position":"center center","background-size":"auto","background-attachment":"scroll","background-type":"","background-media":"","overlay-type":"","overlay-color":"","overlay-opacity":"","overlay-gradient":""},"tablet":{"background-color":"var(--ast-global-color-5)","background-image":"","background-repeat":"repeat","background-position":"center center","background-size":"auto","background-attachment":"scroll","background-type":"","background-media":"","overlay-type":"","overlay-color":"","overlay-opacity":"","overlay-gradient":""},"mobile":{"background-color":"var(--ast-global-color-5)","background-image":"","background-repeat":"repeat","background-position":"center center","background-size":"auto","background-attachment":"scroll","background-type":"","background-media":"","overlay-type":"","overlay-color":"","overlay-opacity":"","overlay-gradient":""}},"footnotes":""},"categories":[2227,66,29,1917,2061],"tags":[2058],"class_list":["post-25002","post","type-post","status-publish","format-standard","has-post-thumbnail","hentry","category-audiovisuals","category-dinamitzacio","category-portada","category-radio","category-propostes-audiovisuals","tag-canaldereporters"],"post_mailing_queue_ids":[],"_links":{"self":[{"href":"https:\/\/serveiseducatius.xtec.cat\/badalona\/wp-json\/wp\/v2\/posts\/25002","targetHints":{"allow":["GET"]}}],"collection":[{"href":"https:\/\/serveiseducatius.xtec.cat\/badalona\/wp-json\/wp\/v2\/posts"}],"about":[{"href":"https:\/\/serveiseducatius.xtec.cat\/badalona\/wp-json\/wp\/v2\/types\/post"}],"author":[{"embeddable":true,"href":"https:\/\/serveiseducatius.xtec.cat\/badalona\/wp-json\/wp\/v2\/users\/9"}],"replies":[{"embeddable":true,"href":"https:\/\/serveiseducatius.xtec.cat\/badalona\/wp-json\/wp\/v2\/comments?post=25002"}],"version-history":[{"count":6,"href":"https:\/\/serveiseducatius.xtec.cat\/badalona\/wp-json\/wp\/v2\/posts\/25002\/revisions"}],"predecessor-version":[{"id":25056,"href":"https:\/\/serveiseducatius.xtec.cat\/badalona\/wp-json\/wp\/v2\/posts\/25002\/revisions\/25056"}],"wp:featuredmedia":[{"embeddable":true,"href":"https:\/\/serveiseducatius.xtec.cat\/badalona\/wp-json\/wp\/v2\/media\/25004"}],"wp:attachment":[{"href":"https:\/\/serveiseducatius.xtec.cat\/badalona\/wp-json\/wp\/v2\/media?parent=25002"}],"wp:term":[{"taxonomy":"category","embeddable":true,"href":"https:\/\/serveiseducatius.xtec.cat\/badalona\/wp-json\/wp\/v2\/categories?post=25002"},{"taxonomy":"post_tag","embeddable":true,"href":"https:\/\/serveiseducatius.xtec.cat\/badalona\/wp-json\/wp\/v2\/tags?post=25002"}],"curies":[{"name":"wp","href":"https:\/\/api.w.org\/{rel}","templated":true}]}}