{"id":24985,"date":"2025-03-19T10:21:39","date_gmt":"2025-03-19T09:21:39","guid":{"rendered":"https:\/\/serveiseducatius.xtec.cat\/badalona\/?p=24985"},"modified":"2025-03-20T15:45:11","modified_gmt":"2025-03-20T14:45:11","slug":"de-la-rondalla-a-la-fantastica-proposta-literaria-de-sant-jordi-a-sant-roc","status":"publish","type":"post","link":"https:\/\/serveiseducatius.xtec.cat\/badalona\/general\/de-la-rondalla-a-la-fantastica-proposta-literaria-de-sant-jordi-a-sant-roc\/","title":{"rendered":"De la rondalla a la fant\u00e0stica: proposta liter\u00e0ria de Sant Jordi a Sant Roc"},"content":{"rendered":"<p><a href=\"https:\/\/drive.google.com\/drive\/folders\/1H4yJPts1PPHsSAXAkN8vj3I1WEhzgINI?usp=sharing\" target=\"_blank\" rel=\"noopener\"><img loading=\"lazy\" decoding=\"async\" class=\"size-full wp-image-24990 aligncenter\" src=\"https:\/\/serveiseducatius.xtec.cat\/badalona\/wp-content\/uploads\/usu1088\/2025\/03\/Captura-de-pantalla-2025-03-17-141351.png\" alt=\"\" width=\"634\" height=\"274\" srcset=\"https:\/\/serveiseducatius.xtec.cat\/badalona\/wp-content\/uploads\/usu1088\/2025\/03\/Captura-de-pantalla-2025-03-17-141351.png 634w, https:\/\/serveiseducatius.xtec.cat\/badalona\/wp-content\/uploads\/usu1088\/2025\/03\/Captura-de-pantalla-2025-03-17-141351-300x130.png 300w\" sizes=\"auto, (max-width: 634px) 100vw, 634px\" \/><\/a><\/p>\n<p>E<span style=\"font-weight: 400;\">l Servei Educatiu Ciutat de Badalona convoca el Concurs literari Sant Jordi a Sant Roc un any m\u00e9s, amb la finalitat d\u2019estimular l\u2019expressi\u00f3 escrita en llengua catalana en aquesta zona de Badalona.<\/span><\/p>\n<p><span style=\"font-weight: 400;\">La convocat\u00f2ria s\u2019adre\u00e7a a l\u2019alumnat d\u2019educaci\u00f3 prim\u00e0ria, d\u2019educaci\u00f3 secund\u00e0ria obligat\u00f2ria, PFI adaptat, batxillerat i CF de Sant Roc. <\/span><span style=\"font-weight: 400;\">Els centres educatius seleccionaran com a <\/span>m\u00e0xim dos treballs per categoria com a representants del seu centre<span style=\"font-weight: 400;\">. La data l\u00edmit per lliurar els treballs \u00e9s el <\/span><b>\u00a031 de mar\u00e7 de 2025<\/b><span style=\"font-weight: 400;\">. Els premis es lliuraran el dia de Sant Jordi en els diferents actes durant la celebraci\u00f3 de la diada al llarg del mat\u00ed.<\/span><\/p>\n<h5><strong><span style=\"font-weight: 400;\">\u00a0<\/span>Proposta creativa de treball: De la rondalla a la fant\u00e0stica!<\/strong><\/h5>\n<p><span style=\"font-weight: 400;\"><img decoding=\"async\" class=\"an1\" draggable=\"false\" src=\"https:\/\/fonts.gstatic.com\/s\/e\/notoemoji\/16.0\/1f4dd\/32.png\" alt=\"\ud83d\udcdd\" data-emoji=\"\ud83d\udcdd\" aria-label=\"\ud83d\udcdd\" \/>Presentaci\u00f3 d\u2019un text narratiu que segueix l\u2019estructura del conte cl\u00e0ssic o la rondalla, amb la introducci\u00f3 d\u2019un element subversiu que canvia la hist\u00f2ria tal com la coneixem.<\/span><img loading=\"lazy\" decoding=\"async\" class=\"wp-image-24994 size-full aligncenter\" src=\"https:\/\/serveiseducatius.xtec.cat\/badalona\/wp-content\/uploads\/usu1088\/2025\/03\/Captura-de-pantalla-2025-03-17-142349.png\" alt=\"\" width=\"308\" height=\"233\" srcset=\"https:\/\/serveiseducatius.xtec.cat\/badalona\/wp-content\/uploads\/usu1088\/2025\/03\/Captura-de-pantalla-2025-03-17-142349.png 308w, https:\/\/serveiseducatius.xtec.cat\/badalona\/wp-content\/uploads\/usu1088\/2025\/03\/Captura-de-pantalla-2025-03-17-142349-300x227.png 300w\" sizes=\"auto, (max-width: 308px) 100vw, 308px\" \/><\/p>\n<p><span style=\"font-weight: 400;\">Per la proposta del concurs literari de Sant Jordi a Sant Roc, enguany hem volgut retrobar-nos amb el nostre patrimoni rondall\u00edstic alhora que rendim homenatge a l\u2019obra de Gianni Rodari, <\/span><i><span style=\"font-weight: 400;\">Gram\u00e0tica de la fantasia<\/span><\/i><span style=\"font-weight: 400;\">. En 2024 celebren el 50 aniversari de la publicaci\u00f3 d&#8217;aquest manual de creaci\u00f3 d\u2019hist\u00f2ries que podem adaptar a totes les etapes educatives.<\/span><\/p>\n<p><span style=\"font-weight: 400;\">Davant la creixent desaparici\u00f3 de les tradicions catalanes davant la globalitzaci\u00f3 creixent del m\u00f3n cultural, volem proposar que les creacions tinguin com a punt de partida les nostres hist\u00f2ries i personatges cl\u00e0ssics: des del Patufet als minairons, passant per tots els arquetips i criatures que poblen les rondalles catalanes, mallorquines i valencianes.\u00a0<\/span><\/p>\n<p><span style=\"font-weight: 400;\">Gr\u00e0cies a la Mar Gonz\u00e1lez (<a href=\"https:\/\/www.maneno.es\/\">MANENO<\/a>), creadora de la <a href=\"https:\/\/drive.google.com\/file\/d\/1rvA4K9yR-V81Pi-1RxZ64KK-oUzWdH9B\/view?usp=drive_link\">proposta did\u00e0ctica<\/a> de la maleta <a href=\"https:\/\/serveiseducatius.xtec.cat\/badalona\/recursos\/maletes-pedagogiques\/catalunya-terra-magica\/\">Catalunya, terra m\u00e0gica<\/a>.<\/span><\/p>\n<p>Els docents de centres participants han rebut una formaci\u00f3 per portar a terme aquesta proposta a les aules. Podreu trobar els materials de suport <a href=\"https:\/\/drive.google.com\/drive\/folders\/1H4yJPts1PPHsSAXAkN8vj3I1WEhzgINI?usp=drive_link\" target=\"_blank\" rel=\"noopener\">aqu\u00ed<\/a>.<\/p>\n<p>&nbsp;<\/p>\n","protected":false},"excerpt":{"rendered":"<p>El Servei Educatiu Ciutat de Badalona convoca el Concurs literari Sant Jordi a Sant Roc un any m\u00e9s, amb la [&hellip;]<\/p>\n","protected":false},"author":48,"featured_media":24990,"comment_status":"closed","ping_status":"closed","sticky":false,"template":"","format":"standard","meta":{"_bbp_topic_count":0,"_bbp_reply_count":0,"_bbp_total_topic_count":0,"_bbp_total_reply_count":0,"_bbp_voice_count":0,"_bbp_anonymous_reply_count":0,"_bbp_topic_count_hidden":0,"_bbp_reply_count_hidden":0,"_bbp_forum_subforum_count":0,"site-sidebar-layout":"default","site-content-layout":"","ast-site-content-layout":"default","site-content-style":"default","site-sidebar-style":"default","ast-global-header-display":"","ast-banner-title-visibility":"","ast-main-header-display":"","ast-hfb-above-header-display":"","ast-hfb-below-header-display":"","ast-hfb-mobile-header-display":"","site-post-title":"","ast-breadcrumbs-content":"","ast-featured-img":"","footer-sml-layout":"","theme-transparent-header-meta":"default","adv-header-id-meta":"","stick-header-meta":"","header-above-stick-meta":"","header-main-stick-meta":"","header-below-stick-meta":"","astra-migrate-meta-layouts":"set","ast-page-background-enabled":"default","ast-page-background-meta":{"desktop":{"background-color":"var(--ast-global-color-4)","background-image":"","background-repeat":"repeat","background-position":"center center","background-size":"auto","background-attachment":"scroll","background-type":"","background-media":"","overlay-type":"","overlay-color":"","overlay-opacity":"","overlay-gradient":""},"tablet":{"background-color":"","background-image":"","background-repeat":"repeat","background-position":"center center","background-size":"auto","background-attachment":"scroll","background-type":"","background-media":"","overlay-type":"","overlay-color":"","overlay-opacity":"","overlay-gradient":""},"mobile":{"background-color":"","background-image":"","background-repeat":"repeat","background-position":"center center","background-size":"auto","background-attachment":"scroll","background-type":"","background-media":"","overlay-type":"","overlay-color":"","overlay-opacity":"","overlay-gradient":""}},"ast-content-background-meta":{"desktop":{"background-color":"var(--ast-global-color-5)","background-image":"","background-repeat":"repeat","background-position":"center center","background-size":"auto","background-attachment":"scroll","background-type":"","background-media":"","overlay-type":"","overlay-color":"","overlay-opacity":"","overlay-gradient":""},"tablet":{"background-color":"var(--ast-global-color-5)","background-image":"","background-repeat":"repeat","background-position":"center center","background-size":"auto","background-attachment":"scroll","background-type":"","background-media":"","overlay-type":"","overlay-color":"","overlay-opacity":"","overlay-gradient":""},"mobile":{"background-color":"var(--ast-global-color-5)","background-image":"","background-repeat":"repeat","background-position":"center center","background-size":"auto","background-attachment":"scroll","background-type":"","background-media":"","overlay-type":"","overlay-color":"","overlay-opacity":"","overlay-gradient":""}},"footnotes":""},"categories":[66,1,81,2042,29,587],"tags":[167,2011,172,401,471,100,1934,302,38],"class_list":["post-24985","post","type-post","status-publish","format-standard","has-post-thumbnail","hentry","category-dinamitzacio","category-general","category-biblioteca-escolar","category-plamib","category-portada","category-sant-jordi-a-les-escoles-de-sant-roc","tag-badalona","tag-bescat","tag-dinamitzacio","tag-educacio-primaria","tag-educacio-secundaria","tag-lectura","tag-plamib","tag-recursos","tag-sant-jordi"],"post_mailing_queue_ids":[],"_links":{"self":[{"href":"https:\/\/serveiseducatius.xtec.cat\/badalona\/wp-json\/wp\/v2\/posts\/24985","targetHints":{"allow":["GET"]}}],"collection":[{"href":"https:\/\/serveiseducatius.xtec.cat\/badalona\/wp-json\/wp\/v2\/posts"}],"about":[{"href":"https:\/\/serveiseducatius.xtec.cat\/badalona\/wp-json\/wp\/v2\/types\/post"}],"author":[{"embeddable":true,"href":"https:\/\/serveiseducatius.xtec.cat\/badalona\/wp-json\/wp\/v2\/users\/48"}],"replies":[{"embeddable":true,"href":"https:\/\/serveiseducatius.xtec.cat\/badalona\/wp-json\/wp\/v2\/comments?post=24985"}],"version-history":[{"count":4,"href":"https:\/\/serveiseducatius.xtec.cat\/badalona\/wp-json\/wp\/v2\/posts\/24985\/revisions"}],"predecessor-version":[{"id":24997,"href":"https:\/\/serveiseducatius.xtec.cat\/badalona\/wp-json\/wp\/v2\/posts\/24985\/revisions\/24997"}],"wp:featuredmedia":[{"embeddable":true,"href":"https:\/\/serveiseducatius.xtec.cat\/badalona\/wp-json\/wp\/v2\/media\/24990"}],"wp:attachment":[{"href":"https:\/\/serveiseducatius.xtec.cat\/badalona\/wp-json\/wp\/v2\/media?parent=24985"}],"wp:term":[{"taxonomy":"category","embeddable":true,"href":"https:\/\/serveiseducatius.xtec.cat\/badalona\/wp-json\/wp\/v2\/categories?post=24985"},{"taxonomy":"post_tag","embeddable":true,"href":"https:\/\/serveiseducatius.xtec.cat\/badalona\/wp-json\/wp\/v2\/tags?post=24985"}],"curies":[{"name":"wp","href":"https:\/\/api.w.org\/{rel}","templated":true}]}}