{"id":2493,"date":"2016-02-11T13:50:38","date_gmt":"2016-02-11T12:50:38","guid":{"rendered":"http:\/\/serveiseducatius.xtec.cat\/badalona\/general\/acaoanavaoacaaataaraiaaa-ava-acaoanacauarasa-aeasacaoalaaara-asaaalaa-adaeala-acaamaiaca\/"},"modified":"2017-01-30T12:28:06","modified_gmt":"2017-01-30T11:28:06","slug":"acaoanavaoacaaataaraiaaa-ava-acaoanacauarasa-aeasacaoalaaara-asaaalaa-adaeala-acaamaiaca","status":"publish","type":"post","link":"https:\/\/serveiseducatius.xtec.cat\/badalona\/general\/acaoanavaoacaaataaraiaaa-ava-acaoanacauarasa-aeasacaoalaaara-asaaalaa-adaeala-acaamaiaca\/","title":{"rendered":"Convocat\u00f2ria V concurs escolar del Sal\u00f3 del C\u00f2mic"},"content":{"rendered":"<table border=\"0\" class=\"htmtableborders\" style=\"height: 93px; width: 600px;\">\n<tbody>\n<tr>\n<td style=\"text-align: left; vertical-align: top;\" colspan=\"2\">\n<div style=\"font-family: arial, sans-serif; font-size: 12.8px;\"><span style=\"color: #666666; font-family: OpenSansRegular, Helvetica, Arial, sans-serif; font-size: 14px; line-height: 20.3px;\"><span style=\"color: #000000;\">En el marc de la 34a edici&oacute; del Sal&oacute; Internacional del C&ograve;mic de Barcelona, que tindr&agrave; lloc entre el 5 i el 8 de maig de 2016, FICOMIC, amb la col&middot;laboraci&oacute; del Departament d&rsquo;Ensenyament de la Generalitat de Catalunya, convoca el<\/span> <strong><a href=\"http:\/\/comic-34.ficomic.com\/v-concurs-escolar-comic.cfm\" target=\"_blank\">V concurs escolar del Sal&oacute; Internacional del C&ograve;mic<\/a><\/strong>&nbsp;<span style=\"color: #000000;\">de Barcelona.<\/span><br \/><span style=\"line-height: 20.3px; color: #000000;\">la tem&agrave;tica d&rsquo;enguany &eacute;s: HISTORIETES SOBRE RODES&nbsp;<\/span><\/span><\/div>\n<\/td>\n<td style=\"text-align: left; vertical-align: top;\">\n<div style=\"font-family: arial, sans-serif; font-size: 12.8px;\"><\/div>\n<div style=\"font-family: arial, sans-serif; font-size: 12.8px;\"><a href=\"http:\/\/xtec.gencat.cat\/ca\/agenda\/Convocatoria-V-concurs-escolar-Salo-del-Comic\" target=\"_blank\"><img loading=\"lazy\" decoding=\"async\" src=\"http:\/\/xtec.gencat.cat\/web\/sites\/xtec\/.content\/portadesseccions\/06-projectes\/activitatsagenda\/imatges\/Vconcursescolarsalodelcomic.jpg_1637373458.jpg\" alt=\"\" width=\"196\" height=\"131\" \/><\/a><\/div>\n<\/td>\n<\/tr>\n<\/tbody>\n<\/table>\n","protected":false},"excerpt":{"rendered":"<p>En el marc de la 34a edici&oacute; del Sal&oacute; Internacional del C&ograve;mic de Barcelona, que tindr&agrave; lloc entre el 5 [&hellip;]<\/p>\n","protected":false},"author":1,"featured_media":0,"comment_status":"open","ping_status":"open","sticky":false,"template":"","format":"standard","meta":{"_bbp_topic_count":0,"_bbp_reply_count":0,"_bbp_total_topic_count":0,"_bbp_total_reply_count":0,"_bbp_voice_count":0,"_bbp_anonymous_reply_count":0,"_bbp_topic_count_hidden":0,"_bbp_reply_count_hidden":0,"_bbp_forum_subforum_count":0,"site-sidebar-layout":"default","site-content-layout":"","ast-site-content-layout":"","site-content-style":"default","site-sidebar-style":"default","ast-global-header-display":"","ast-banner-title-visibility":"","ast-main-header-display":"","ast-hfb-above-header-display":"","ast-hfb-below-header-display":"","ast-hfb-mobile-header-display":"","site-post-title":"","ast-breadcrumbs-content":"","ast-featured-img":"","footer-sml-layout":"","theme-transparent-header-meta":"","adv-header-id-meta":"","stick-header-meta":"","header-above-stick-meta":"","header-main-stick-meta":"","header-below-stick-meta":"","astra-migrate-meta-layouts":"default","ast-page-background-enabled":"default","ast-page-background-meta":{"desktop":{"background-color":"var(--ast-global-color-4)","background-image":"","background-repeat":"repeat","background-position":"center center","background-size":"auto","background-attachment":"scroll","background-type":"","background-media":"","overlay-type":"","overlay-color":"","overlay-opacity":"","overlay-gradient":""},"tablet":{"background-color":"","background-image":"","background-repeat":"repeat","background-position":"center center","background-size":"auto","background-attachment":"scroll","background-type":"","background-media":"","overlay-type":"","overlay-color":"","overlay-opacity":"","overlay-gradient":""},"mobile":{"background-color":"","background-image":"","background-repeat":"repeat","background-position":"center center","background-size":"auto","background-attachment":"scroll","background-type":"","background-media":"","overlay-type":"","overlay-color":"","overlay-opacity":"","overlay-gradient":""}},"ast-content-background-meta":{"desktop":{"background-color":"var(--ast-global-color-5)","background-image":"","background-repeat":"repeat","background-position":"center center","background-size":"auto","background-attachment":"scroll","background-type":"","background-media":"","overlay-type":"","overlay-color":"","overlay-opacity":"","overlay-gradient":""},"tablet":{"background-color":"var(--ast-global-color-5)","background-image":"","background-repeat":"repeat","background-position":"center center","background-size":"auto","background-attachment":"scroll","background-type":"","background-media":"","overlay-type":"","overlay-color":"","overlay-opacity":"","overlay-gradient":""},"mobile":{"background-color":"var(--ast-global-color-5)","background-image":"","background-repeat":"repeat","background-position":"center center","background-size":"auto","background-attachment":"scroll","background-type":"","background-media":"","overlay-type":"","overlay-color":"","overlay-opacity":"","overlay-gradient":""}},"footnotes":""},"categories":[66,1,81],"tags":[171,205,208],"class_list":["post-2493","post","type-post","status-publish","format-standard","hentry","category-dinamitzacio","category-general","category-biblioteca-escolar","tag-comic","tag-intraweb","tag-noticies"],"post_mailing_queue_ids":[],"_links":{"self":[{"href":"https:\/\/serveiseducatius.xtec.cat\/badalona\/wp-json\/wp\/v2\/posts\/2493","targetHints":{"allow":["GET"]}}],"collection":[{"href":"https:\/\/serveiseducatius.xtec.cat\/badalona\/wp-json\/wp\/v2\/posts"}],"about":[{"href":"https:\/\/serveiseducatius.xtec.cat\/badalona\/wp-json\/wp\/v2\/types\/post"}],"author":[{"embeddable":true,"href":"https:\/\/serveiseducatius.xtec.cat\/badalona\/wp-json\/wp\/v2\/users\/1"}],"replies":[{"embeddable":true,"href":"https:\/\/serveiseducatius.xtec.cat\/badalona\/wp-json\/wp\/v2\/comments?post=2493"}],"version-history":[{"count":1,"href":"https:\/\/serveiseducatius.xtec.cat\/badalona\/wp-json\/wp\/v2\/posts\/2493\/revisions"}],"predecessor-version":[{"id":3737,"href":"https:\/\/serveiseducatius.xtec.cat\/badalona\/wp-json\/wp\/v2\/posts\/2493\/revisions\/3737"}],"wp:attachment":[{"href":"https:\/\/serveiseducatius.xtec.cat\/badalona\/wp-json\/wp\/v2\/media?parent=2493"}],"wp:term":[{"taxonomy":"category","embeddable":true,"href":"https:\/\/serveiseducatius.xtec.cat\/badalona\/wp-json\/wp\/v2\/categories?post=2493"},{"taxonomy":"post_tag","embeddable":true,"href":"https:\/\/serveiseducatius.xtec.cat\/badalona\/wp-json\/wp\/v2\/tags?post=2493"}],"curies":[{"name":"wp","href":"https:\/\/api.w.org\/{rel}","templated":true}]}}