{"id":24910,"date":"2025-03-07T09:24:38","date_gmt":"2025-03-07T08:24:38","guid":{"rendered":"https:\/\/serveiseducatius.xtec.cat\/badalona\/?p=24910"},"modified":"2025-03-07T18:02:31","modified_gmt":"2025-03-07T17:02:31","slug":"jugatecambientals-dels-parcs-del-torrent-de-la-font-i-el-turo-de-lenric-i-de-can-solei-i-de-ca-larnus","status":"publish","type":"post","link":"https:\/\/serveiseducatius.xtec.cat\/badalona\/portada\/jugatecambientals-dels-parcs-del-torrent-de-la-font-i-el-turo-de-lenric-i-de-can-solei-i-de-ca-larnus\/","title":{"rendered":"Jugatecambientals dels parcs del Torrent de la Font i el Tur\u00f3 de l&#8217;Enric, i de Can Solei i Ca l&#8217;Arn\u00fas"},"content":{"rendered":"<p><img loading=\"lazy\" decoding=\"async\" class=\" wp-image-24911 alignright\" src=\"https:\/\/serveiseducatius.xtec.cat\/badalona\/wp-content\/uploads\/usu1088\/2025\/03\/unnamed.jpg\" alt=\"\" width=\"295\" height=\"221\" srcset=\"https:\/\/serveiseducatius.xtec.cat\/badalona\/wp-content\/uploads\/usu1088\/2025\/03\/unnamed.jpg 400w, https:\/\/serveiseducatius.xtec.cat\/badalona\/wp-content\/uploads\/usu1088\/2025\/03\/unnamed-300x225.jpg 300w\" sizes=\"auto, (max-width: 295px) 100vw, 295px\" \/><\/p>\n<p><strong><a href=\"https:\/\/www.amb.cat\/es\/web\/territori\/espai-public\/parcs\/punts-interes\/detall\/-\/puntinteres\/parc-del-torrent-de-la-font-i-el-turo-de-l-enric\/7137826\/11656?_PuntInteresSearchListPortlet_WAR_AMBSearchPortletportlet_pageNum=1&amp;_PuntInteresSearchListPortlet_WAR_AMBSearchPortletportlet_subambit=territori.espai_public_parcs&amp;_PuntInteresSearchListPortlet_WAR_AMBSearchPortletportlet_categoria=categoria_punt_interes_jugatecambiental&amp;_PuntInteresSearchListPortlet_WAR_AMBSearchPortletportlet_ambit=territori&amp;_PuntInteresSearchListPortlet_WAR_AMBSearchPortletportlet_detailBackURL=https%3A%2F%2Fwww.amb.cat%2Fes%2Fweb%2Fterritori%2Fespai-public%2Fparcs%2Fpunts-interes%2Fjugatecambiental\" target=\"_blank\" rel=\"noopener\">Jugatecambientals<\/a> dels parcs del Torrent de la Font i el Tur\u00f3 de l&#8217;Enric i de Can Solei i de Ca l&#8217;Arn\u00fas<\/strong><\/p>\n<p><img decoding=\"async\" class=\"an1\" draggable=\"false\" src=\"https:\/\/fonts.gstatic.com\/s\/e\/notoemoji\/16.0\/1f4c5\/32.png\" alt=\"\ud83d\udcc5\" data-emoji=\"\ud83d\udcc5\" aria-label=\"\ud83d\udcc5\" \/>\u00a0<strong>Data:<\/strong>\u00a0Diumenge 9 de mar\u00e7 de 2025<\/p>\n<p><img decoding=\"async\" class=\"an1\" draggable=\"false\" src=\"https:\/\/fonts.gstatic.com\/s\/e\/notoemoji\/16.0\/1f4cd\/32.png\" alt=\"\ud83d\udccd\" data-emoji=\"\ud83d\udccd\" aria-label=\"\ud83d\udccd\" \/>\u00a0<strong>Ubicaci\u00f3:<\/strong> \u00a0<\/p>\n<ul>\n<li>Jugatecambiental del parc del Torrent de la Font i el Tur\u00f3 de l&#8217;Enric: <u><a id=\"m_-7210748337773872936OWA5554ffc8-9200-7adb-16e7-fcf1281a85f5\" title=\"https:\/\/maps.app.goo.gl\/Xus1PiurDVjatsTp7\" href=\"https:\/\/badalona.us9.list-manage.com\/track\/click?u=ffd591a994ee7dd40eb2627a0&amp;id=1bb6aa7944&amp;e=a380053e49\" target=\"_blank\" rel=\"noopener\" data-saferedirecturl=\"https:\/\/www.google.com\/url?q=https:\/\/badalona.us9.list-manage.com\/track\/click?u%3Dffd591a994ee7dd40eb2627a0%26id%3D1bb6aa7944%26e%3Da380053e49&amp;source=gmail&amp;ust=1741417366092000&amp;usg=AOvVaw3Xq_kN2eEnNI-09DzhBDw7\">https:\/\/maps.app.goo.gl\/<wbr \/>Xus1PiurDVjatsTp7<\/a><\/u>\u00a0<\/li>\n<li>Jugatecambiental del parc de Can Solei i de Ca l&#8217;Arn\u00fas: <a id=\"m_-7210748337773872936OWA2b5aabd4-7bf1-c28a-e267-512e087701b5\" title=\"https:\/\/maps.app.goo.gl\/2ZS2y6WNkKGxLGJE8\" href=\"https:\/\/badalona.us9.list-manage.com\/track\/click?u=ffd591a994ee7dd40eb2627a0&amp;id=8fb62df363&amp;e=a380053e49\" target=\"_blank\" rel=\"noopener\" data-saferedirecturl=\"https:\/\/www.google.com\/url?q=https:\/\/badalona.us9.list-manage.com\/track\/click?u%3Dffd591a994ee7dd40eb2627a0%26id%3D8fb62df363%26e%3Da380053e49&amp;source=gmail&amp;ust=1741417366092000&amp;usg=AOvVaw3_YS4XQEPfsHFGgrwWlEKf\">https:\/\/maps.app.goo.<wbr \/>gl\/2ZS2y6WNkKGxLGJE8<\/a><\/li>\n<\/ul>\n<p><img decoding=\"async\" class=\"an1\" draggable=\"false\" src=\"https:\/\/fonts.gstatic.com\/s\/e\/notoemoji\/16.0\/23f0\/32.png\" alt=\"\u23f0\" data-emoji=\"\u23f0\" aria-label=\"\u23f0\" \/>\u00a0<strong>Horari:<\/strong>\u00a0Espai de joc d\u201911.30 a 13.30 h. Activitats de 12 a 13 h\u00a0<\/p>\n<p><strong><img decoding=\"async\" class=\"an1\" draggable=\"false\" src=\"https:\/\/fonts.gstatic.com\/s\/e\/notoemoji\/16.0\/1f9e9\/32.png\" alt=\"\ud83e\udde9\" data-emoji=\"\ud83e\udde9\" aria-label=\"\ud83e\udde9\" \/>\u00a0Activitats programades:<\/strong><\/p>\n<ul>\n<li><strong>Parc del Torrent de la Font i el Tur\u00f3 de l&#8217;Enric: <\/strong><strong>El bon consumidor: sostenible i saludable:<\/strong><em>\u00a0Fem una recepta de cuina?\u00a0<\/em><\/li>\n<li><strong>Parc de Can Solei i de Ca l&#8217;Arn\u00fas: <\/strong><strong>Qui viu al parc?\u00a0<\/strong><em>Descoberta de la biodiversitat del parc a trav\u00e9s del joc i l&#8217;observaci\u00f3.\u00a0<\/em>L\u2019objectiu d\u2019aquestes activitats \u00e9s oferir\u00a0propostes per gaudir en fam\u00edlia i con\u00e8ixer els valors dels parcs metropolitans, la natura i el medi ambient a trav\u00e9s del joc i l&#8217;activitat.\u00a0<\/li>\n<\/ul>\n","protected":false},"excerpt":{"rendered":"<p>Jugatecambientals dels parcs del Torrent de la Font i el Tur\u00f3 de l&#8217;Enric i de Can Solei i de Ca [&hellip;]<\/p>\n","protected":false},"author":15,"featured_media":24911,"comment_status":"closed","ping_status":"closed","sticky":false,"template":"","format":"standard","meta":{"_bbp_topic_count":0,"_bbp_reply_count":0,"_bbp_total_topic_count":0,"_bbp_total_reply_count":0,"_bbp_voice_count":0,"_bbp_anonymous_reply_count":0,"_bbp_topic_count_hidden":0,"_bbp_reply_count_hidden":0,"_bbp_forum_subforum_count":0,"site-sidebar-layout":"default","site-content-layout":"","ast-site-content-layout":"default","site-content-style":"default","site-sidebar-style":"default","ast-global-header-display":"","ast-banner-title-visibility":"","ast-main-header-display":"","ast-hfb-above-header-display":"","ast-hfb-below-header-display":"","ast-hfb-mobile-header-display":"","site-post-title":"","ast-breadcrumbs-content":"","ast-featured-img":"","footer-sml-layout":"","theme-transparent-header-meta":"default","adv-header-id-meta":"","stick-header-meta":"","header-above-stick-meta":"","header-main-stick-meta":"","header-below-stick-meta":"","astra-migrate-meta-layouts":"set","ast-page-background-enabled":"default","ast-page-background-meta":{"desktop":{"background-color":"var(--ast-global-color-4)","background-image":"","background-repeat":"repeat","background-position":"center center","background-size":"auto","background-attachment":"scroll","background-type":"","background-media":"","overlay-type":"","overlay-color":"","overlay-opacity":"","overlay-gradient":""},"tablet":{"background-color":"","background-image":"","background-repeat":"repeat","background-position":"center center","background-size":"auto","background-attachment":"scroll","background-type":"","background-media":"","overlay-type":"","overlay-color":"","overlay-opacity":"","overlay-gradient":""},"mobile":{"background-color":"","background-image":"","background-repeat":"repeat","background-position":"center center","background-size":"auto","background-attachment":"scroll","background-type":"","background-media":"","overlay-type":"","overlay-color":"","overlay-opacity":"","overlay-gradient":""}},"ast-content-background-meta":{"desktop":{"background-color":"var(--ast-global-color-5)","background-image":"","background-repeat":"repeat","background-position":"center center","background-size":"auto","background-attachment":"scroll","background-type":"","background-media":"","overlay-type":"","overlay-color":"","overlay-opacity":"","overlay-gradient":""},"tablet":{"background-color":"var(--ast-global-color-5)","background-image":"","background-repeat":"repeat","background-position":"center center","background-size":"auto","background-attachment":"scroll","background-type":"","background-media":"","overlay-type":"","overlay-color":"","overlay-opacity":"","overlay-gradient":""},"mobile":{"background-color":"var(--ast-global-color-5)","background-image":"","background-repeat":"repeat","background-position":"center center","background-size":"auto","background-attachment":"scroll","background-type":"","background-media":"","overlay-type":"","overlay-color":"","overlay-opacity":"","overlay-gradient":""}},"footnotes":""},"categories":[1540,29],"tags":[306],"class_list":["post-24910","post","type-post","status-publish","format-standard","has-post-thumbnail","hentry","category-oferta-daltres-institucions","category-portada","tag-medi-ambient"],"post_mailing_queue_ids":[],"_links":{"self":[{"href":"https:\/\/serveiseducatius.xtec.cat\/badalona\/wp-json\/wp\/v2\/posts\/24910","targetHints":{"allow":["GET"]}}],"collection":[{"href":"https:\/\/serveiseducatius.xtec.cat\/badalona\/wp-json\/wp\/v2\/posts"}],"about":[{"href":"https:\/\/serveiseducatius.xtec.cat\/badalona\/wp-json\/wp\/v2\/types\/post"}],"author":[{"embeddable":true,"href":"https:\/\/serveiseducatius.xtec.cat\/badalona\/wp-json\/wp\/v2\/users\/15"}],"replies":[{"embeddable":true,"href":"https:\/\/serveiseducatius.xtec.cat\/badalona\/wp-json\/wp\/v2\/comments?post=24910"}],"version-history":[{"count":5,"href":"https:\/\/serveiseducatius.xtec.cat\/badalona\/wp-json\/wp\/v2\/posts\/24910\/revisions"}],"predecessor-version":[{"id":24921,"href":"https:\/\/serveiseducatius.xtec.cat\/badalona\/wp-json\/wp\/v2\/posts\/24910\/revisions\/24921"}],"wp:featuredmedia":[{"embeddable":true,"href":"https:\/\/serveiseducatius.xtec.cat\/badalona\/wp-json\/wp\/v2\/media\/24911"}],"wp:attachment":[{"href":"https:\/\/serveiseducatius.xtec.cat\/badalona\/wp-json\/wp\/v2\/media?parent=24910"}],"wp:term":[{"taxonomy":"category","embeddable":true,"href":"https:\/\/serveiseducatius.xtec.cat\/badalona\/wp-json\/wp\/v2\/categories?post=24910"},{"taxonomy":"post_tag","embeddable":true,"href":"https:\/\/serveiseducatius.xtec.cat\/badalona\/wp-json\/wp\/v2\/tags?post=24910"}],"curies":[{"name":"wp","href":"https:\/\/api.w.org\/{rel}","templated":true}]}}