{"id":24463,"date":"2025-01-28T12:26:54","date_gmt":"2025-01-28T11:26:54","guid":{"rendered":"https:\/\/serveiseducatius.xtec.cat\/badalona\/?p=24463"},"modified":"2025-01-28T12:26:54","modified_gmt":"2025-01-28T11:26:54","slug":"obert-periode-dinscripcio-a-fotonica-en-5-minuts-pel-dia-internacional-de-la-dona-i-la-nena-a-la-ciencia-2025","status":"publish","type":"post","link":"https:\/\/serveiseducatius.xtec.cat\/badalona\/general\/obert-periode-dinscripcio-a-fotonica-en-5-minuts-pel-dia-internacional-de-la-dona-i-la-nena-a-la-ciencia-2025\/","title":{"rendered":"Obert per\u00edode d&#8217;inscripci\u00f3 a Fot\u00f2nica en 5 minuts! pel Dia Internacional de la Dona i la Nena a la Ci\u00e8ncia 2025"},"content":{"rendered":"<p><img loading=\"lazy\" decoding=\"async\" class=\"wp-image-24464 alignleft\" src=\"https:\/\/serveiseducatius.xtec.cat\/badalona\/wp-content\/uploads\/usu1088\/2025\/01\/F5M_11Feb25_banner_CAT-1024x577.png\" alt=\"\" width=\"632\" height=\"356\" \/><\/p>\n<p style=\"font-weight: 400;\"><a href=\"https:\/\/outreach.icfo.eu\/ca\/events\/5minutes-11f25\/\" target=\"_blank\" rel=\"noopener\" data-saferedirecturl=\"https:\/\/www.google.com\/url?q=https:\/\/outreach.icfo.eu\/ca\/events\/5minutes-11f25\/&amp;source=gmail&amp;ust=1738147994781000&amp;usg=AOvVaw2XS_98Rk-hBIwA1EUS9YzK\"><strong>Fot\u00f2nica en 5 minuts<\/strong>!<\/a> est\u00e0 organitzat en el marc del Dia Internacional de la Dona i la Nena a la Ci\u00e8ncia \u201825 i est\u00e0 dirigit a l\u2019<strong>alumnat del segon cicle de l\u2019ESO, de batxillerat i cicles formatius<\/strong>. Tindr\u00e0 lloc el dia\u00a0<strong>11 de febrer de 2025<\/strong>\u00a0al mat\u00ed de\u00a0<strong>10:30 a 11:30 CET de forma virtual <\/strong>i l&#8217;organitza l&#8217;<em>equip d&#8217;outreach de l&#8217;ICFO<\/em>.<\/p>\n<p style=\"font-weight: 400;\">Amb aquesta activitat podreu descobrir el m\u00f3n de la fot\u00f2nica a trav\u00e9s de 4 especialistes de l\u2019ICFO, que explicaran per qu\u00e8 la fot\u00f2nica \u00e9s important per a la seva investigaci\u00f3 i la societat. Cada ponent tindr\u00e0 5 minuts per donar la seva xerrada de forma entretinguda i entenedora. Podreu tamb\u00e9 enviar preguntes sobre ci\u00e8ncia i sobre les seves carreres en directe.<\/p>\n<p>Us podeu inscriure al seg\u00fcent <a href=\"https:\/\/forms.office.com\/e\/yUjQXPiyBz\" target=\"_blank\" rel=\"noopener\">formulari<\/a>.<\/p>\n<p>M\u00e9s informaci\u00f3 <a href=\"https:\/\/outreach.icfo.eu\/ca\/events\/5minutes-11f25\/\" target=\"_blank\" rel=\"noopener\">aqu\u00ed<\/a>.<\/p>\n","protected":false},"excerpt":{"rendered":"<p>Fot\u00f2nica en 5 minuts! est\u00e0 organitzat en el marc del Dia Internacional de la Dona i la Nena a la [&hellip;]<\/p>\n","protected":false},"author":49,"featured_media":24464,"comment_status":"closed","ping_status":"closed","sticky":false,"template":"","format":"standard","meta":{"_bbp_topic_count":0,"_bbp_reply_count":0,"_bbp_total_topic_count":0,"_bbp_total_reply_count":0,"_bbp_voice_count":0,"_bbp_anonymous_reply_count":0,"_bbp_topic_count_hidden":0,"_bbp_reply_count_hidden":0,"_bbp_forum_subforum_count":0,"site-sidebar-layout":"default","site-content-layout":"","ast-site-content-layout":"default","site-content-style":"default","site-sidebar-style":"default","ast-global-header-display":"","ast-banner-title-visibility":"","ast-main-header-display":"","ast-hfb-above-header-display":"","ast-hfb-below-header-display":"","ast-hfb-mobile-header-display":"","site-post-title":"","ast-breadcrumbs-content":"","ast-featured-img":"","footer-sml-layout":"","theme-transparent-header-meta":"default","adv-header-id-meta":"","stick-header-meta":"","header-above-stick-meta":"","header-main-stick-meta":"","header-below-stick-meta":"","astra-migrate-meta-layouts":"set","ast-page-background-enabled":"default","ast-page-background-meta":{"desktop":{"background-color":"var(--ast-global-color-4)","background-image":"","background-repeat":"repeat","background-position":"center center","background-size":"auto","background-attachment":"scroll","background-type":"","background-media":"","overlay-type":"","overlay-color":"","overlay-opacity":"","overlay-gradient":""},"tablet":{"background-color":"","background-image":"","background-repeat":"repeat","background-position":"center center","background-size":"auto","background-attachment":"scroll","background-type":"","background-media":"","overlay-type":"","overlay-color":"","overlay-opacity":"","overlay-gradient":""},"mobile":{"background-color":"","background-image":"","background-repeat":"repeat","background-position":"center center","background-size":"auto","background-attachment":"scroll","background-type":"","background-media":"","overlay-type":"","overlay-color":"","overlay-opacity":"","overlay-gradient":""}},"ast-content-background-meta":{"desktop":{"background-color":"var(--ast-global-color-5)","background-image":"","background-repeat":"repeat","background-position":"center center","background-size":"auto","background-attachment":"scroll","background-type":"","background-media":"","overlay-type":"","overlay-color":"","overlay-opacity":"","overlay-gradient":""},"tablet":{"background-color":"var(--ast-global-color-5)","background-image":"","background-repeat":"repeat","background-position":"center center","background-size":"auto","background-attachment":"scroll","background-type":"","background-media":"","overlay-type":"","overlay-color":"","overlay-opacity":"","overlay-gradient":""},"mobile":{"background-color":"var(--ast-global-color-5)","background-image":"","background-repeat":"repeat","background-position":"center center","background-size":"auto","background-attachment":"scroll","background-type":"","background-media":"","overlay-type":"","overlay-color":"","overlay-opacity":"","overlay-gradient":""}},"footnotes":""},"categories":[66,1,29],"tags":[375,347,1496,1457,471],"class_list":["post-24463","post","type-post","status-publish","format-standard","has-post-thumbnail","hentry","category-dinamitzacio","category-general","category-portada","tag-batxillerat","tag-cicles-formatius","tag-ciencies","tag-dia-de-la-dona-cientifica","tag-educacio-secundaria"],"post_mailing_queue_ids":[],"_links":{"self":[{"href":"https:\/\/serveiseducatius.xtec.cat\/badalona\/wp-json\/wp\/v2\/posts\/24463","targetHints":{"allow":["GET"]}}],"collection":[{"href":"https:\/\/serveiseducatius.xtec.cat\/badalona\/wp-json\/wp\/v2\/posts"}],"about":[{"href":"https:\/\/serveiseducatius.xtec.cat\/badalona\/wp-json\/wp\/v2\/types\/post"}],"author":[{"embeddable":true,"href":"https:\/\/serveiseducatius.xtec.cat\/badalona\/wp-json\/wp\/v2\/users\/49"}],"replies":[{"embeddable":true,"href":"https:\/\/serveiseducatius.xtec.cat\/badalona\/wp-json\/wp\/v2\/comments?post=24463"}],"version-history":[{"count":3,"href":"https:\/\/serveiseducatius.xtec.cat\/badalona\/wp-json\/wp\/v2\/posts\/24463\/revisions"}],"predecessor-version":[{"id":24467,"href":"https:\/\/serveiseducatius.xtec.cat\/badalona\/wp-json\/wp\/v2\/posts\/24463\/revisions\/24467"}],"wp:featuredmedia":[{"embeddable":true,"href":"https:\/\/serveiseducatius.xtec.cat\/badalona\/wp-json\/wp\/v2\/media\/24464"}],"wp:attachment":[{"href":"https:\/\/serveiseducatius.xtec.cat\/badalona\/wp-json\/wp\/v2\/media?parent=24463"}],"wp:term":[{"taxonomy":"category","embeddable":true,"href":"https:\/\/serveiseducatius.xtec.cat\/badalona\/wp-json\/wp\/v2\/categories?post=24463"},{"taxonomy":"post_tag","embeddable":true,"href":"https:\/\/serveiseducatius.xtec.cat\/badalona\/wp-json\/wp\/v2\/tags?post=24463"}],"curies":[{"name":"wp","href":"https:\/\/api.w.org\/{rel}","templated":true}]}}