{"id":2404,"date":"2015-10-30T11:01:00","date_gmt":"2015-10-30T10:01:00","guid":{"rendered":"http:\/\/serveiseducatius.xtec.cat\/badalona\/general\/a3ara-acaoanagaraasa-adaea-acaiaanacaiaaa-aaa-alaaeadauacaaacaiaa-aianafaaanataiala-aia-aparaiamaaraiaaa\/"},"modified":"2018-05-14T13:33:13","modified_gmt":"2018-05-14T11:33:13","slug":"a3ara-acaoanagaraasa-adaea-acaiaanacaiaaa-aaa-alaaeadauacaaacaiaa-aianafaaanataiala-aia-aparaiamaaraiaaa","status":"publish","type":"post","link":"https:\/\/serveiseducatius.xtec.cat\/badalona\/general\/a3ara-acaoanagaraasa-adaea-acaiaanacaiaaa-aaa-alaaeadauacaaacaiaa-aianafaaanataiala-aia-aparaiamaaraiaaa\/","title":{"rendered":"III Congr\u00e9s de Ci\u00e8ncia a l&#8217;educaci\u00f3 Infantil i Prim\u00e0ria"},"content":{"rendered":"<table align=\"left\" border=\"0\" cellpadding=\"1\" cellspacing=\"1\" style=\"width:600px\">\n<tbody>\n<tr>\n<td>\n<div style=\"color: rgb(7, 55, 99);\"><a href=\"https:\/\/sites.google.com\/a\/xtec.cat\/badaciencia\/presentacion-1\" target=\"_blank\"><img decoding=\"async\" alt=\"\" src=\"https:\/\/lh3.googleusercontent.com\/---8svjCFFZE\/ViCunggfKjI\/AAAAAAAAFc0\/GlCcTvNbosY\/s818-Ic42\/congr%2525C3%2525A9s%252520ciencia.jpg\" style=\"float:left; height:90px; width:600px\" \/><\/a><\/div>\n<\/td>\n<td>\n<p>\t\t\t&nbsp;<\/td>\n<\/tr>\n<tr>\n<td>\n<p><span style=\"font-size:12px\"><span style=\"font-family:tahoma,geneva,sans-serif\"><span style=\"color:#696969\"><span style=\"background-color:transparent\">Aquest curs 2015-2016, tindr\u00e0 lloc&nbsp;<\/span>al <\/span><strong>Museu de Badalona<\/strong>&nbsp;<span style=\"background-color:transparent\">el <strong><a href=\"https:\/\/sites.google.com\/a\/xtec.cat\/badaciencia\/\" target=\"_blank\">3r Congr\u00e9s de Ci\u00e8ncia a l&#39;educaci\u00f3 Infantil i Prim\u00e0ria<\/a>.&nbsp;<\/strong><br \/>\n\t\t\tDurant els dies&nbsp;<strong>18 i 19 de maig,&nbsp;<\/strong><\/span><span style=\"background-color:transparent\"><strong>de 10 a 12:00 h<\/strong>, <span style=\"color:#696969\">grups d&#39;alumnes d&#39;infantil i prim\u00e0ria de les<\/span><\/span><span style=\"background-color:transparent; color:rgb(85, 85, 85)\">&nbsp;escoles de la ciutat presentaran les experi\u00e8ncies o recerques que hagin preparat al&nbsp;llarg del curs i escoltaran les presentacions de grups d&#39;altres centres.<\/p>\n<p>\t\t\tEl Congr\u00e9s organtiza tamb\u00e9 el m\u00e9s de novembre el taller de formaci\u00f3&nbsp;<\/span><a href=\"https:\/\/aplicacions.gestioeducativa.gencat.cat\/pls\/soloas\/pk_for_mod_ins.p_for_exhaustiu_activitat?p_header=Llista%20d%27activitats^pk_for_mod_ins.p_for_cons_activitats?p_poblacio=08015%26p_any=2015-2016%26p_modalitat=23%26p_totes=s%26p_inici=1%26p_excloure_crp_rec=F*Detall%20d%27activitat^pk_for_mod_ins.p_for_detall_activitat?p_codi=2040291204%26p_curs=2015-2016%26p_es_inscr=S&amp;p_codi=2040291204&amp;p_curs=2015-2016&amp;p_es_inscr=S\" target=\"_blank\"><strong>El treball cient\u00edfic amb infants. La recerca en ci\u00e8ncies a l&#39;educaci\u00f3 infantil i prim\u00e0ria<\/strong><\/a><span style=\"background-color:transparent; color:rgb(85, 85, 85)\">&nbsp; per al professorat que vulgui participar en el congr\u00e9s i que ho faci per primera vegada i tamb\u00e9 per altra professorat interessat. <strong><a href=\"https:\/\/aplicacions.gestioeducativa.gencat.cat\/pls\/soloas\/pk_for_mod_ins.p_for_detall_activitat?p_header=Llista%20d%27activitats%5Epk_for_mod_ins.p_for_cons_activitats?p_poblacio=08015%26p_any=2015-2016%26p_modalitat=23%26p_totes=s%26p_inici=1%26p_excloure_crp_rec=F&amp;p_codi=2040291204&amp;p_curs=2015-2016&amp;p_excloure_crp_rec=F\" target=\"_blank\">Inscripci\u00f3 al taller<\/a><\/strong><br \/>\n\t\t\t&nbsp;<br \/>\n\t\t\tSi voleu partipar amb el congr\u00e9s amb els vostres alumnes cal que ompliu aquest <strong><a href=\"https:\/\/sites.google.com\/a\/xtec.cat\/badaciencia\/inscripcion\" target=\"_blank\">formulari.<\/a>&nbsp; &nbsp; &nbsp; &nbsp; &nbsp; &nbsp; &nbsp; &nbsp; &nbsp;<span style=\"font-size:10px\">&nbsp;<\/span><\/strong><\/span><\/span><\/span><span style=\"font-size:10px\"><strong><a href=\"https:\/\/sites.google.com\/a\/xtec.cat\/badaciencia\/presentacion-1\" target=\"_blank\">+ info<\/a><\/strong><\/span><\/p>\n<p><span style=\"font-size:12px\"><span style=\"font-family:tahoma,geneva,sans-serif\"><span style=\"background-color:transparent; color:rgb(85, 85, 85)\"><strong><span style=\"font-size:10px\">Organitzen<\/span>:&nbsp;<\/strong><\/span><\/span><\/span><\/p>\n<p><span style=\"font-size:10px\"><span style=\"font-family:trebuchet ms,helvetica,sans-serif\"><strong>&#8211; Ajuntament de Badalona<\/strong><br \/>\n\t\t\t<span style=\"color:rgb(68, 68, 68)\">&nbsp;&nbsp; &nbsp;\u00c0rea de Medi Ambient i Sostenibilitat<\/span><br \/>\n\t\t\t<span style=\"color:rgb(68, 68, 68)\">&nbsp;&nbsp; &nbsp;<\/span><span style=\"color:rgb(68, 68, 68)\">&nbsp; &nbsp; &#8211;&nbsp;<\/span><span style=\"color:rgb(68, 68, 68)\">Escola de Natura Angeleta Ferrer<\/span><br \/>\n\t\t\t<span style=\"color:rgb(68, 68, 68)\">&nbsp;&nbsp; &nbsp;<\/span><span style=\"color:rgb(68, 68, 68)\">&nbsp; &nbsp; &#8211;&nbsp;<\/span><span style=\"color:rgb(68, 68, 68)\">Escola del Mar. Centre d&#39;Estudis Marins<\/span><br \/>\n\t\t\t<span style=\"color:rgb(68, 68, 68)\">&nbsp;&nbsp; &nbsp;\u00c0rea d&#39;Educaci\u00f3, Esports i Joventut<\/span><br \/>\n\t\t\t<span style=\"color:#000000\"><strong>&#8211;&nbsp;<\/strong>&nbsp;<strong>Departament d&rsquo;Ensenyament&nbsp;<\/strong><\/span><\/span><\/span><br \/>\n\t\t\t<span style=\"font-size:10px\"><span style=\"font-family:trebuchet ms,helvetica,sans-serif\"><span style=\"color:rgb(68, 68, 68)\">&nbsp; &nbsp; &nbsp; &nbsp; &#8211;&nbsp;Servei Educatiu Ciutat de Badalona.<\/span><\/span><\/span><\/p>\n<\/td>\n<td>&nbsp;<\/td>\n<\/tr>\n<\/tbody>\n<\/table>\n","protected":false},"excerpt":{"rendered":"<p>&nbsp; Aquest curs 2015-2016, tindr\u00e0 lloc&nbsp;al Museu de Badalona&nbsp;el 3r Congr\u00e9s de Ci\u00e8ncia a l&#39;educaci\u00f3 Infantil i Prim\u00e0ria.&nbsp; Durant els [&hellip;]<\/p>\n","protected":false},"author":1,"featured_media":0,"comment_status":"open","ping_status":"open","sticky":false,"template":"","format":"standard","meta":{"_bbp_topic_count":0,"_bbp_reply_count":0,"_bbp_total_topic_count":0,"_bbp_total_reply_count":0,"_bbp_voice_count":0,"_bbp_anonymous_reply_count":0,"_bbp_topic_count_hidden":0,"_bbp_reply_count_hidden":0,"_bbp_forum_subforum_count":0,"site-sidebar-layout":"default","site-content-layout":"","ast-site-content-layout":"","site-content-style":"default","site-sidebar-style":"default","ast-global-header-display":"","ast-banner-title-visibility":"","ast-main-header-display":"","ast-hfb-above-header-display":"","ast-hfb-below-header-display":"","ast-hfb-mobile-header-display":"","site-post-title":"","ast-breadcrumbs-content":"","ast-featured-img":"","footer-sml-layout":"","theme-transparent-header-meta":"","adv-header-id-meta":"","stick-header-meta":"","header-above-stick-meta":"","header-main-stick-meta":"","header-below-stick-meta":"","astra-migrate-meta-layouts":"default","ast-page-background-enabled":"default","ast-page-background-meta":{"desktop":{"background-color":"var(--ast-global-color-4)","background-image":"","background-repeat":"repeat","background-position":"center center","background-size":"auto","background-attachment":"scroll","background-type":"","background-media":"","overlay-type":"","overlay-color":"","overlay-opacity":"","overlay-gradient":""},"tablet":{"background-color":"","background-image":"","background-repeat":"repeat","background-position":"center center","background-size":"auto","background-attachment":"scroll","background-type":"","background-media":"","overlay-type":"","overlay-color":"","overlay-opacity":"","overlay-gradient":""},"mobile":{"background-color":"","background-image":"","background-repeat":"repeat","background-position":"center center","background-size":"auto","background-attachment":"scroll","background-type":"","background-media":"","overlay-type":"","overlay-color":"","overlay-opacity":"","overlay-gradient":""}},"ast-content-background-meta":{"desktop":{"background-color":"var(--ast-global-color-5)","background-image":"","background-repeat":"repeat","background-position":"center center","background-size":"auto","background-attachment":"scroll","background-type":"","background-media":"","overlay-type":"","overlay-color":"","overlay-opacity":"","overlay-gradient":""},"tablet":{"background-color":"var(--ast-global-color-5)","background-image":"","background-repeat":"repeat","background-position":"center center","background-size":"auto","background-attachment":"scroll","background-type":"","background-media":"","overlay-type":"","overlay-color":"","overlay-opacity":"","overlay-gradient":""},"mobile":{"background-color":"var(--ast-global-color-5)","background-image":"","background-repeat":"repeat","background-position":"center center","background-size":"auto","background-attachment":"scroll","background-type":"","background-media":"","overlay-type":"","overlay-color":"","overlay-opacity":"","overlay-gradient":""}},"footnotes":""},"categories":[418,66,1],"tags":[167,349,401,205,208],"class_list":["post-2404","post","type-post","status-publish","format-standard","hentry","category-congres-ciencia","category-dinamitzacio","category-general","tag-badalona","tag-educacio-infantil","tag-educacio-primaria","tag-intraweb","tag-noticies"],"post_mailing_queue_ids":[],"_links":{"self":[{"href":"https:\/\/serveiseducatius.xtec.cat\/badalona\/wp-json\/wp\/v2\/posts\/2404","targetHints":{"allow":["GET"]}}],"collection":[{"href":"https:\/\/serveiseducatius.xtec.cat\/badalona\/wp-json\/wp\/v2\/posts"}],"about":[{"href":"https:\/\/serveiseducatius.xtec.cat\/badalona\/wp-json\/wp\/v2\/types\/post"}],"author":[{"embeddable":true,"href":"https:\/\/serveiseducatius.xtec.cat\/badalona\/wp-json\/wp\/v2\/users\/1"}],"replies":[{"embeddable":true,"href":"https:\/\/serveiseducatius.xtec.cat\/badalona\/wp-json\/wp\/v2\/comments?post=2404"}],"version-history":[{"count":2,"href":"https:\/\/serveiseducatius.xtec.cat\/badalona\/wp-json\/wp\/v2\/posts\/2404\/revisions"}],"predecessor-version":[{"id":9267,"href":"https:\/\/serveiseducatius.xtec.cat\/badalona\/wp-json\/wp\/v2\/posts\/2404\/revisions\/9267"}],"wp:attachment":[{"href":"https:\/\/serveiseducatius.xtec.cat\/badalona\/wp-json\/wp\/v2\/media?parent=2404"}],"wp:term":[{"taxonomy":"category","embeddable":true,"href":"https:\/\/serveiseducatius.xtec.cat\/badalona\/wp-json\/wp\/v2\/categories?post=2404"},{"taxonomy":"post_tag","embeddable":true,"href":"https:\/\/serveiseducatius.xtec.cat\/badalona\/wp-json\/wp\/v2\/tags?post=2404"}],"curies":[{"name":"wp","href":"https:\/\/api.w.org\/{rel}","templated":true}]}}