{"id":2378,"date":"2015-09-22T12:55:00","date_gmt":"2015-09-22T10:55:00","guid":{"rendered":"http:\/\/serveiseducatius.xtec.cat\/badalona\/general\/acaoama-acaoamaeanaaaa-aeala-adaiaaa-aeana-auanaaa-aeasacaoalaaa-adaea-alaeasa-amaialalaoarasa-adaeala-amaanaa\/"},"modified":"2016-12-22T13:49:36","modified_gmt":"2016-12-22T12:49:36","slug":"acaoama-acaoamaeanaaaa-aeala-adaiaaa-aeana-auanaaa-aeasacaoalaaa-adaea-alaeasa-amaialalaoarasa-adaeala-amaanaa","status":"publish","type":"post","link":"https:\/\/serveiseducatius.xtec.cat\/badalona\/general\/acaoama-acaoamaeanaaaa-aeala-adaiaaa-aeana-auanaaa-aeasacaoalaaa-adaea-alaeasa-amaialalaoarasa-adaeala-amaanaa\/","title":{"rendered":"Contes per la Pau \/ DENIP"},"content":{"rendered":"<table border=\"0\" class=\"htmtableborders\" style=\"width:615px\">\n<tbody>\n<tr>\n<td>\n<p style=\"text-align:start\"><img decoding=\"async\" alt=\"\" src=\"https:\/\/lh3.googleusercontent.com\/-6uutoCddx6E\/VgJ_ePWgrYI\/AAAAAAAAFZc\/2Izlg04W_kE\/s340-Ic42\/colom-pau.jpg\" style=\"height:112px; width:140px\" \/><\/p>\n<\/td>\n<td>\n<p><strong><span style=\"color:rgb(0, 0, 0); font-family:verdana; font-size:13px\">CONTES PER A LA PAU \/ DENIP<\/span><\/strong><\/p>\n<p><span style=\"color:rgb(0, 0, 0); font-family:verdana; font-size:13px\">Activitat adre\u00e7ada als alumnes de 5\u00e8 de prim\u00e0ria que consisteix en l&rsquo;elaboraci\u00f3, al llarg el primer trimestre del curs, d&rsquo;uns contes de forma cooperativa entre diferents escoles, utilitzant un espai com\u00fa, la <a href=\"https:\/\/contespau.wikispaces.com\/\" target=\"_blank\">wiki dels Contes per a la Pau<\/a>.<\/span><\/p>\n<p><span style=\"color:rgb(0, 0, 0); font-family:verdana; font-size:13px\">El 30 de gener amb motiu de la celebraci\u00f3 del DENIP, es realitza la cloenda de l&#39;activitat i la presentaci\u00f3 del libre amb tots els contes&#8230;<br \/>\n\t\t\t<span style=\"font-size:10px\">(aquest any, donat que el 30 de gener cau en dissabte, l&#39;acte se celebrar\u00e0 el 29 de gener)<\/span><\/span><\/p>\n<p><span style=\"font-size:14px\">Per a m\u00e9s informaci\u00f3 poseu-vos en contacte amb el CRP o consulteu la <a href=\"https:\/\/contespau.wikispaces.com\/\" target=\"_blank\">Wiki<\/a><\/span><\/p>\n<p><strong><a href=\"https:\/\/docs.google.com\/a\/xtec.cat\/forms\/d\/1b9Ew7bLVXQT0RnLyZXsU9gkRGhq9Xwi0o-9LSwSNi3M\/viewform?hl=ca&amp;formkey=dFpLQ3dyb042MnNkMWwtTGdEZmZaN0E6MQ#gid=0\" target=\"_blank\">Inscripci\u00f3<\/a><\/strong>&nbsp;per a participar a l&#39;activitat (fins el 29 de setembre)<\/p>\n<\/td>\n<\/tr>\n<\/tbody>\n<\/table>\n","protected":false},"excerpt":{"rendered":"<p>CONTES PER A LA PAU \/ DENIP Activitat adre\u00e7ada als alumnes de 5\u00e8 de prim\u00e0ria que consisteix en l&rsquo;elaboraci\u00f3, al [&hellip;]<\/p>\n","protected":false},"author":1,"featured_media":0,"comment_status":"open","ping_status":"open","sticky":false,"template":"","format":"standard","meta":{"_bbp_topic_count":0,"_bbp_reply_count":0,"_bbp_total_topic_count":0,"_bbp_total_reply_count":0,"_bbp_voice_count":0,"_bbp_anonymous_reply_count":0,"_bbp_topic_count_hidden":0,"_bbp_reply_count_hidden":0,"_bbp_forum_subforum_count":0,"site-sidebar-layout":"default","site-content-layout":"","ast-site-content-layout":"","site-content-style":"default","site-sidebar-style":"default","ast-global-header-display":"","ast-banner-title-visibility":"","ast-main-header-display":"","ast-hfb-above-header-display":"","ast-hfb-below-header-display":"","ast-hfb-mobile-header-display":"","site-post-title":"","ast-breadcrumbs-content":"","ast-featured-img":"","footer-sml-layout":"","theme-transparent-header-meta":"","adv-header-id-meta":"","stick-header-meta":"","header-above-stick-meta":"","header-main-stick-meta":"","header-below-stick-meta":"","astra-migrate-meta-layouts":"default","ast-page-background-enabled":"default","ast-page-background-meta":{"desktop":{"background-color":"var(--ast-global-color-4)","background-image":"","background-repeat":"repeat","background-position":"center center","background-size":"auto","background-attachment":"scroll","background-type":"","background-media":"","overlay-type":"","overlay-color":"","overlay-opacity":"","overlay-gradient":""},"tablet":{"background-color":"","background-image":"","background-repeat":"repeat","background-position":"center center","background-size":"auto","background-attachment":"scroll","background-type":"","background-media":"","overlay-type":"","overlay-color":"","overlay-opacity":"","overlay-gradient":""},"mobile":{"background-color":"","background-image":"","background-repeat":"repeat","background-position":"center center","background-size":"auto","background-attachment":"scroll","background-type":"","background-media":"","overlay-type":"","overlay-color":"","overlay-opacity":"","overlay-gradient":""}},"ast-content-background-meta":{"desktop":{"background-color":"var(--ast-global-color-5)","background-image":"","background-repeat":"repeat","background-position":"center center","background-size":"auto","background-attachment":"scroll","background-type":"","background-media":"","overlay-type":"","overlay-color":"","overlay-opacity":"","overlay-gradient":""},"tablet":{"background-color":"var(--ast-global-color-5)","background-image":"","background-repeat":"repeat","background-position":"center center","background-size":"auto","background-attachment":"scroll","background-type":"","background-media":"","overlay-type":"","overlay-color":"","overlay-opacity":"","overlay-gradient":""},"mobile":{"background-color":"var(--ast-global-color-5)","background-image":"","background-repeat":"repeat","background-position":"center center","background-size":"auto","background-attachment":"scroll","background-type":"","background-media":"","overlay-type":"","overlay-color":"","overlay-opacity":"","overlay-gradient":""}},"footnotes":""},"categories":[294,66,1],"tags":[205,208,460],"class_list":["post-2378","post","type-post","status-publish","format-standard","hentry","category-pau","category-dinamitzacio","category-general","tag-intraweb","tag-noticies","tag-pau"],"post_mailing_queue_ids":[],"_links":{"self":[{"href":"https:\/\/serveiseducatius.xtec.cat\/badalona\/wp-json\/wp\/v2\/posts\/2378","targetHints":{"allow":["GET"]}}],"collection":[{"href":"https:\/\/serveiseducatius.xtec.cat\/badalona\/wp-json\/wp\/v2\/posts"}],"about":[{"href":"https:\/\/serveiseducatius.xtec.cat\/badalona\/wp-json\/wp\/v2\/types\/post"}],"author":[{"embeddable":true,"href":"https:\/\/serveiseducatius.xtec.cat\/badalona\/wp-json\/wp\/v2\/users\/1"}],"replies":[{"embeddable":true,"href":"https:\/\/serveiseducatius.xtec.cat\/badalona\/wp-json\/wp\/v2\/comments?post=2378"}],"version-history":[{"count":2,"href":"https:\/\/serveiseducatius.xtec.cat\/badalona\/wp-json\/wp\/v2\/posts\/2378\/revisions"}],"predecessor-version":[{"id":5758,"href":"https:\/\/serveiseducatius.xtec.cat\/badalona\/wp-json\/wp\/v2\/posts\/2378\/revisions\/5758"}],"wp:attachment":[{"href":"https:\/\/serveiseducatius.xtec.cat\/badalona\/wp-json\/wp\/v2\/media?parent=2378"}],"wp:term":[{"taxonomy":"category","embeddable":true,"href":"https:\/\/serveiseducatius.xtec.cat\/badalona\/wp-json\/wp\/v2\/categories?post=2378"},{"taxonomy":"post_tag","embeddable":true,"href":"https:\/\/serveiseducatius.xtec.cat\/badalona\/wp-json\/wp\/v2\/tags?post=2378"}],"curies":[{"name":"wp","href":"https:\/\/api.w.org\/{rel}","templated":true}]}}