{"id":23647,"date":"2024-11-27T08:09:27","date_gmt":"2024-11-27T07:09:27","guid":{"rendered":"https:\/\/serveiseducatius.xtec.cat\/badalona\/?p=23647"},"modified":"2024-12-02T16:24:39","modified_gmt":"2024-12-02T15:24:39","slug":"tallers-virtuals-en-obert-sobre-mesures-i-suports-universals-2n-i-3er-trimestre","status":"publish","type":"post","link":"https:\/\/serveiseducatius.xtec.cat\/badalona\/portada\/tallers-virtuals-en-obert-sobre-mesures-i-suports-universals-2n-i-3er-trimestre\/","title":{"rendered":"Tallers virtuals en obert sobre Mesures i Suports Universals (2n i 3r trimestre)"},"content":{"rendered":"<p><img loading=\"lazy\" decoding=\"async\" class=\"wp-image-23648 alignright\" src=\"https:\/\/serveiseducatius.xtec.cat\/badalona\/wp-content\/uploads\/usu1088\/2024\/11\/Captura-de-pantalla-2024-11-27-080002.png\" alt=\"\" width=\"265\" height=\"105\" \/><\/p>\n<p>Us informem que enguany les<strong><a id=\"m_-907374830299674556OWA4e1a24ac-20c4-4684-507d-ce7a4240a483\" href=\"https:\/\/sites.google.com\/xtec.cat\/oferta-formativa-dei-bns\" target=\"_blank\" rel=\"noopener\" data-saferedirecturl=\"https:\/\/www.google.com\/url?q=https:\/\/sites.google.com\/xtec.cat\/oferta-formativa-dei-bns&amp;source=gmail&amp;ust=1732776746236000&amp;usg=AOvVaw3zSS7GK1pRmM_JbMSNGZCR\">\u00a0<\/a><u><a id=\"m_-907374830299674556OWA4e1a24ac-20c4-4684-507d-ce7a4240a483\" href=\"https:\/\/sites.google.com\/xtec.cat\/oferta-formativa-dei-bns\" target=\"_blank\" rel=\"noopener\" data-saferedirecturl=\"https:\/\/www.google.com\/url?q=https:\/\/sites.google.com\/xtec.cat\/oferta-formativa-dei-bns&amp;source=gmail&amp;ust=1732776746236000&amp;usg=AOvVaw3zSS7GK1pRmM_JbMSNGZCR\">Dinamitzadores d\u2019Educaci\u00f3 Inclusiva<\/a><\/u> <\/strong>del ST al Barcelon\u00e8s, tornen a\u00a0<span style=\"font-family: inherit; font-size: 1em;\">oferir 2<\/span><strong style=\"font-family: inherit; font-size: 1em;\">\u00a0tallers virtuals en obert<\/strong><span style=\"font-family: inherit; font-size: 1em;\">, per als docents interessats a fer-lo a mode individual.\u00a0<\/span>La inscripci\u00f3 es pot formalitzar a trav\u00e9s dels seg\u00fcents enlla\u00e7os:<\/p>\n<ul>\n<li><strong><u><a id=\"m_-907374830299674556OWA53d628cb-09a8-0f39-4c83-769a43d1c738\" href=\"https:\/\/aplicacions.gestioeducativa.gencat.cat\/ords\/pls\/soloas\/inscripcionsnp?codi=2003050512&amp;curs=2024-2025\" target=\"_blank\" rel=\"noopener\" data-saferedirecturl=\"https:\/\/www.google.com\/url?q=https:\/\/aplicacions.gestioeducativa.gencat.cat\/ords\/pls\/soloas\/inscripcionsnp?codi%3D2003050512%26curs%3D2024-2025&amp;source=gmail&amp;ust=1732776746236000&amp;usg=AOvVaw1JcbrTrLp4RVLODayihzUP\">2003050512 Mesures i suports universals<\/a><\/u><\/strong><u><a id=\"m_-907374830299674556OWA53d628cb-09a8-0f39-4c83-769a43d1c738\" href=\"https:\/\/aplicacions.gestioeducativa.gencat.cat\/ords\/pls\/soloas\/inscripcionsnp?codi=2003050512&amp;curs=2024-2025\" target=\"_blank\" rel=\"noopener\" data-saferedirecturl=\"https:\/\/www.google.com\/url?q=https:\/\/aplicacions.gestioeducativa.gencat.cat\/ords\/pls\/soloas\/inscripcionsnp?codi%3D2003050512%26curs%3D2024-2025&amp;source=gmail&amp;ust=1732776746236000&amp;usg=AOvVaw1JcbrTrLp4RVLODayihzUP\">\u00a0<\/a><\/u><strong>(2n trimestre).<\/strong> Data m\u00e0xima per fer la inscripci\u00f3: 30 de desembre.<\/li>\n<li><strong><u><a id=\"m_-907374830299674556OWA3ab375b9-22a7-b40f-4dd3-ba10cdc1067b\" href=\"https:\/\/aplicacions.gestioeducativa.gencat.cat\/ords\/pls\/soloas\/inscripcionsnp?codi=2003060512&amp;curs=2024-2025\" target=\"_blank\" rel=\"noopener\" data-saferedirecturl=\"https:\/\/www.google.com\/url?q=https:\/\/aplicacions.gestioeducativa.gencat.cat\/ords\/pls\/soloas\/inscripcionsnp?codi%3D2003060512%26curs%3D2024-2025&amp;source=gmail&amp;ust=1732776746236000&amp;usg=AOvVaw1YdrF0ZjRMGlEfUdtEOnpV\">2003060512 Mesures i suports universals<\/a><\/u> (3r trimestre).<\/strong><\/li>\n<\/ul>\n","protected":false},"excerpt":{"rendered":"<p>Us informem que enguany les\u00a0Dinamitzadores d\u2019Educaci\u00f3 Inclusiva del ST al Barcelon\u00e8s, tornen a\u00a0oferir 2\u00a0tallers virtuals en obert, per als docents [&hellip;]<\/p>\n","protected":false},"author":15,"featured_media":23648,"comment_status":"closed","ping_status":"closed","sticky":false,"template":"","format":"standard","meta":{"_bbp_topic_count":0,"_bbp_reply_count":0,"_bbp_total_topic_count":0,"_bbp_total_reply_count":0,"_bbp_voice_count":0,"_bbp_anonymous_reply_count":0,"_bbp_topic_count_hidden":0,"_bbp_reply_count_hidden":0,"_bbp_forum_subforum_count":0,"site-sidebar-layout":"default","site-content-layout":"","ast-site-content-layout":"","site-content-style":"default","site-sidebar-style":"default","ast-global-header-display":"","ast-banner-title-visibility":"","ast-main-header-display":"","ast-hfb-above-header-display":"","ast-hfb-below-header-display":"","ast-hfb-mobile-header-display":"","site-post-title":"","ast-breadcrumbs-content":"","ast-featured-img":"","footer-sml-layout":"","theme-transparent-header-meta":"","adv-header-id-meta":"","stick-header-meta":"","header-above-stick-meta":"","header-main-stick-meta":"","header-below-stick-meta":"","astra-migrate-meta-layouts":"default","ast-page-background-enabled":"default","ast-page-background-meta":{"desktop":{"background-color":"var(--ast-global-color-4)","background-image":"","background-repeat":"repeat","background-position":"center center","background-size":"auto","background-attachment":"scroll","background-type":"","background-media":"","overlay-type":"","overlay-color":"","overlay-opacity":"","overlay-gradient":""},"tablet":{"background-color":"","background-image":"","background-repeat":"repeat","background-position":"center center","background-size":"auto","background-attachment":"scroll","background-type":"","background-media":"","overlay-type":"","overlay-color":"","overlay-opacity":"","overlay-gradient":""},"mobile":{"background-color":"","background-image":"","background-repeat":"repeat","background-position":"center center","background-size":"auto","background-attachment":"scroll","background-type":"","background-media":"","overlay-type":"","overlay-color":"","overlay-opacity":"","overlay-gradient":""}},"ast-content-background-meta":{"desktop":{"background-color":"var(--ast-global-color-5)","background-image":"","background-repeat":"repeat","background-position":"center center","background-size":"auto","background-attachment":"scroll","background-type":"","background-media":"","overlay-type":"","overlay-color":"","overlay-opacity":"","overlay-gradient":""},"tablet":{"background-color":"var(--ast-global-color-5)","background-image":"","background-repeat":"repeat","background-position":"center center","background-size":"auto","background-attachment":"scroll","background-type":"","background-media":"","overlay-type":"","overlay-color":"","overlay-opacity":"","overlay-gradient":""},"mobile":{"background-color":"var(--ast-global-color-5)","background-image":"","background-repeat":"repeat","background-position":"center center","background-size":"auto","background-attachment":"scroll","background-type":"","background-media":"","overlay-type":"","overlay-color":"","overlay-opacity":"","overlay-gradient":""}},"footnotes":""},"categories":[29],"tags":[1908,1508],"class_list":["post-23647","post","type-post","status-publish","format-standard","has-post-thumbnail","hentry","category-portada","tag-dei","tag-educacio-inclusiva"],"post_mailing_queue_ids":[],"_links":{"self":[{"href":"https:\/\/serveiseducatius.xtec.cat\/badalona\/wp-json\/wp\/v2\/posts\/23647","targetHints":{"allow":["GET"]}}],"collection":[{"href":"https:\/\/serveiseducatius.xtec.cat\/badalona\/wp-json\/wp\/v2\/posts"}],"about":[{"href":"https:\/\/serveiseducatius.xtec.cat\/badalona\/wp-json\/wp\/v2\/types\/post"}],"author":[{"embeddable":true,"href":"https:\/\/serveiseducatius.xtec.cat\/badalona\/wp-json\/wp\/v2\/users\/15"}],"replies":[{"embeddable":true,"href":"https:\/\/serveiseducatius.xtec.cat\/badalona\/wp-json\/wp\/v2\/comments?post=23647"}],"version-history":[{"count":6,"href":"https:\/\/serveiseducatius.xtec.cat\/badalona\/wp-json\/wp\/v2\/posts\/23647\/revisions"}],"predecessor-version":[{"id":23695,"href":"https:\/\/serveiseducatius.xtec.cat\/badalona\/wp-json\/wp\/v2\/posts\/23647\/revisions\/23695"}],"wp:featuredmedia":[{"embeddable":true,"href":"https:\/\/serveiseducatius.xtec.cat\/badalona\/wp-json\/wp\/v2\/media\/23648"}],"wp:attachment":[{"href":"https:\/\/serveiseducatius.xtec.cat\/badalona\/wp-json\/wp\/v2\/media?parent=23647"}],"wp:term":[{"taxonomy":"category","embeddable":true,"href":"https:\/\/serveiseducatius.xtec.cat\/badalona\/wp-json\/wp\/v2\/categories?post=23647"},{"taxonomy":"post_tag","embeddable":true,"href":"https:\/\/serveiseducatius.xtec.cat\/badalona\/wp-json\/wp\/v2\/tags?post=23647"}],"curies":[{"name":"wp","href":"https:\/\/api.w.org\/{rel}","templated":true}]}}