{"id":23636,"date":"2024-11-26T16:10:36","date_gmt":"2024-11-26T15:10:36","guid":{"rendered":"https:\/\/serveiseducatius.xtec.cat\/badalona\/?p=23636"},"modified":"2024-11-26T10:57:03","modified_gmt":"2024-11-26T09:57:03","slug":"busca-els-senyals-atura-lassetjament","status":"publish","type":"post","link":"https:\/\/serveiseducatius.xtec.cat\/badalona\/portada\/busca-els-senyals-atura-lassetjament\/","title":{"rendered":"Busca els senyals. Atura l&#8217;assetjament"},"content":{"rendered":"<p><img loading=\"lazy\" decoding=\"async\" class=\"wp-image-23639 alignleft\" src=\"https:\/\/serveiseducatius.xtec.cat\/badalona\/wp-content\/uploads\/usu1088\/2024\/11\/Captura-de-pantalla-2024-11-26-100929.png\" alt=\"\" width=\"645\" height=\"354\" srcset=\"https:\/\/serveiseducatius.xtec.cat\/badalona\/wp-content\/uploads\/usu1088\/2024\/11\/Captura-de-pantalla-2024-11-26-100929.png 760w, https:\/\/serveiseducatius.xtec.cat\/badalona\/wp-content\/uploads\/usu1088\/2024\/11\/Captura-de-pantalla-2024-11-26-100929-300x165.png 300w\" sizes=\"auto, (max-width: 645px) 100vw, 645px\" \/><\/p>\n<p>El<a href=\"https:\/\/educacio.gencat.cat\/ca\/arees-actuacio\/alumnat\/assetjament-escolar\/\" target=\"_blank\" rel=\"noopener\"> Departament d\u2019Educaci\u00f3<\/a> posa a disposici\u00f3 dels docents diversos materials i protocols per abordar situacions de viol\u00e8ncia, assetjament i ciberassetjament en l\u2019entorn escolar, oferint recursos pr\u00e0ctics per prevenir i intervenir davant d\u2019aquestes problem\u00e0tiques.<\/p>\n<p>Les escoles i els instituts s\u00f3n fonamentals per al desenvolupament emocional i social dels estudiants, i tota la comunitat educativa ha de participar en la creaci\u00f3 d\u2019entorns segurs on l&#8217;alumnat se senti protegit.<\/p>\n<p>Per detectar l\u2019<strong>assetjament escolar<\/strong> \u00e9s recomanable observar els infants i joves que tenim a la vora.\u00a0\u00a0<\/p>\n<p>Quan s&#8217;observen i es detecten indicis d&#8217;assetjament escolar, per valorar la situaci\u00f3 cal utilitzar el\u00a0<a href=\"https:\/\/xtec.gencat.cat\/ca\/centres\/projeducatiu\/convivencia\/protocols\/protocol-actuacio-davant-qualsevol-tipus-violencia-ambit-educatiu\/\" target=\"_blank\" rel=\"noopener\">protocol d\u2019actuaci\u00f3 davant de qualsevol situaci\u00f3 de viol\u00e8ncia en l&#8217;\u00e0mbit educatiu.<\/a>\u00a0Aquesta eina proporciona les pautes necess\u00e0ries per abordar de manera adequada la situaci\u00f3.<\/p>\n<p>El personal docent t\u00e9 un paper clau en la detecci\u00f3 d\u2019indicadors i de din\u00e0miques de relacions abusives al centre. Per entendre la complexitat de cada situaci\u00f3 \u00e9s \u00fatil la perspectiva interseccional, que t\u00e9 en compte els diferents eixos d\u2019opressi\u00f3 i privilegi que condicionen l&#8217;alumnat, com ara el g\u00e8nere, les capacitats cognitives, el lloc d\u2019origen o la situaci\u00f3 familiar.<\/p>\n<p><a href=\"https:\/\/educacio.gencat.cat\/ca\/departament\/publicacions\/campanyes\/busca-senyals-atura-assetjament\/\" target=\"_blank\" rel=\"noopener\">Materials de la campanya<\/a><\/p>\n<p class=\"header2 pd-15 pd-30\"><a href=\"https:\/\/educacio.gencat.cat\/ca\/arees-actuacio\/alumnat\/assetjament-escolar\/\" target=\"_blank\" rel=\"noopener\">Recursos per al centre educatiu <\/a><\/p>\n<p class=\"header2 pd-15 pd-30\"><a href=\"https:\/\/educacio.gencat.cat\/ca\/arees-actuacio\/alumnat\/assetjament-escolar\/detectar-lo\/\" target=\"_blank\" rel=\"noopener\">Detectem l&#8217;assetjament escolar<\/a><\/p>\n<p><img loading=\"lazy\" decoding=\"async\" class=\"alignnone  wp-image-23644\" src=\"https:\/\/serveiseducatius.xtec.cat\/badalona\/wp-content\/uploads\/usu1088\/2024\/11\/Captura-de-pantalla-2024-11-26-100742-1024x323.png\" alt=\"\" width=\"729\" height=\"230\" srcset=\"https:\/\/serveiseducatius.xtec.cat\/badalona\/wp-content\/uploads\/usu1088\/2024\/11\/Captura-de-pantalla-2024-11-26-100742-1024x323.png 1024w, https:\/\/serveiseducatius.xtec.cat\/badalona\/wp-content\/uploads\/usu1088\/2024\/11\/Captura-de-pantalla-2024-11-26-100742-300x95.png 300w, https:\/\/serveiseducatius.xtec.cat\/badalona\/wp-content\/uploads\/usu1088\/2024\/11\/Captura-de-pantalla-2024-11-26-100742-768x242.png 768w, https:\/\/serveiseducatius.xtec.cat\/badalona\/wp-content\/uploads\/usu1088\/2024\/11\/Captura-de-pantalla-2024-11-26-100742.png 1183w\" sizes=\"auto, (max-width: 729px) 100vw, 729px\" \/><\/p>\n<p>&nbsp;<\/p>\n","protected":false},"excerpt":{"rendered":"<p>El Departament d\u2019Educaci\u00f3 posa a disposici\u00f3 dels docents diversos materials i protocols per abordar situacions de viol\u00e8ncia, assetjament i ciberassetjament [&hellip;]<\/p>\n","protected":false},"author":15,"featured_media":23638,"comment_status":"closed","ping_status":"closed","sticky":false,"template":"","format":"standard","meta":{"_bbp_topic_count":0,"_bbp_reply_count":0,"_bbp_total_topic_count":0,"_bbp_total_reply_count":0,"_bbp_voice_count":0,"_bbp_anonymous_reply_count":0,"_bbp_topic_count_hidden":0,"_bbp_reply_count_hidden":0,"_bbp_forum_subforum_count":0,"site-sidebar-layout":"default","site-content-layout":"","ast-site-content-layout":"","site-content-style":"default","site-sidebar-style":"default","ast-global-header-display":"","ast-banner-title-visibility":"","ast-main-header-display":"","ast-hfb-above-header-display":"","ast-hfb-below-header-display":"","ast-hfb-mobile-header-display":"","site-post-title":"","ast-breadcrumbs-content":"","ast-featured-img":"","footer-sml-layout":"","theme-transparent-header-meta":"","adv-header-id-meta":"","stick-header-meta":"","header-above-stick-meta":"","header-main-stick-meta":"","header-below-stick-meta":"","astra-migrate-meta-layouts":"default","ast-page-background-enabled":"default","ast-page-background-meta":{"desktop":{"background-color":"var(--ast-global-color-4)","background-image":"","background-repeat":"repeat","background-position":"center center","background-size":"auto","background-attachment":"scroll","background-type":"","background-media":"","overlay-type":"","overlay-color":"","overlay-opacity":"","overlay-gradient":""},"tablet":{"background-color":"","background-image":"","background-repeat":"repeat","background-position":"center center","background-size":"auto","background-attachment":"scroll","background-type":"","background-media":"","overlay-type":"","overlay-color":"","overlay-opacity":"","overlay-gradient":""},"mobile":{"background-color":"","background-image":"","background-repeat":"repeat","background-position":"center center","background-size":"auto","background-attachment":"scroll","background-type":"","background-media":"","overlay-type":"","overlay-color":"","overlay-opacity":"","overlay-gradient":""}},"ast-content-background-meta":{"desktop":{"background-color":"var(--ast-global-color-5)","background-image":"","background-repeat":"repeat","background-position":"center center","background-size":"auto","background-attachment":"scroll","background-type":"","background-media":"","overlay-type":"","overlay-color":"","overlay-opacity":"","overlay-gradient":""},"tablet":{"background-color":"var(--ast-global-color-5)","background-image":"","background-repeat":"repeat","background-position":"center center","background-size":"auto","background-attachment":"scroll","background-type":"","background-media":"","overlay-type":"","overlay-color":"","overlay-opacity":"","overlay-gradient":""},"mobile":{"background-color":"var(--ast-global-color-5)","background-image":"","background-repeat":"repeat","background-position":"center center","background-size":"auto","background-attachment":"scroll","background-type":"","background-media":"","overlay-type":"","overlay-color":"","overlay-opacity":"","overlay-gradient":""}},"footnotes":""},"categories":[1450,399,29,76],"tags":[1918,645,1853,1518],"class_list":["post-23636","post","type-post","status-publish","format-standard","has-post-thumbnail","hentry","category-coeducacio-perspectiva-de-genere-i-educacio-afectiva-sexual","category-educacio-emocional","category-portada","category-recursos","tag-assetjament-escolar","tag-coeducacio","tag-les-escoles-lliures-de-violencia","tag-usav"],"post_mailing_queue_ids":[],"_links":{"self":[{"href":"https:\/\/serveiseducatius.xtec.cat\/badalona\/wp-json\/wp\/v2\/posts\/23636","targetHints":{"allow":["GET"]}}],"collection":[{"href":"https:\/\/serveiseducatius.xtec.cat\/badalona\/wp-json\/wp\/v2\/posts"}],"about":[{"href":"https:\/\/serveiseducatius.xtec.cat\/badalona\/wp-json\/wp\/v2\/types\/post"}],"author":[{"embeddable":true,"href":"https:\/\/serveiseducatius.xtec.cat\/badalona\/wp-json\/wp\/v2\/users\/15"}],"replies":[{"embeddable":true,"href":"https:\/\/serveiseducatius.xtec.cat\/badalona\/wp-json\/wp\/v2\/comments?post=23636"}],"version-history":[{"count":1,"href":"https:\/\/serveiseducatius.xtec.cat\/badalona\/wp-json\/wp\/v2\/posts\/23636\/revisions"}],"predecessor-version":[{"id":23646,"href":"https:\/\/serveiseducatius.xtec.cat\/badalona\/wp-json\/wp\/v2\/posts\/23636\/revisions\/23646"}],"wp:featuredmedia":[{"embeddable":true,"href":"https:\/\/serveiseducatius.xtec.cat\/badalona\/wp-json\/wp\/v2\/media\/23638"}],"wp:attachment":[{"href":"https:\/\/serveiseducatius.xtec.cat\/badalona\/wp-json\/wp\/v2\/media?parent=23636"}],"wp:term":[{"taxonomy":"category","embeddable":true,"href":"https:\/\/serveiseducatius.xtec.cat\/badalona\/wp-json\/wp\/v2\/categories?post=23636"},{"taxonomy":"post_tag","embeddable":true,"href":"https:\/\/serveiseducatius.xtec.cat\/badalona\/wp-json\/wp\/v2\/tags?post=23636"}],"curies":[{"name":"wp","href":"https:\/\/api.w.org\/{rel}","templated":true}]}}