{"id":2357,"date":"2015-06-26T08:51:49","date_gmt":"2015-06-26T06:51:49","guid":{"rendered":"http:\/\/serveiseducatius.xtec.cat\/badalona\/general\/aeaxapaearaiaanacaiaeasa-amaaataeamaataiaqauaeasa-aaala-amauasaeaua-adaea-amaaataeamaataiaqauaeasa\/"},"modified":"2016-12-22T13:42:09","modified_gmt":"2016-12-22T12:42:09","slug":"aeaxapaearaiaanacaiaeasa-amaaataeamaataiaqauaeasa-aaala-amauasaeaua-adaea-amaaataeamaataiaqauaeasa","status":"publish","type":"post","link":"https:\/\/serveiseducatius.xtec.cat\/badalona\/general\/aeaxapaearaiaanacaiaeasa-amaaataeamaataiaqauaeasa-aaala-amauasaeaua-adaea-amaaataeamaataiaqauaeasa\/","title":{"rendered":"Experi\u00e8ncies Matem\u00e0tiques al Museu de Matem\u00e0tiques"},"content":{"rendered":"<table align=\"left\" border=\"0\" cellpadding=\"1\" cellspacing=\"1\" style=\"width:600px\">\n<tbody>\n<tr>\n<td><img decoding=\"async\" alt=\"\" src=\"https:\/\/lh3.googleusercontent.com\/-V9GrnvBpA4I\/VY0Ab9jZ-QI\/AAAAAAAAFOc\/794KLcF_tsI\/s912\/Exp-Mat_negre.jpg\" style=\"color:rgb(0, 0, 238); float:left; font-family:tahoma,geneva,sans-serif; font-size:14px; height:72px; width:600px\" \/><br \/>\n\t\t\t&nbsp;<\/td>\n<\/tr>\n<tr>\n<td><span style=\"font-size:12px\"><span style=\"font-family:verdana,geneva,sans-serif\">El&nbsp;<a href=\"http:\/\/www.mmaca.cat\/index.php\">Museu de Matem\u00e0tiques<\/a>&nbsp;de Catalunya obre les inscripcions per visitar l&#39;exposici\u00f3&nbsp;&nbsp;&ldquo;Experi\u00e8ncies Matem\u00e0tiques&rdquo; al Palau de Can Mercader de cara el curs 2015-2016.<\/p>\n<p>\t\t\tSi voleu reservar ja la vostra visita podeu fer-ho a la nostra p\u00e0gina web&nbsp;<strong><a href=\"http:\/\/www.mmaca.cat\/\" style=\"color: rgb(17, 85, 204); font-family: arial, sans-serif; font-size: 12.8000001907349px;\" target=\"_blank\">www.mmaca.cat<\/a><\/strong>&nbsp;a la&nbsp;<em>pestanya&nbsp;&nbsp;Exposici\u00f3 de Cornell\u00e0 &ndash; Reserves Escolars.<\/em><\/p>\n<p>\t\t\tRecordeu que tamb\u00e9 podeu sol&middot;licitar altres activitats de tallers i xerrades com:<br \/>\n\t\t\t&#8211; &nbsp;Tangram<br \/>\n\t\t\t&#8211; &nbsp;Matem\u00e0gia<br \/>\n\t\t\t&#8211; &nbsp;Operacions amb Nombres Binaris &#8211; Taula de multiplicar amb nombres binaris<br \/>\n\t\t\t&#8211; &nbsp;Geometria en el pla \/ Geometria en l&rsquo;espai<br \/>\n\t\t\t&#8211; &nbsp;Estad\u00edstica<\/span><\/span><\/td>\n<\/tr>\n<\/tbody>\n<\/table>\n","protected":false},"excerpt":{"rendered":"<p>&nbsp; El&nbsp;Museu de Matem\u00e0tiques&nbsp;de Catalunya obre les inscripcions per visitar l&#39;exposici\u00f3&nbsp;&nbsp;&ldquo;Experi\u00e8ncies Matem\u00e0tiques&rdquo; al Palau de Can Mercader de cara el [&hellip;]<\/p>\n","protected":false},"author":1,"featured_media":0,"comment_status":"open","ping_status":"open","sticky":false,"template":"","format":"standard","meta":{"_bbp_topic_count":0,"_bbp_reply_count":0,"_bbp_total_topic_count":0,"_bbp_total_reply_count":0,"_bbp_voice_count":0,"_bbp_anonymous_reply_count":0,"_bbp_topic_count_hidden":0,"_bbp_reply_count_hidden":0,"_bbp_forum_subforum_count":0,"site-sidebar-layout":"default","site-content-layout":"","ast-site-content-layout":"","site-content-style":"default","site-sidebar-style":"default","ast-global-header-display":"","ast-banner-title-visibility":"","ast-main-header-display":"","ast-hfb-above-header-display":"","ast-hfb-below-header-display":"","ast-hfb-mobile-header-display":"","site-post-title":"","ast-breadcrumbs-content":"","ast-featured-img":"","footer-sml-layout":"","theme-transparent-header-meta":"","adv-header-id-meta":"","stick-header-meta":"","header-above-stick-meta":"","header-main-stick-meta":"","header-below-stick-meta":"","astra-migrate-meta-layouts":"default","ast-page-background-enabled":"default","ast-page-background-meta":{"desktop":{"background-color":"var(--ast-global-color-4)","background-image":"","background-repeat":"repeat","background-position":"center center","background-size":"auto","background-attachment":"scroll","background-type":"","background-media":"","overlay-type":"","overlay-color":"","overlay-opacity":"","overlay-gradient":""},"tablet":{"background-color":"","background-image":"","background-repeat":"repeat","background-position":"center center","background-size":"auto","background-attachment":"scroll","background-type":"","background-media":"","overlay-type":"","overlay-color":"","overlay-opacity":"","overlay-gradient":""},"mobile":{"background-color":"","background-image":"","background-repeat":"repeat","background-position":"center center","background-size":"auto","background-attachment":"scroll","background-type":"","background-media":"","overlay-type":"","overlay-color":"","overlay-opacity":"","overlay-gradient":""}},"ast-content-background-meta":{"desktop":{"background-color":"var(--ast-global-color-5)","background-image":"","background-repeat":"repeat","background-position":"center center","background-size":"auto","background-attachment":"scroll","background-type":"","background-media":"","overlay-type":"","overlay-color":"","overlay-opacity":"","overlay-gradient":""},"tablet":{"background-color":"var(--ast-global-color-5)","background-image":"","background-repeat":"repeat","background-position":"center center","background-size":"auto","background-attachment":"scroll","background-type":"","background-media":"","overlay-type":"","overlay-color":"","overlay-opacity":"","overlay-gradient":""},"mobile":{"background-color":"var(--ast-global-color-5)","background-image":"","background-repeat":"repeat","background-position":"center center","background-size":"auto","background-attachment":"scroll","background-type":"","background-media":"","overlay-type":"","overlay-color":"","overlay-opacity":"","overlay-gradient":""}},"footnotes":""},"categories":[1,76],"tags":[41,266],"class_list":["post-2357","post","type-post","status-publish","format-standard","hentry","category-general","category-recursos","tag-matematiques","tag-museu"],"post_mailing_queue_ids":[],"_links":{"self":[{"href":"https:\/\/serveiseducatius.xtec.cat\/badalona\/wp-json\/wp\/v2\/posts\/2357","targetHints":{"allow":["GET"]}}],"collection":[{"href":"https:\/\/serveiseducatius.xtec.cat\/badalona\/wp-json\/wp\/v2\/posts"}],"about":[{"href":"https:\/\/serveiseducatius.xtec.cat\/badalona\/wp-json\/wp\/v2\/types\/post"}],"author":[{"embeddable":true,"href":"https:\/\/serveiseducatius.xtec.cat\/badalona\/wp-json\/wp\/v2\/users\/1"}],"replies":[{"embeddable":true,"href":"https:\/\/serveiseducatius.xtec.cat\/badalona\/wp-json\/wp\/v2\/comments?post=2357"}],"version-history":[{"count":1,"href":"https:\/\/serveiseducatius.xtec.cat\/badalona\/wp-json\/wp\/v2\/posts\/2357\/revisions"}],"predecessor-version":[{"id":3601,"href":"https:\/\/serveiseducatius.xtec.cat\/badalona\/wp-json\/wp\/v2\/posts\/2357\/revisions\/3601"}],"wp:attachment":[{"href":"https:\/\/serveiseducatius.xtec.cat\/badalona\/wp-json\/wp\/v2\/media?parent=2357"}],"wp:term":[{"taxonomy":"category","embeddable":true,"href":"https:\/\/serveiseducatius.xtec.cat\/badalona\/wp-json\/wp\/v2\/categories?post=2357"},{"taxonomy":"post_tag","embeddable":true,"href":"https:\/\/serveiseducatius.xtec.cat\/badalona\/wp-json\/wp\/v2\/tags?post=2357"}],"curies":[{"name":"wp","href":"https:\/\/api.w.org\/{rel}","templated":true}]}}