{"id":23520,"date":"2024-11-19T09:40:58","date_gmt":"2024-11-19T08:40:58","guid":{"rendered":"https:\/\/serveiseducatius.xtec.cat\/badalona\/?p=23520"},"modified":"2024-11-19T09:40:58","modified_gmt":"2024-11-19T08:40:58","slug":"es-presenta-el-cd-la-festa-sona-musiques-de-les-festes-de-maig-de-badalona","status":"publish","type":"post","link":"https:\/\/serveiseducatius.xtec.cat\/badalona\/portada\/es-presenta-el-cd-la-festa-sona-musiques-de-les-festes-de-maig-de-badalona\/","title":{"rendered":"Es presenta el CD \u201cLa festa sona. M\u00fasiques de les Festes de Maig de Badalona\u201d"},"content":{"rendered":"<p><img loading=\"lazy\" decoding=\"async\" class=\" wp-image-23521 alignleft\" src=\"https:\/\/serveiseducatius.xtec.cat\/badalona\/wp-content\/uploads\/usu1088\/2024\/11\/Captura-de-pantalla-2024-11-19-093441.png\" alt=\"\" width=\"647\" height=\"501\" \/><\/p>\n<p>El pr\u00f2xim\u00a0<strong>dijous, 21 de novembre, a les 19.30 hores, a la Sala Josep Ucl\u00e9s del Centre Cultural El Carme<\/strong>\u00a0de Badalona, es far\u00e0 l\u2019acte de presentaci\u00f3 del disc compacte (CD)\u00a0<strong><em>La festa sona. M\u00fasiques de les Festes de Maig de Badalona<\/em><\/strong>, una obra que recull cinquanta de les peces m\u00e9s significatives dels balls del seguici popular de Badalona. Durant la presentaci\u00f3 es podran escoltar una mostra en viu de les m\u00fasiques que el componen.<\/p>\n<p>El disc recull una cinquantena de peces dels balls del seguici popular de les festes m\u00e9s multitudin\u00e0ries de la ciutat<\/p>\n<p>Aquest projecte, gravat a l\u2019estudi del t\u00e8cnic de so i acordionista Pau Vinyoles, forma part d&#8217;una iniciativa m\u00e9s \u00e0mplia de pedagogia de la festa que es treballa des de fa anys entre Xitxarra-Grup d\u2019Estudis de la Festa i el Servei de Cultura de l\u2019<a href=\"https:\/\/www.badalona.cat\/ca\/actualitat\/noticies\/es-presenta-el-cd-la-festa-sona-musiques-de-les-festes-de-maig-de-badalona\" target=\"_blank\" rel=\"noopener\">Ajuntament de Badalona<\/a>.<\/p>\n<p>El CD no nom\u00e9s \u00e9s una recopilaci\u00f3 musical sin\u00f3 que es converteix en una eina educativa per a les escoles de la ciutat amb l\u2019objectiu de fomentar el coneixement i l\u2019apreciaci\u00f3 de les tradicions festives badalonines entre els m\u00e9s joves.<\/p>\n<p>Aquesta iniciativa compta amb la col\u00b7laboraci\u00f3 del Patronat de la M\u00fasica de Badalona i amb la participaci\u00f3 i implicaci\u00f3 de les colles dels balls del seguici.<\/p>\n","protected":false},"excerpt":{"rendered":"<p>El pr\u00f2xim\u00a0dijous, 21 de novembre, a les 19.30 hores, a la Sala Josep Ucl\u00e9s del Centre Cultural El Carme\u00a0de Badalona, [&hellip;]<\/p>\n","protected":false},"author":15,"featured_media":23521,"comment_status":"closed","ping_status":"closed","sticky":false,"template":"","format":"standard","meta":{"_bbp_topic_count":0,"_bbp_reply_count":0,"_bbp_total_topic_count":0,"_bbp_total_reply_count":0,"_bbp_voice_count":0,"_bbp_anonymous_reply_count":0,"_bbp_topic_count_hidden":0,"_bbp_reply_count_hidden":0,"_bbp_forum_subforum_count":0,"site-sidebar-layout":"default","site-content-layout":"","ast-site-content-layout":"","site-content-style":"default","site-sidebar-style":"default","ast-global-header-display":"","ast-banner-title-visibility":"","ast-main-header-display":"","ast-hfb-above-header-display":"","ast-hfb-below-header-display":"","ast-hfb-mobile-header-display":"","site-post-title":"","ast-breadcrumbs-content":"","ast-featured-img":"","footer-sml-layout":"","theme-transparent-header-meta":"","adv-header-id-meta":"","stick-header-meta":"","header-above-stick-meta":"","header-main-stick-meta":"","header-below-stick-meta":"","astra-migrate-meta-layouts":"default","ast-page-background-enabled":"default","ast-page-background-meta":{"desktop":{"background-color":"var(--ast-global-color-4)","background-image":"","background-repeat":"repeat","background-position":"center center","background-size":"auto","background-attachment":"scroll","background-type":"","background-media":"","overlay-type":"","overlay-color":"","overlay-opacity":"","overlay-gradient":""},"tablet":{"background-color":"","background-image":"","background-repeat":"repeat","background-position":"center center","background-size":"auto","background-attachment":"scroll","background-type":"","background-media":"","overlay-type":"","overlay-color":"","overlay-opacity":"","overlay-gradient":""},"mobile":{"background-color":"","background-image":"","background-repeat":"repeat","background-position":"center center","background-size":"auto","background-attachment":"scroll","background-type":"","background-media":"","overlay-type":"","overlay-color":"","overlay-opacity":"","overlay-gradient":""}},"ast-content-background-meta":{"desktop":{"background-color":"var(--ast-global-color-5)","background-image":"","background-repeat":"repeat","background-position":"center center","background-size":"auto","background-attachment":"scroll","background-type":"","background-media":"","overlay-type":"","overlay-color":"","overlay-opacity":"","overlay-gradient":""},"tablet":{"background-color":"var(--ast-global-color-5)","background-image":"","background-repeat":"repeat","background-position":"center center","background-size":"auto","background-attachment":"scroll","background-type":"","background-media":"","overlay-type":"","overlay-color":"","overlay-opacity":"","overlay-gradient":""},"mobile":{"background-color":"var(--ast-global-color-5)","background-image":"","background-repeat":"repeat","background-position":"center center","background-size":"auto","background-attachment":"scroll","background-type":"","background-media":"","overlay-type":"","overlay-color":"","overlay-opacity":"","overlay-gradient":""}},"footnotes":""},"categories":[1540,29],"tags":[352],"class_list":["post-23520","post","type-post","status-publish","format-standard","has-post-thumbnail","hentry","category-oferta-daltres-institucions","category-portada","tag-musica"],"post_mailing_queue_ids":[],"_links":{"self":[{"href":"https:\/\/serveiseducatius.xtec.cat\/badalona\/wp-json\/wp\/v2\/posts\/23520","targetHints":{"allow":["GET"]}}],"collection":[{"href":"https:\/\/serveiseducatius.xtec.cat\/badalona\/wp-json\/wp\/v2\/posts"}],"about":[{"href":"https:\/\/serveiseducatius.xtec.cat\/badalona\/wp-json\/wp\/v2\/types\/post"}],"author":[{"embeddable":true,"href":"https:\/\/serveiseducatius.xtec.cat\/badalona\/wp-json\/wp\/v2\/users\/15"}],"replies":[{"embeddable":true,"href":"https:\/\/serveiseducatius.xtec.cat\/badalona\/wp-json\/wp\/v2\/comments?post=23520"}],"version-history":[{"count":1,"href":"https:\/\/serveiseducatius.xtec.cat\/badalona\/wp-json\/wp\/v2\/posts\/23520\/revisions"}],"predecessor-version":[{"id":23522,"href":"https:\/\/serveiseducatius.xtec.cat\/badalona\/wp-json\/wp\/v2\/posts\/23520\/revisions\/23522"}],"wp:featuredmedia":[{"embeddable":true,"href":"https:\/\/serveiseducatius.xtec.cat\/badalona\/wp-json\/wp\/v2\/media\/23521"}],"wp:attachment":[{"href":"https:\/\/serveiseducatius.xtec.cat\/badalona\/wp-json\/wp\/v2\/media?parent=23520"}],"wp:term":[{"taxonomy":"category","embeddable":true,"href":"https:\/\/serveiseducatius.xtec.cat\/badalona\/wp-json\/wp\/v2\/categories?post=23520"},{"taxonomy":"post_tag","embeddable":true,"href":"https:\/\/serveiseducatius.xtec.cat\/badalona\/wp-json\/wp\/v2\/tags?post=23520"}],"curies":[{"name":"wp","href":"https:\/\/api.w.org\/{rel}","templated":true}]}}