{"id":2341,"date":"2015-09-01T09:25:00","date_gmt":"2015-09-01T08:25:00","guid":{"rendered":"http:\/\/serveiseducatius.xtec.cat\/badalona\/general\/axaxaxa-ajaoaranaaadaeasa-acaiaeanataafaiaqauaeasa-adaaeanasaeanayaaamaeanata-asaeacauanadaaaraia\/"},"modified":"2016-12-22T11:45:50","modified_gmt":"2016-12-22T10:45:50","slug":"axaxaxa-ajaoaranaaadaeasa-acaiaeanataafaiaqauaeasa-adaaeanasaeanayaaamaeanata-asaeacauanadaaaraia","status":"publish","type":"post","link":"https:\/\/serveiseducatius.xtec.cat\/badalona\/general\/axaxaxa-ajaoaranaaadaeasa-acaiaeanataafaiaqauaeasa-adaaeanasaeanayaaamaeanata-asaeacauanadaaaraia\/","title":{"rendered":"XXX Jornades Cient\u00edfiques d&#8217;Ensenyament Secundari"},"content":{"rendered":"<table align=\"left\" border=\"0\" cellpadding=\"1\" cellspacing=\"1\" style=\"width:600px\">\n<tbody>\n<tr>\n<td><span style=\"font-size:12px\"><span style=\"font-family:verdana,geneva,sans-serif\">Els dies&nbsp;<\/span><strong><a href=\"https:\/\/sites.google.com\/a\/xtec.cat\/jjccbdn\/2015\" target=\"_blank\">5, 6 i 7 d&#39;abril de 2016<\/a><\/strong><span style=\"font-family:verdana,geneva,sans-serif\">&nbsp;es presentaran els treballs al&nbsp;<\/span><a href=\"http:\/\/www.bcin.org\/imgs\/mapa.jpg\" style=\"font-family: verdana, geneva, sans-serif;\" target=\"_blank\">Centre Internacional de Negocis de Badalona &quot;BCIN&quot;<\/a><span style=\"font-family:verdana,geneva,sans-serif\">.<\/span><\/p>\n<p>\t\t\t<span style=\"font-family:verdana,geneva,sans-serif\">\u00c9s molt important que ompliu el&nbsp;<\/span><a href=\"https:\/\/docs.google.com\/document\/d\/1ximCCid5NRwhasRKtssvdvYUoKRv05FKhoAbEwV0tQk\/edit?usp=sharing\" style=\"font-family: verdana, geneva, sans-serif;\" target=\"_blank\">full annex<\/a><span style=\"font-family:verdana,geneva,sans-serif\">&nbsp;amb totes les dades que es demanen i ens el feu arribar abans de l&#39;<\/span><strong>11 de mar\u00e7.<\/strong><br \/>\n\t\t\t<span style=\"font-family:verdana,geneva,sans-serif\">Per a les presentacions:<\/span><\/p>\n<p>\t\t\t<strong><a href=\"https:\/\/sites.google.com\/a\/xtec.cat\/jjccbdn\/2015\" target=\"_blank\">Auditori:<\/a><\/strong><a href=\"https:\/\/sites.google.com\/a\/xtec.cat\/jjccbdn\/2015\" style=\"font-family: verdana, geneva, sans-serif;\">&nbsp;<\/a><span style=\"font-family:verdana,geneva,sans-serif\">En cas que recolzeu la vostra presentaci\u00f3 amb algun suport digital (presentaci\u00f3 en Power Point, Prezi, v\u00eddeo digital, etc&#8230;), cal que ens la porteu al CRP abans del dia&nbsp;<\/span><strong>18 de mar\u00e7<\/strong><span style=\"font-family:verdana,geneva,sans-serif\">. (Veure&nbsp;<\/span><a href=\"https:\/\/sites.google.com\/a\/xtec.cat\/jjccbdn\/2015\" style=\"font-family: verdana, geneva, sans-serif;\" target=\"_blank\">orientacions<\/a><span style=\"font-family:verdana,geneva,sans-serif\">)<\/span><\/p>\n<p>\t\t\t<strong><a href=\"https:\/\/sites.google.com\/a\/xtec.cat\/jjccbdn\/2015\" target=\"_blank\">Vest\u00edbul:<\/a><\/strong><span style=\"font-family:verdana,geneva,sans-serif\">&nbsp;Haureu d&#39;enviar-nos el vostre full , per confeccionar el p\u00f3ster per al plaf\u00f3 al CRP abans del dia&nbsp;<\/span><strong>18 de mar\u00e7<\/strong><span style=\"font-family:verdana,geneva,sans-serif\">. (Veure&nbsp;<\/span><a href=\"https:\/\/sites.google.com\/a\/xtec.cat\/jjccbdn\/2015\" style=\"font-family: verdana, geneva, sans-serif;\" target=\"_blank\">orientacions<\/a><span style=\"font-family:verdana,geneva,sans-serif\">)<\/span><\/p>\n<p>\t\t\t<span style=\"font-family:verdana,geneva,sans-serif\">Cal lliurar als organitzadors en CD (el dia de la presentaci\u00f3) o trametre&#39;l per correu electr\u00f2nic (els dies posteriors):<\/span><\/p>\n<p>\t\t\tEl<strong>&nbsp;<a href=\"https:\/\/sites.google.com\/a\/xtec.cat\/jjccbdn\/2015\" target=\"_blank\">resum del treball.<\/a><\/strong><span style=\"font-family:verdana,geneva,sans-serif\">&nbsp;Aquest resum haur\u00e0 de respectar l&#39;esquema proposat anteriorment (hip\u00f2tesi, disseny experimental, conclusions) i ocupar un espai m\u00e0xim de 4 fulls. \u00c9s molt important que en el contingut de l&#39;arxiu consti clarament: T\u00edtol, nom i cognoms de l&#39;autor\/a, tutor\/ai centre).<\/span><\/span><\/td>\n<td><a href=\"https:\/\/sites.google.com\/a\/xtec.cat\/jjccbdn\/2015\" target=\"_blank\"><img decoding=\"async\" <img decoding=\"async\" src=\"http:\/\/serveiseducatius.xtec.cat\/badalona\/wp-content\/uploads\/usu1088\/2016\/07\/jjcc16.jpg\" style=\"height:241px; margin-left:5px; margin-right:5px; width:170px\" \/><\/a><\/td>\n<\/tr>\n<\/tbody>\n<\/table>\n","protected":false},"excerpt":{"rendered":"<p>Els dies&nbsp;5, 6 i 7 d&#39;abril de 2016&nbsp;es presentaran els treballs al&nbsp;Centre Internacional de Negocis de Badalona &quot;BCIN&quot;. \u00c9s molt [&hellip;]<\/p>\n","protected":false},"author":1,"featured_media":0,"comment_status":"open","ping_status":"open","sticky":false,"template":"","format":"standard","meta":{"_bbp_topic_count":0,"_bbp_reply_count":0,"_bbp_total_topic_count":0,"_bbp_total_reply_count":0,"_bbp_voice_count":0,"_bbp_anonymous_reply_count":0,"_bbp_topic_count_hidden":0,"_bbp_reply_count_hidden":0,"_bbp_forum_subforum_count":0,"site-sidebar-layout":"default","site-content-layout":"","ast-site-content-layout":"","site-content-style":"default","site-sidebar-style":"default","ast-global-header-display":"","ast-banner-title-visibility":"","ast-main-header-display":"","ast-hfb-above-header-display":"","ast-hfb-below-header-display":"","ast-hfb-mobile-header-display":"","site-post-title":"","ast-breadcrumbs-content":"","ast-featured-img":"","footer-sml-layout":"","theme-transparent-header-meta":"","adv-header-id-meta":"","stick-header-meta":"","header-above-stick-meta":"","header-main-stick-meta":"","header-below-stick-meta":"","astra-migrate-meta-layouts":"default","ast-page-background-enabled":"default","ast-page-background-meta":{"desktop":{"background-color":"var(--ast-global-color-4)","background-image":"","background-repeat":"repeat","background-position":"center center","background-size":"auto","background-attachment":"scroll","background-type":"","background-media":"","overlay-type":"","overlay-color":"","overlay-opacity":"","overlay-gradient":""},"tablet":{"background-color":"","background-image":"","background-repeat":"repeat","background-position":"center center","background-size":"auto","background-attachment":"scroll","background-type":"","background-media":"","overlay-type":"","overlay-color":"","overlay-opacity":"","overlay-gradient":""},"mobile":{"background-color":"","background-image":"","background-repeat":"repeat","background-position":"center center","background-size":"auto","background-attachment":"scroll","background-type":"","background-media":"","overlay-type":"","overlay-color":"","overlay-opacity":"","overlay-gradient":""}},"ast-content-background-meta":{"desktop":{"background-color":"var(--ast-global-color-5)","background-image":"","background-repeat":"repeat","background-position":"center center","background-size":"auto","background-attachment":"scroll","background-type":"","background-media":"","overlay-type":"","overlay-color":"","overlay-opacity":"","overlay-gradient":""},"tablet":{"background-color":"var(--ast-global-color-5)","background-image":"","background-repeat":"repeat","background-position":"center center","background-size":"auto","background-attachment":"scroll","background-type":"","background-media":"","overlay-type":"","overlay-color":"","overlay-opacity":"","overlay-gradient":""},"mobile":{"background-color":"var(--ast-global-color-5)","background-image":"","background-repeat":"repeat","background-position":"center center","background-size":"auto","background-attachment":"scroll","background-type":"","background-media":"","overlay-type":"","overlay-color":"","overlay-opacity":"","overlay-gradient":""}},"footnotes":""},"categories":[66,1,299],"tags":[167,205,190,192,208],"class_list":["post-2341","post","type-post","status-publish","format-standard","hentry","category-dinamitzacio","category-general","category-jornades-cientifiques","tag-badalona","tag-intraweb","tag-jjcc","tag-jornades-cientifiques","tag-noticies"],"post_mailing_queue_ids":[],"_links":{"self":[{"href":"https:\/\/serveiseducatius.xtec.cat\/badalona\/wp-json\/wp\/v2\/posts\/2341","targetHints":{"allow":["GET"]}}],"collection":[{"href":"https:\/\/serveiseducatius.xtec.cat\/badalona\/wp-json\/wp\/v2\/posts"}],"about":[{"href":"https:\/\/serveiseducatius.xtec.cat\/badalona\/wp-json\/wp\/v2\/types\/post"}],"author":[{"embeddable":true,"href":"https:\/\/serveiseducatius.xtec.cat\/badalona\/wp-json\/wp\/v2\/users\/1"}],"replies":[{"embeddable":true,"href":"https:\/\/serveiseducatius.xtec.cat\/badalona\/wp-json\/wp\/v2\/comments?post=2341"}],"version-history":[{"count":1,"href":"https:\/\/serveiseducatius.xtec.cat\/badalona\/wp-json\/wp\/v2\/posts\/2341\/revisions"}],"predecessor-version":[{"id":3585,"href":"https:\/\/serveiseducatius.xtec.cat\/badalona\/wp-json\/wp\/v2\/posts\/2341\/revisions\/3585"}],"wp:attachment":[{"href":"https:\/\/serveiseducatius.xtec.cat\/badalona\/wp-json\/wp\/v2\/media?parent=2341"}],"wp:term":[{"taxonomy":"category","embeddable":true,"href":"https:\/\/serveiseducatius.xtec.cat\/badalona\/wp-json\/wp\/v2\/categories?post=2341"},{"taxonomy":"post_tag","embeddable":true,"href":"https:\/\/serveiseducatius.xtec.cat\/badalona\/wp-json\/wp\/v2\/tags?post=2341"}],"curies":[{"name":"wp","href":"https:\/\/api.w.org\/{rel}","templated":true}]}}