{"id":23265,"date":"2024-10-29T09:32:39","date_gmt":"2024-10-29T08:32:39","guid":{"rendered":"https:\/\/serveiseducatius.xtec.cat\/badalona\/?p=23265"},"modified":"2024-10-29T14:00:53","modified_gmt":"2024-10-29T13:00:53","slug":"places-disponibles-per-al-curs-sobre-sensibilitzacio-i-abordatge-dels-matrimonis-forcats-en-lambit-educatiu","status":"publish","type":"post","link":"https:\/\/serveiseducatius.xtec.cat\/badalona\/general\/places-disponibles-per-al-curs-sobre-sensibilitzacio-i-abordatge-dels-matrimonis-forcats-en-lambit-educatiu\/","title":{"rendered":"Places disponibles per al curs sobre Sensibilitzaci\u00f3 i abordatge dels matrimonis for\u00e7ats en l\u2019\u00e0mbit educatiu"},"content":{"rendered":"<p>&nbsp;<\/p>\n<p><img loading=\"lazy\" decoding=\"async\" class=\"size-full wp-image-23266 alignleft\" src=\"https:\/\/serveiseducatius.xtec.cat\/badalona\/wp-content\/uploads\/usu1088\/2024\/10\/Captura-de-pantalla-2024-10-28-164448.png\" alt=\"\" width=\"334\" height=\"199\" srcset=\"https:\/\/serveiseducatius.xtec.cat\/badalona\/wp-content\/uploads\/usu1088\/2024\/10\/Captura-de-pantalla-2024-10-28-164448.png 334w, https:\/\/serveiseducatius.xtec.cat\/badalona\/wp-content\/uploads\/usu1088\/2024\/10\/Captura-de-pantalla-2024-10-28-164448-300x179.png 300w\" sizes=\"auto, (max-width: 334px) 100vw, 334px\" \/><\/p>\n<p>La <strong>Unitat de Suport a l\u2019Alumnat en Situaci\u00f3 de Viol\u00e8ncies (USAV)<\/strong> organitza una formaci\u00f3 essencial sobre l\u2019abordatge dels matrimonis for\u00e7ats a l\u2019\u00e0mbit escolar, per aprofundir en eines de detecci\u00f3 i intervenci\u00f3, dins del marc del <strong>Pla \u201cLes Escoles Lliures de Viol\u00e8ncies\u201d (LELV<\/strong>).<\/p>\n<p>El curs es presenta en dues edicions, programades per als dies:<br \/>\n<strong>Primera edici\u00f3: 4 i 11 de novembre<\/strong><br \/>\n<strong>Segona edici\u00f3: 13 i 20 de novembre<\/strong><\/p>\n<p>Aquesta c\u00e0psula formativa \u00e9s una introducci\u00f3 b\u00e0sica per\u00f2 imprescindible per a qualsevol professional d\u2019educaci\u00f3 interessat a millorar la seva capacitat de detecci\u00f3, derivaci\u00f3 i acompanyament en casos de matrimonis for\u00e7ats dins el sistema educatiu.<\/p>\n<p>Les sessions seran impartides per expertes de la Direcci\u00f3 General de Migracions, Refugi i Antiracisme del Departament d\u2019Igualtat i Feminismes, professionals que han participat en l\u2019elaboraci\u00f3 del protocol d\u2019intervenci\u00f3 per a aquests casos i que aporten tant coneixement te\u00f2ric com experi\u00e8ncia pr\u00e0ctica de primera m\u00e0.<\/p>\n<p>No deixis passar aquesta oportunitat! Forma\u2019t per contribuir a una educaci\u00f3 lliure de viol\u00e8ncies. Reserva la teva pla\u00e7a i suma\u2019t al canvi!<\/p>\n<p>Si est\u00e0s interessat\/da en inscriure\u2019t, ho pots fer a trav\u00e9s d\u2019aquests dos enlla\u00e7os:<br \/>\n<a href=\"https:\/\/aplicacions.gestioeducativa.gencat.cat\/ords\/pls\/soloas\/pk_for_mod_ins.p_for_detall_activitat?p_codi=9002480517&amp;p_curs=2024-2025&amp;p_es_inscr=S\">1a edici\u00f3, codi 9002480517<\/a>, els dies 4 i 11 de novembre de 17:00 a 19:30h<br \/>\n<a href=\"https:\/\/aplicacions.gestioeducativa.gencat.cat\/ords\/pls\/soloas\/pk_for_mod_ins.p_for_detall_activitat?p_codi=9002490517&amp;p_curs=2024-2025&amp;p_es_inscr=S\">2a edici\u00f3, codi 9002490517<\/a>, els dies 13 i 20 de novembre de 17:00 a 19:30 h<\/p>\n","protected":false},"excerpt":{"rendered":"<p>&nbsp; La Unitat de Suport a l\u2019Alumnat en Situaci\u00f3 de Viol\u00e8ncies (USAV) organitza una formaci\u00f3 essencial sobre l\u2019abordatge dels matrimonis [&hellip;]<\/p>\n","protected":false},"author":15,"featured_media":23266,"comment_status":"closed","ping_status":"closed","sticky":false,"template":"","format":"standard","meta":{"_bbp_topic_count":0,"_bbp_reply_count":0,"_bbp_total_topic_count":0,"_bbp_total_reply_count":0,"_bbp_voice_count":0,"_bbp_anonymous_reply_count":0,"_bbp_topic_count_hidden":0,"_bbp_reply_count_hidden":0,"_bbp_forum_subforum_count":0,"site-sidebar-layout":"default","site-content-layout":"","ast-site-content-layout":"","site-content-style":"default","site-sidebar-style":"default","ast-global-header-display":"","ast-banner-title-visibility":"","ast-main-header-display":"","ast-hfb-above-header-display":"","ast-hfb-below-header-display":"","ast-hfb-mobile-header-display":"","site-post-title":"","ast-breadcrumbs-content":"","ast-featured-img":"","footer-sml-layout":"","theme-transparent-header-meta":"","adv-header-id-meta":"","stick-header-meta":"","header-above-stick-meta":"","header-main-stick-meta":"","header-below-stick-meta":"","astra-migrate-meta-layouts":"default","ast-page-background-enabled":"default","ast-page-background-meta":{"desktop":{"background-color":"var(--ast-global-color-4)","background-image":"","background-repeat":"repeat","background-position":"center center","background-size":"auto","background-attachment":"scroll","background-type":"","background-media":"","overlay-type":"","overlay-color":"","overlay-opacity":"","overlay-gradient":""},"tablet":{"background-color":"","background-image":"","background-repeat":"repeat","background-position":"center center","background-size":"auto","background-attachment":"scroll","background-type":"","background-media":"","overlay-type":"","overlay-color":"","overlay-opacity":"","overlay-gradient":""},"mobile":{"background-color":"","background-image":"","background-repeat":"repeat","background-position":"center center","background-size":"auto","background-attachment":"scroll","background-type":"","background-media":"","overlay-type":"","overlay-color":"","overlay-opacity":"","overlay-gradient":""}},"ast-content-background-meta":{"desktop":{"background-color":"var(--ast-global-color-5)","background-image":"","background-repeat":"repeat","background-position":"center center","background-size":"auto","background-attachment":"scroll","background-type":"","background-media":"","overlay-type":"","overlay-color":"","overlay-opacity":"","overlay-gradient":""},"tablet":{"background-color":"var(--ast-global-color-5)","background-image":"","background-repeat":"repeat","background-position":"center center","background-size":"auto","background-attachment":"scroll","background-type":"","background-media":"","overlay-type":"","overlay-color":"","overlay-opacity":"","overlay-gradient":""},"mobile":{"background-color":"var(--ast-global-color-5)","background-image":"","background-repeat":"repeat","background-position":"center center","background-size":"auto","background-attachment":"scroll","background-type":"","background-media":"","overlay-type":"","overlay-color":"","overlay-opacity":"","overlay-gradient":""}},"footnotes":""},"categories":[1450,165,1,29],"tags":[166,1853],"class_list":["post-23265","post","type-post","status-publish","format-standard","has-post-thumbnail","hentry","category-coeducacio-perspectiva-de-genere-i-educacio-afectiva-sexual","category-formacio","category-general","category-portada","tag-formacio","tag-les-escoles-lliures-de-violencia"],"post_mailing_queue_ids":[],"_links":{"self":[{"href":"https:\/\/serveiseducatius.xtec.cat\/badalona\/wp-json\/wp\/v2\/posts\/23265","targetHints":{"allow":["GET"]}}],"collection":[{"href":"https:\/\/serveiseducatius.xtec.cat\/badalona\/wp-json\/wp\/v2\/posts"}],"about":[{"href":"https:\/\/serveiseducatius.xtec.cat\/badalona\/wp-json\/wp\/v2\/types\/post"}],"author":[{"embeddable":true,"href":"https:\/\/serveiseducatius.xtec.cat\/badalona\/wp-json\/wp\/v2\/users\/15"}],"replies":[{"embeddable":true,"href":"https:\/\/serveiseducatius.xtec.cat\/badalona\/wp-json\/wp\/v2\/comments?post=23265"}],"version-history":[{"count":1,"href":"https:\/\/serveiseducatius.xtec.cat\/badalona\/wp-json\/wp\/v2\/posts\/23265\/revisions"}],"predecessor-version":[{"id":23267,"href":"https:\/\/serveiseducatius.xtec.cat\/badalona\/wp-json\/wp\/v2\/posts\/23265\/revisions\/23267"}],"wp:featuredmedia":[{"embeddable":true,"href":"https:\/\/serveiseducatius.xtec.cat\/badalona\/wp-json\/wp\/v2\/media\/23266"}],"wp:attachment":[{"href":"https:\/\/serveiseducatius.xtec.cat\/badalona\/wp-json\/wp\/v2\/media?parent=23265"}],"wp:term":[{"taxonomy":"category","embeddable":true,"href":"https:\/\/serveiseducatius.xtec.cat\/badalona\/wp-json\/wp\/v2\/categories?post=23265"},{"taxonomy":"post_tag","embeddable":true,"href":"https:\/\/serveiseducatius.xtec.cat\/badalona\/wp-json\/wp\/v2\/tags?post=23265"}],"curies":[{"name":"wp","href":"https:\/\/api.w.org\/{rel}","templated":true}]}}