{"id":2323,"date":"2015-05-20T17:12:29","date_gmt":"2015-05-20T15:12:29","guid":{"rendered":"http:\/\/serveiseducatius.xtec.cat\/badalona\/general\/aeasapaaaiasa-adaiagaiataaala-abaiabalaiaoataeaqauaeasa-aeasacaoalaaarasa-a-a-agata-abaiabalaiaoataeaqauaeasa\/"},"modified":"2022-03-02T15:43:10","modified_gmt":"2022-03-02T14:43:10","slug":"aeasapaaaiasa-adaiagaiataaala-abaiabalaiaoataeaqauaeasa-aeasacaoalaaarasa-a-a-agata-abaiabalaiaoataeaqauaeasa","status":"publish","type":"post","link":"https:\/\/serveiseducatius.xtec.cat\/badalona\/biblioteca-escolar\/aeasapaaaiasa-adaiagaiataaala-abaiabalaiaoataeaqauaeasa-aeasacaoalaaarasa-a-a-agata-abaiabalaiaoataeaqauaeasa\/","title":{"rendered":"Espai digital biblioteques escolars &#8211; GT Biblioteques"},"content":{"rendered":"<table align=\"left\" border=\"0\" cellpadding=\"1\" cellspacing=\"1\" style=\"width:600px\">\n<tbody>\n<tr>\n<td><span style=\"font-size:12px\"><span style=\"font-family:verdana,geneva,sans-serif\">Les <a href=\"https:\/\/sites.google.com\/a\/standreu.org\/gtbbee\/espais-digitals\" target=\"_blank\" rel=\"noopener\">biblioteques escolars<\/a> de diferents centres educatius de Badalona (integrades al grup de treball del Pla de Formaci\u00f3) ja disposen d&#39;espai digital propi. Un bloc en el que podreu anar coneixent les diferents activitats que s&#39;hi realitzen. A m\u00e9s tamb\u00e9 podreu accedir als perfils de xarxes socials de de que disposen i con\u00e8ixer el dia a dia del que es fa a la biblioteca.<br \/>\n\t\t\tEscoles del GT Biblioteques escolars: <em>Artur Martorell, Josep Carner, Pere de Tera, Bet\u00falia, J\u00falia Minguell, Sant\u00edssima Trinitat, Sant Andreu i Llevant.<\/em><\/span><\/span><br \/>\n\t\t\t&nbsp;<\/td>\n<td><a href=\"https:\/\/sites.google.com\/a\/standreu.org\/gtbbee\/espais-digitals\" target=\"_blank\" rel=\"noopener\"><img decoding=\"async\" <img decoding=\"async\" src=\"http:\/\/serveiseducatius.xtec.cat\/badalona\/wp-content\/uploads\/usu1088\/2016\/07\/ptera.jpg\" style=\"height:169px; width:150px\" \/><\/a><\/td>\n<\/tr>\n<\/tbody>\n<\/table>\n","protected":false},"excerpt":{"rendered":"<p>Les biblioteques escolars de diferents centres educatius de Badalona (integrades al grup de treball del Pla de Formaci\u00f3) ja disposen [&hellip;]<\/p>\n","protected":false},"author":1,"featured_media":0,"comment_status":"open","ping_status":"open","sticky":false,"template":"","format":"standard","meta":{"_bbp_topic_count":0,"_bbp_reply_count":0,"_bbp_total_topic_count":0,"_bbp_total_reply_count":0,"_bbp_voice_count":0,"_bbp_anonymous_reply_count":0,"_bbp_topic_count_hidden":0,"_bbp_reply_count_hidden":0,"_bbp_forum_subforum_count":0,"site-sidebar-layout":"default","site-content-layout":"","ast-site-content-layout":"","site-content-style":"default","site-sidebar-style":"default","ast-global-header-display":"","ast-banner-title-visibility":"","ast-main-header-display":"","ast-hfb-above-header-display":"","ast-hfb-below-header-display":"","ast-hfb-mobile-header-display":"","site-post-title":"","ast-breadcrumbs-content":"","ast-featured-img":"","footer-sml-layout":"","theme-transparent-header-meta":"","adv-header-id-meta":"","stick-header-meta":"","header-above-stick-meta":"","header-main-stick-meta":"","header-below-stick-meta":"","astra-migrate-meta-layouts":"default","ast-page-background-enabled":"default","ast-page-background-meta":{"desktop":{"background-color":"var(--ast-global-color-4)","background-image":"","background-repeat":"repeat","background-position":"center center","background-size":"auto","background-attachment":"scroll","background-type":"","background-media":"","overlay-type":"","overlay-color":"","overlay-opacity":"","overlay-gradient":""},"tablet":{"background-color":"","background-image":"","background-repeat":"repeat","background-position":"center center","background-size":"auto","background-attachment":"scroll","background-type":"","background-media":"","overlay-type":"","overlay-color":"","overlay-opacity":"","overlay-gradient":""},"mobile":{"background-color":"","background-image":"","background-repeat":"repeat","background-position":"center center","background-size":"auto","background-attachment":"scroll","background-type":"","background-media":"","overlay-type":"","overlay-color":"","overlay-opacity":"","overlay-gradient":""}},"ast-content-background-meta":{"desktop":{"background-color":"var(--ast-global-color-5)","background-image":"","background-repeat":"repeat","background-position":"center center","background-size":"auto","background-attachment":"scroll","background-type":"","background-media":"","overlay-type":"","overlay-color":"","overlay-opacity":"","overlay-gradient":""},"tablet":{"background-color":"var(--ast-global-color-5)","background-image":"","background-repeat":"repeat","background-position":"center center","background-size":"auto","background-attachment":"scroll","background-type":"","background-media":"","overlay-type":"","overlay-color":"","overlay-opacity":"","overlay-gradient":""},"mobile":{"background-color":"var(--ast-global-color-5)","background-image":"","background-repeat":"repeat","background-position":"center center","background-size":"auto","background-attachment":"scroll","background-type":"","background-media":"","overlay-type":"","overlay-color":"","overlay-opacity":"","overlay-gradient":""}},"footnotes":""},"categories":[81,786],"tags":[163,489],"class_list":["post-2323","post","type-post","status-publish","format-standard","hentry","category-biblioteca-escolar","category-seminari-de-les-biblioteques-escolars-de-badalona","tag-biblioteques","tag-biblioteques-escolars"],"post_mailing_queue_ids":[],"_links":{"self":[{"href":"https:\/\/serveiseducatius.xtec.cat\/badalona\/wp-json\/wp\/v2\/posts\/2323","targetHints":{"allow":["GET"]}}],"collection":[{"href":"https:\/\/serveiseducatius.xtec.cat\/badalona\/wp-json\/wp\/v2\/posts"}],"about":[{"href":"https:\/\/serveiseducatius.xtec.cat\/badalona\/wp-json\/wp\/v2\/types\/post"}],"author":[{"embeddable":true,"href":"https:\/\/serveiseducatius.xtec.cat\/badalona\/wp-json\/wp\/v2\/users\/1"}],"replies":[{"embeddable":true,"href":"https:\/\/serveiseducatius.xtec.cat\/badalona\/wp-json\/wp\/v2\/comments?post=2323"}],"version-history":[{"count":2,"href":"https:\/\/serveiseducatius.xtec.cat\/badalona\/wp-json\/wp\/v2\/posts\/2323\/revisions"}],"predecessor-version":[{"id":17775,"href":"https:\/\/serveiseducatius.xtec.cat\/badalona\/wp-json\/wp\/v2\/posts\/2323\/revisions\/17775"}],"wp:attachment":[{"href":"https:\/\/serveiseducatius.xtec.cat\/badalona\/wp-json\/wp\/v2\/media?parent=2323"}],"wp:term":[{"taxonomy":"category","embeddable":true,"href":"https:\/\/serveiseducatius.xtec.cat\/badalona\/wp-json\/wp\/v2\/categories?post=2323"},{"taxonomy":"post_tag","embeddable":true,"href":"https:\/\/serveiseducatius.xtec.cat\/badalona\/wp-json\/wp\/v2\/tags?post=2323"}],"curies":[{"name":"wp","href":"https:\/\/api.w.org\/{rel}","templated":true}]}}