{"id":23193,"date":"2024-10-24T08:00:59","date_gmt":"2024-10-24T06:00:59","guid":{"rendered":"https:\/\/serveiseducatius.xtec.cat\/badalona\/?p=23193"},"modified":"2024-10-30T12:40:17","modified_gmt":"2024-10-30T11:40:17","slug":"el-dia-de-les-biblioteques-engega-la-setmana-mundial-de-lalfabetitzacio-mediatica-i-informacional","status":"publish","type":"post","link":"https:\/\/serveiseducatius.xtec.cat\/badalona\/general\/el-dia-de-les-biblioteques-engega-la-setmana-mundial-de-lalfabetitzacio-mediatica-i-informacional\/","title":{"rendered":"El dia de les biblioteques engega la Setmana Mundial de l\u2019Alfabetitzaci\u00f3 Medi\u00e0tica i Informacional"},"content":{"rendered":"<p><img loading=\"lazy\" decoding=\"async\" class=\"wp-image-23012 alignleft\" src=\"https:\/\/serveiseducatius.xtec.cat\/badalona\/wp-content\/uploads\/usu1088\/2024\/10\/CARTEL_BIBLIOTECAS_VERSION_CAT.png\" alt=\"CARTEL_BIBLIOTECAS_VERSI\u00d3N_CAT\" width=\"201\" height=\"290\" \/><\/p>\n<p>Avui, dia 24 d&#8217;octubre se celebra el Dia de les biblioteques i biblioteques escolars. Us podeu descarregar el cartell d&#8217;enguany, a c\u00e0rrec de Laia Gim\u00e9nez Buenaventura, <a href=\"https:\/\/drive.google.com\/file\/d\/1URCg_VMf3dHDMuLKWrpv4xHEQjzE1ho6\/view\">aqu\u00ed,<\/a> per decorar la vostra biblioteca.<\/p>\n<p style=\"font-family: 'Helvetica Neue', Helvetica, Helvetica, Arial, sans-serif; font-size: 16px;\"><img loading=\"lazy\" decoding=\"async\" class=\"wp-image-23224 alignright\" src=\"https:\/\/serveiseducatius.xtec.cat\/badalona\/wp-content\/uploads\/usu1088\/2024\/10\/knolling-literari-1-410x1024.png\" alt=\"\" width=\"348\" height=\"869\" srcset=\"https:\/\/serveiseducatius.xtec.cat\/badalona\/wp-content\/uploads\/usu1088\/2024\/10\/knolling-literari-1-410x1024.png 410w, https:\/\/serveiseducatius.xtec.cat\/badalona\/wp-content\/uploads\/usu1088\/2024\/10\/knolling-literari-1-120x300.png 120w, https:\/\/serveiseducatius.xtec.cat\/badalona\/wp-content\/uploads\/usu1088\/2024\/10\/knolling-literari-1-768x1920.png 768w, https:\/\/serveiseducatius.xtec.cat\/badalona\/wp-content\/uploads\/usu1088\/2024\/10\/knolling-literari-1.png 800w\" sizes=\"auto, (max-width: 348px) 100vw, 348px\" \/><\/p>\n<p>Per gaudir-ne de la festa, des del BESCAT ens proposen crear i compartir <a href=\"https:\/\/projectes.xtec.cat\/bescat\/general\/knollings-literaris-per-al-dia-de-les-biblioteques\/\">knollings literaris:\u00a0<\/a><\/p>\n<p>&nbsp;<\/p>\n<p>&nbsp;<\/p>\n<p>&nbsp;<\/p>\n<p>&nbsp;<\/p>\n<p><span style=\"font-family: inherit; font-size: 1em;\">Per continuar la festa, avui comen\u00e7a la <\/span><a style=\"font-family: inherit; font-size: 1em;\" href=\"https:\/\/www.unesco.org\/es\/articles\/celebracion-de-la-semana-mundial-de-la-alfabetizacion-mediatica-e-informacional-2024\">Setmana Mundial de l\u2019Alfabetitzaci\u00f3 Medi\u00e0tica i Informacional<\/a><span style=\"font-family: inherit; font-size: 1em;\">, que se celebrar\u00e0 arreu del m\u00f3n del 24 al 31 d&#8217;octubre. Commemorada anualment des de 2011, la Setmana ha reunit parts interessades de tot el m\u00f3n per a compartir idees i explorar formes innovadores de promoure l&#8217;Alfabetitzaci\u00f3 Medi\u00e0tica i Informacional per a tots. El tema d&#8217;enguany \u00e9s &#8220;<\/span><em style=\"font-family: inherit; font-size: 1em;\"><strong>Les noves fronteres digitals de la informaci\u00f3: Alfabetitzaci\u00f3 medi\u00e0tica i informacional per a la informaci\u00f3 d&#8217;inter\u00e8s p\u00fablic<\/strong><\/em><span style=\"font-family: inherit; font-size: 1em;\">&#8220;.<\/span><\/p>\n<p>Podeu treballar l&#8217;AMI a l&#8217;aula amb el <strong><a href=\"https:\/\/drive.google.com\/file\/d\/1o9CpwfLr6KQy5a0tGAiwosmd1O7uy-WP\/view\">recull de projectes<\/a><\/strong> compartit des de <a href=\"https:\/\/projectes.xtec.cat\/canaldereporters\/\">Canal de Reporters<\/a>.\u00a0<\/p>\n","protected":false},"excerpt":{"rendered":"<p>Avui, dia 24 d&#8217;octubre se celebra el Dia de les biblioteques i biblioteques escolars. Us podeu descarregar el cartell d&#8217;enguany, [&hellip;]<\/p>\n","protected":false},"author":48,"featured_media":23012,"comment_status":"closed","ping_status":"closed","sticky":false,"template":"","format":"standard","meta":{"_bbp_topic_count":0,"_bbp_reply_count":0,"_bbp_total_topic_count":0,"_bbp_total_reply_count":0,"_bbp_voice_count":0,"_bbp_anonymous_reply_count":0,"_bbp_topic_count_hidden":0,"_bbp_reply_count_hidden":0,"_bbp_forum_subforum_count":0,"site-sidebar-layout":"default","site-content-layout":"","ast-site-content-layout":"","site-content-style":"default","site-sidebar-style":"default","ast-global-header-display":"","ast-banner-title-visibility":"","ast-main-header-display":"","ast-hfb-above-header-display":"","ast-hfb-below-header-display":"","ast-hfb-mobile-header-display":"","site-post-title":"","ast-breadcrumbs-content":"","ast-featured-img":"","footer-sml-layout":"","theme-transparent-header-meta":"","adv-header-id-meta":"","stick-header-meta":"","header-above-stick-meta":"","header-main-stick-meta":"","header-below-stick-meta":"","astra-migrate-meta-layouts":"default","ast-page-background-enabled":"default","ast-page-background-meta":{"desktop":{"background-color":"var(--ast-global-color-4)","background-image":"","background-repeat":"repeat","background-position":"center center","background-size":"auto","background-attachment":"scroll","background-type":"","background-media":"","overlay-type":"","overlay-color":"","overlay-opacity":"","overlay-gradient":""},"tablet":{"background-color":"","background-image":"","background-repeat":"repeat","background-position":"center center","background-size":"auto","background-attachment":"scroll","background-type":"","background-media":"","overlay-type":"","overlay-color":"","overlay-opacity":"","overlay-gradient":""},"mobile":{"background-color":"","background-image":"","background-repeat":"repeat","background-position":"center center","background-size":"auto","background-attachment":"scroll","background-type":"","background-media":"","overlay-type":"","overlay-color":"","overlay-opacity":"","overlay-gradient":""}},"ast-content-background-meta":{"desktop":{"background-color":"var(--ast-global-color-5)","background-image":"","background-repeat":"repeat","background-position":"center center","background-size":"auto","background-attachment":"scroll","background-type":"","background-media":"","overlay-type":"","overlay-color":"","overlay-opacity":"","overlay-gradient":""},"tablet":{"background-color":"var(--ast-global-color-5)","background-image":"","background-repeat":"repeat","background-position":"center center","background-size":"auto","background-attachment":"scroll","background-type":"","background-media":"","overlay-type":"","overlay-color":"","overlay-opacity":"","overlay-gradient":""},"mobile":{"background-color":"var(--ast-global-color-5)","background-image":"","background-repeat":"repeat","background-position":"center center","background-size":"auto","background-attachment":"scroll","background-type":"","background-media":"","overlay-type":"","overlay-color":"","overlay-opacity":"","overlay-gradient":""}},"footnotes":""},"categories":[78,1,81,29],"tags":[1994,162,163,172,100,1934,302],"class_list":["post-23193","post","type-post","status-publish","format-standard","has-post-thumbnail","hentry","category-culturadigital","category-general","category-biblioteca-escolar","category-portada","tag-ami","tag-biblioteca-escolar","tag-biblioteques","tag-dinamitzacio","tag-lectura","tag-plamib","tag-recursos"],"post_mailing_queue_ids":[],"_links":{"self":[{"href":"https:\/\/serveiseducatius.xtec.cat\/badalona\/wp-json\/wp\/v2\/posts\/23193","targetHints":{"allow":["GET"]}}],"collection":[{"href":"https:\/\/serveiseducatius.xtec.cat\/badalona\/wp-json\/wp\/v2\/posts"}],"about":[{"href":"https:\/\/serveiseducatius.xtec.cat\/badalona\/wp-json\/wp\/v2\/types\/post"}],"author":[{"embeddable":true,"href":"https:\/\/serveiseducatius.xtec.cat\/badalona\/wp-json\/wp\/v2\/users\/48"}],"replies":[{"embeddable":true,"href":"https:\/\/serveiseducatius.xtec.cat\/badalona\/wp-json\/wp\/v2\/comments?post=23193"}],"version-history":[{"count":3,"href":"https:\/\/serveiseducatius.xtec.cat\/badalona\/wp-json\/wp\/v2\/posts\/23193\/revisions"}],"predecessor-version":[{"id":23305,"href":"https:\/\/serveiseducatius.xtec.cat\/badalona\/wp-json\/wp\/v2\/posts\/23193\/revisions\/23305"}],"wp:featuredmedia":[{"embeddable":true,"href":"https:\/\/serveiseducatius.xtec.cat\/badalona\/wp-json\/wp\/v2\/media\/23012"}],"wp:attachment":[{"href":"https:\/\/serveiseducatius.xtec.cat\/badalona\/wp-json\/wp\/v2\/media?parent=23193"}],"wp:term":[{"taxonomy":"category","embeddable":true,"href":"https:\/\/serveiseducatius.xtec.cat\/badalona\/wp-json\/wp\/v2\/categories?post=23193"},{"taxonomy":"post_tag","embeddable":true,"href":"https:\/\/serveiseducatius.xtec.cat\/badalona\/wp-json\/wp\/v2\/tags?post=23193"}],"curies":[{"name":"wp","href":"https:\/\/api.w.org\/{rel}","templated":true}]}}