{"id":23142,"date":"2024-10-23T10:31:21","date_gmt":"2024-10-23T08:31:21","guid":{"rendered":"https:\/\/serveiseducatius.xtec.cat\/badalona\/?p=23142"},"modified":"2026-02-03T10:43:52","modified_gmt":"2026-02-03T09:43:52","slug":"activitats-del-1r-trimestre-del-grup-de-treball-de-radio-i-audiovisuals-curs-24-25","status":"publish","type":"post","link":"https:\/\/serveiseducatius.xtec.cat\/badalona\/general\/activitats-del-1r-trimestre-del-grup-de-treball-de-radio-i-audiovisuals-curs-24-25\/","title":{"rendered":"Activitats del 1r trimestre del Grup de Treball de R\u00e0dio i Audiovisuals Curs 24-25"},"content":{"rendered":"<p dir=\"ltr\"><img loading=\"lazy\" decoding=\"async\" class=\"alignleft wp-image-23143\" src=\"https:\/\/serveiseducatius.xtec.cat\/badalona\/wp-content\/uploads\/usu1088\/2024\/10\/grup-de-treball-CRP-Badalona.png\" alt=\"\" width=\"263\" height=\"257\" srcset=\"https:\/\/serveiseducatius.xtec.cat\/badalona\/wp-content\/uploads\/usu1088\/2024\/10\/grup-de-treball-CRP-Badalona.png 360w, https:\/\/serveiseducatius.xtec.cat\/badalona\/wp-content\/uploads\/usu1088\/2024\/10\/grup-de-treball-CRP-Badalona-300x293.png 300w\" sizes=\"auto, (max-width: 263px) 100vw, 263px\" \/>El <strong>grup de treball de r\u00e0dio i audiovisuals,<\/strong> format pel <em>Centre de Recursos Pedag\u00f2gics<\/em> i l&#8217;<em>\u00c0rea de Cultura Digital del Departament d&#8217;Educaci\u00f3 i Formaci\u00f3 Professional<\/em>, ha elaborat unes activitats amb l&#8217;objectiu de consolidar i donar continu\u00eftat a les activitats de <span class=\"il\">r\u00e0dio<\/span>\u00a0del curs 2023-24, aix\u00ed com per impulsar noves iniciatives\u00a0<span class=\"il\">audiovisuals<\/span>.<\/p>\n<p dir=\"ltr\">Aquestes propostes volen acompanyar a la dotaci\u00f3 de la<strong>\u00a0<\/strong><a href=\"https:\/\/drive.google.com\/file\/d\/1WsT6WFypGamjZ8ekkwBUURyRl-LWDW1K\/view?usp=sharing\" target=\"_blank\" rel=\"noopener\" data-saferedirecturl=\"https:\/\/www.google.com\/url?q=https:\/\/drive.google.com\/file\/d\/1WsT6WFypGamjZ8ekkwBUURyRl-LWDW1K\/view?usp%3Dsharing&amp;source=gmail&amp;ust=1729339198513000&amp;usg=AOvVaw2aUCaXeFqO7k9BlNxtYfTa\"><strong>maleta Audiovisual<\/strong><\/a>, que ofereix un seguit d\u2019eines i dispositius digitals. Aquestes eines han de permetre als alumnes crear, integrar i reelaborar continguts digitals en diferents formats (text, taula, imatge, \u00e0udio, v\u00eddeo, etc.) per expressar idees, sentiments i coneixements, tot respectant la propietat intel\u00b7lectual i els drets d&#8217;autoria dels continguts que es reutilitzen. Amb aquestes activitats, volem fomentar la compet\u00e8ncia digital i l&#8217;esperit cr\u00edtic dels alumnes, a m\u00e9s d&#8217;oferir-los un espai per experimentar i comunicar-se de manera creativa.<\/p>\n<p dir=\"ltr\">Hem planificat un m\u00ednim de dues activitats per trimestre, que inclouen projectes de\u00a0<span class=\"il\">r\u00e0dio<\/span>\u00a0i d&#8217;<span class=\"il\">audiovisuals<\/span>. Si us interessa participar en alguna de les activitats del 1r trimestre <strong>podeu clicar a les imatges que trobareu a continuaci\u00f3 per trobar tota la informaci\u00f3<\/strong>. #canaldereporters<\/p>\n<p><a href=\"https:\/\/serveiseducatius.xtec.cat\/badalona\/dinamitzacio\/elaborem-una-falca-de-radio\/\" target=\"_blank\" rel=\"noopener\"><img loading=\"lazy\" decoding=\"async\" class=\"size-full wp-image-23134 aligncenter\" src=\"https:\/\/serveiseducatius.xtec.cat\/badalona\/wp-content\/uploads\/usu1088\/2024\/10\/GTRA-GRAVEM-UNA-FALCA-DE-RADIO-IMATGE-BANNER-800X200-1.png\" alt=\"\" width=\"800\" height=\"200\" \/><\/a><\/p>\n<p><a href=\"https:\/\/serveiseducatius.xtec.cat\/badalona\/dinamitzacio\/radio\/elaborem-una-falca-radiofonica-sobre-els-drets-dels-infants\/\" target=\"_blank\" rel=\"noopener\"><img loading=\"lazy\" decoding=\"async\" class=\"size-full wp-image-23137 aligncenter\" src=\"https:\/\/serveiseducatius.xtec.cat\/badalona\/wp-content\/uploads\/usu1088\/2024\/10\/GTRA_PORTALS-GTRA-ELS-DRETS-DELS-INFANTS-IMATGE.png\" alt=\"\" width=\"800\" height=\"200\" \/><\/a><\/p>\n<p><a href=\"https:\/\/serveiseducatius.xtec.cat\/badalona\/dinamitzacio\/comunicacio-audiovisual\/gravem-una-noticia-en-format-audiovisu\" target=\"_blank\" rel=\"noopener\"><img loading=\"lazy\" decoding=\"async\" class=\"size-full wp-image-23140 aligncenter\" src=\"https:\/\/serveiseducatius.xtec.cat\/badalona\/wp-content\/uploads\/usu1088\/2024\/10\/PORTALS-GTRA-SETMANA-AMI-IMATGE-1.png\" alt=\"\" width=\"800\" height=\"200\" \/><\/a><\/p>\n","protected":false},"excerpt":{"rendered":"<p>El grup de treball de r\u00e0dio i audiovisuals, format pel Centre de Recursos Pedag\u00f2gics i l&#8217;\u00c0rea de Cultura Digital del [&hellip;]<\/p>\n","protected":false},"author":49,"featured_media":23215,"comment_status":"closed","ping_status":"closed","sticky":false,"template":"","format":"standard","meta":{"_bbp_topic_count":0,"_bbp_reply_count":0,"_bbp_total_topic_count":0,"_bbp_total_reply_count":0,"_bbp_voice_count":0,"_bbp_anonymous_reply_count":0,"_bbp_topic_count_hidden":0,"_bbp_reply_count_hidden":0,"_bbp_forum_subforum_count":0,"site-sidebar-layout":"default","site-content-layout":"","ast-site-content-layout":"","site-content-style":"default","site-sidebar-style":"default","ast-global-header-display":"","ast-banner-title-visibility":"","ast-main-header-display":"","ast-hfb-above-header-display":"","ast-hfb-below-header-display":"","ast-hfb-mobile-header-display":"","site-post-title":"","ast-breadcrumbs-content":"","ast-featured-img":"","footer-sml-layout":"","theme-transparent-header-meta":"","adv-header-id-meta":"","stick-header-meta":"","header-above-stick-meta":"","header-main-stick-meta":"","header-below-stick-meta":"","astra-migrate-meta-layouts":"default","ast-page-background-enabled":"default","ast-page-background-meta":{"desktop":{"background-color":"var(--ast-global-color-4)","background-image":"","background-repeat":"repeat","background-position":"center center","background-size":"auto","background-attachment":"scroll","background-type":"","background-media":"","overlay-type":"","overlay-color":"","overlay-opacity":"","overlay-gradient":""},"tablet":{"background-color":"","background-image":"","background-repeat":"repeat","background-position":"center center","background-size":"auto","background-attachment":"scroll","background-type":"","background-media":"","overlay-type":"","overlay-color":"","overlay-opacity":"","overlay-gradient":""},"mobile":{"background-color":"","background-image":"","background-repeat":"repeat","background-position":"center center","background-size":"auto","background-attachment":"scroll","background-type":"","background-media":"","overlay-type":"","overlay-color":"","overlay-opacity":"","overlay-gradient":""}},"ast-content-background-meta":{"desktop":{"background-color":"var(--ast-global-color-5)","background-image":"","background-repeat":"repeat","background-position":"center center","background-size":"auto","background-attachment":"scroll","background-type":"","background-media":"","overlay-type":"","overlay-color":"","overlay-opacity":"","overlay-gradient":""},"tablet":{"background-color":"var(--ast-global-color-5)","background-image":"","background-repeat":"repeat","background-position":"center center","background-size":"auto","background-attachment":"scroll","background-type":"","background-media":"","overlay-type":"","overlay-color":"","overlay-opacity":"","overlay-gradient":""},"mobile":{"background-color":"var(--ast-global-color-5)","background-image":"","background-repeat":"repeat","background-position":"center center","background-size":"auto","background-attachment":"scroll","background-type":"","background-media":"","overlay-type":"","overlay-color":"","overlay-opacity":"","overlay-gradient":""}},"footnotes":""},"categories":[2227,66,1,29,1917],"tags":[1994,703,1991,1681,172,877,1430,108,1897],"class_list":["post-23142","post","type-post","status-publish","format-standard","has-post-thumbnail","hentry","category-audiovisuals","category-dinamitzacio","category-general","category-portada","category-radio","tag-ami","tag-audiovisual","tag-canal-de-reporters","tag-comunicacio-audiovisual","tag-dinamitzacio","tag-educacio-audiovisual","tag-educacio-mediatica","tag-radio","tag-radio-escolar"],"post_mailing_queue_ids":[],"_links":{"self":[{"href":"https:\/\/serveiseducatius.xtec.cat\/badalona\/wp-json\/wp\/v2\/posts\/23142","targetHints":{"allow":["GET"]}}],"collection":[{"href":"https:\/\/serveiseducatius.xtec.cat\/badalona\/wp-json\/wp\/v2\/posts"}],"about":[{"href":"https:\/\/serveiseducatius.xtec.cat\/badalona\/wp-json\/wp\/v2\/types\/post"}],"author":[{"embeddable":true,"href":"https:\/\/serveiseducatius.xtec.cat\/badalona\/wp-json\/wp\/v2\/users\/49"}],"replies":[{"embeddable":true,"href":"https:\/\/serveiseducatius.xtec.cat\/badalona\/wp-json\/wp\/v2\/comments?post=23142"}],"version-history":[{"count":6,"href":"https:\/\/serveiseducatius.xtec.cat\/badalona\/wp-json\/wp\/v2\/posts\/23142\/revisions"}],"predecessor-version":[{"id":23241,"href":"https:\/\/serveiseducatius.xtec.cat\/badalona\/wp-json\/wp\/v2\/posts\/23142\/revisions\/23241"}],"wp:featuredmedia":[{"embeddable":true,"href":"https:\/\/serveiseducatius.xtec.cat\/badalona\/wp-json\/wp\/v2\/media\/23215"}],"wp:attachment":[{"href":"https:\/\/serveiseducatius.xtec.cat\/badalona\/wp-json\/wp\/v2\/media?parent=23142"}],"wp:term":[{"taxonomy":"category","embeddable":true,"href":"https:\/\/serveiseducatius.xtec.cat\/badalona\/wp-json\/wp\/v2\/categories?post=23142"},{"taxonomy":"post_tag","embeddable":true,"href":"https:\/\/serveiseducatius.xtec.cat\/badalona\/wp-json\/wp\/v2\/tags?post=23142"}],"curies":[{"name":"wp","href":"https:\/\/api.w.org\/{rel}","templated":true}]}}