{"id":23113,"date":"2024-10-16T08:45:35","date_gmt":"2024-10-16T06:45:35","guid":{"rendered":"https:\/\/serveiseducatius.xtec.cat\/badalona\/?p=23113"},"modified":"2024-10-16T08:01:36","modified_gmt":"2024-10-16T06:01:36","slug":"16-doctubre-dia-mundial-de-conscienciacio-sobre-laturada-cardiaca-2","status":"publish","type":"post","link":"https:\/\/serveiseducatius.xtec.cat\/badalona\/portada\/16-doctubre-dia-mundial-de-conscienciacio-sobre-laturada-cardiaca-2\/","title":{"rendered":"16 d\u2019octubre. Dia Mundial de conscienciaci\u00f3 sobre l\u2019aturada card\u00edaca"},"content":{"rendered":"<p><img loading=\"lazy\" decoding=\"async\" class=\"wp-image-23114 size-medium alignleft\" src=\"https:\/\/serveiseducatius.xtec.cat\/badalona\/wp-content\/uploads\/usu1088\/2024\/10\/0-CARTELL-BADALONA-CARDIOPROTEGIDA-213x300.png\" alt=\"\" width=\"213\" height=\"300\" srcset=\"https:\/\/serveiseducatius.xtec.cat\/badalona\/wp-content\/uploads\/usu1088\/2024\/10\/0-CARTELL-BADALONA-CARDIOPROTEGIDA-213x300.png 213w, https:\/\/serveiseducatius.xtec.cat\/badalona\/wp-content\/uploads\/usu1088\/2024\/10\/0-CARTELL-BADALONA-CARDIOPROTEGIDA.png 562w\" sizes=\"auto, (max-width: 213px) 100vw, 213px\" \/>Un any m\u00e9s, el <strong>16 d\u2019octubre<\/strong><strong>, <\/strong>amb motiu <strong>d<\/strong>el <strong>Dia Mundial de la Conscienciaci\u00f3 de l\u2019Aturada Cardiorespirat\u00f2ria<\/strong> <strong>que <\/strong>organitza <strong>l\u2019European Resuscitation Council<\/strong> <strong>(ERC)<\/strong> sota el lema <em>\u201cTots els ciutadans del m\u00f3n poden salvar una vida\u201d<\/em>, el Seminari del Programa de Suport Vital als centres docents de Badalona i l&#8217;Ajuntament de Badalona han organitzat diverses actuacions per conscienciar a la poblaci\u00f3 sobre la necessitat d\u2019actuar de manera r\u00e0pida en cas d\u2019una aturada card\u00edaca.<\/p>\n<p>Han participat els seg\u00fcents centres educatius:<\/p>\n<ul>\n<li><span style=\"color: #000000; font-family: helvetica, arial, sans-serif;\"><span style=\"font-size: medium;\">Badalona Port.<\/span><\/span><\/li>\n<li><span style=\"color: #000000; font-family: helvetica, arial, sans-serif;\"><span style=\"font-size: medium;\">Merc\u00e8 Rodoreda.<\/span><\/span><\/li>\n<li><span style=\"color: #000000; font-family: helvetica, arial, sans-serif;\"><span style=\"font-size: medium;\">Josep Carner.<\/span><\/span><\/li>\n<li><span style=\"color: #000000; font-family: helvetica, arial, sans-serif;\"><span style=\"font-size: medium;\">Jungfrau.<\/span><\/span><\/li>\n<li><span style=\"color: #000000; font-family: helvetica, arial, sans-serif;\"><span style=\"font-size: medium;\">Barres i Ones.<\/span><\/span><\/li>\n<li><span style=\"color: #000000; font-family: helvetica, arial, sans-serif;\"><span style=\"font-size: medium;\">Ventura Gassol.<\/span><\/span><\/li>\n<li><span style=\"color: #000000; font-family: helvetica, arial, sans-serif;\"><span style=\"font-size: medium;\">Enric Borr\u00e0s.<\/span><\/span><\/li>\n<\/ul>\n<p>Aquest curs els alumnes dels centres han dibuixat \u00abel seu cor\u00bb fent servir diferents t\u00e8cniques art\u00edstiques, despr\u00e9s els han enganxat a diferents murals, tot formant unes lletres determinades. Avui, 16 d&#8217;octubre de 2024, representants dels alumnes es trobaran a la pla\u00e7a de Vila de Badalona i es formar\u00e0 el text: SUPORT VITAL B\u00c0SIC.<\/p>\n<p>Aquest curs comptem amb la col\u00b7laboraci\u00f3 de Protecci\u00f3 Civil i el SEM, que oferiran diverses actuacions i tallers primer als alumnes i despr\u00e9s a tota la ciutadania.<\/p>\n<p>Des del Seminari de Suport Vital B\u00e0sic de Badalona <a href=\"https:\/\/drive.google.com\/file\/d\/1YRd8B02x-ipQVdSR4u-3UbltbN6uKPpU\/view?usp=drive_link\" target=\"_blank\" rel=\"noopener\">s&#8217;ha editat un petit v\u00eddeo<\/a> explicant el proc\u00e9s d&#8217;elaboraci\u00f3 de les <a href=\"https:\/\/drive.google.com\/file\/d\/1YRd8B02x-ipQVdSR4u-3UbltbN6uKPpU\/view?usp=drive_link\" target=\"_blank\" rel=\"noopener\">que podeu veure en aquest enlla\u00e7<\/a>.<\/p>\n","protected":false},"excerpt":{"rendered":"<p>Un any m\u00e9s, el 16 d\u2019octubre, amb motiu del Dia Mundial de la Conscienciaci\u00f3 de l\u2019Aturada Cardiorespirat\u00f2ria que organitza l\u2019European [&hellip;]<\/p>\n","protected":false},"author":1,"featured_media":23114,"comment_status":"closed","ping_status":"closed","sticky":false,"template":"","format":"standard","meta":{"_bbp_topic_count":0,"_bbp_reply_count":0,"_bbp_total_topic_count":0,"_bbp_total_reply_count":0,"_bbp_voice_count":0,"_bbp_anonymous_reply_count":0,"_bbp_topic_count_hidden":0,"_bbp_reply_count_hidden":0,"_bbp_forum_subforum_count":0,"site-sidebar-layout":"default","site-content-layout":"","ast-site-content-layout":"","site-content-style":"default","site-sidebar-style":"default","ast-global-header-display":"","ast-banner-title-visibility":"","ast-main-header-display":"","ast-hfb-above-header-display":"","ast-hfb-below-header-display":"","ast-hfb-mobile-header-display":"","site-post-title":"","ast-breadcrumbs-content":"","ast-featured-img":"","footer-sml-layout":"","theme-transparent-header-meta":"","adv-header-id-meta":"","stick-header-meta":"","header-above-stick-meta":"","header-main-stick-meta":"","header-below-stick-meta":"","astra-migrate-meta-layouts":"default","ast-page-background-enabled":"default","ast-page-background-meta":{"desktop":{"background-color":"var(--ast-global-color-4)","background-image":"","background-repeat":"repeat","background-position":"center center","background-size":"auto","background-attachment":"scroll","background-type":"","background-media":"","overlay-type":"","overlay-color":"","overlay-opacity":"","overlay-gradient":""},"tablet":{"background-color":"","background-image":"","background-repeat":"repeat","background-position":"center center","background-size":"auto","background-attachment":"scroll","background-type":"","background-media":"","overlay-type":"","overlay-color":"","overlay-opacity":"","overlay-gradient":""},"mobile":{"background-color":"","background-image":"","background-repeat":"repeat","background-position":"center center","background-size":"auto","background-attachment":"scroll","background-type":"","background-media":"","overlay-type":"","overlay-color":"","overlay-opacity":"","overlay-gradient":""}},"ast-content-background-meta":{"desktop":{"background-color":"var(--ast-global-color-5)","background-image":"","background-repeat":"repeat","background-position":"center center","background-size":"auto","background-attachment":"scroll","background-type":"","background-media":"","overlay-type":"","overlay-color":"","overlay-opacity":"","overlay-gradient":""},"tablet":{"background-color":"var(--ast-global-color-5)","background-image":"","background-repeat":"repeat","background-position":"center center","background-size":"auto","background-attachment":"scroll","background-type":"","background-media":"","overlay-type":"","overlay-color":"","overlay-opacity":"","overlay-gradient":""},"mobile":{"background-color":"var(--ast-global-color-5)","background-image":"","background-repeat":"repeat","background-position":"center center","background-size":"auto","background-attachment":"scroll","background-type":"","background-media":"","overlay-type":"","overlay-color":"","overlay-opacity":"","overlay-gradient":""}},"footnotes":""},"categories":[66,29,1713],"tags":[1644],"class_list":["post-23113","post","type-post","status-publish","format-standard","has-post-thumbnail","hentry","category-dinamitzacio","category-portada","category-svb","tag-suport-vital-basic"],"post_mailing_queue_ids":[],"_links":{"self":[{"href":"https:\/\/serveiseducatius.xtec.cat\/badalona\/wp-json\/wp\/v2\/posts\/23113","targetHints":{"allow":["GET"]}}],"collection":[{"href":"https:\/\/serveiseducatius.xtec.cat\/badalona\/wp-json\/wp\/v2\/posts"}],"about":[{"href":"https:\/\/serveiseducatius.xtec.cat\/badalona\/wp-json\/wp\/v2\/types\/post"}],"author":[{"embeddable":true,"href":"https:\/\/serveiseducatius.xtec.cat\/badalona\/wp-json\/wp\/v2\/users\/1"}],"replies":[{"embeddable":true,"href":"https:\/\/serveiseducatius.xtec.cat\/badalona\/wp-json\/wp\/v2\/comments?post=23113"}],"version-history":[{"count":1,"href":"https:\/\/serveiseducatius.xtec.cat\/badalona\/wp-json\/wp\/v2\/posts\/23113\/revisions"}],"predecessor-version":[{"id":23115,"href":"https:\/\/serveiseducatius.xtec.cat\/badalona\/wp-json\/wp\/v2\/posts\/23113\/revisions\/23115"}],"wp:featuredmedia":[{"embeddable":true,"href":"https:\/\/serveiseducatius.xtec.cat\/badalona\/wp-json\/wp\/v2\/media\/23114"}],"wp:attachment":[{"href":"https:\/\/serveiseducatius.xtec.cat\/badalona\/wp-json\/wp\/v2\/media?parent=23113"}],"wp:term":[{"taxonomy":"category","embeddable":true,"href":"https:\/\/serveiseducatius.xtec.cat\/badalona\/wp-json\/wp\/v2\/categories?post=23113"},{"taxonomy":"post_tag","embeddable":true,"href":"https:\/\/serveiseducatius.xtec.cat\/badalona\/wp-json\/wp\/v2\/tags?post=23113"}],"curies":[{"name":"wp","href":"https:\/\/api.w.org\/{rel}","templated":true}]}}