{"id":23010,"date":"2024-10-14T08:50:05","date_gmt":"2024-10-14T06:50:05","guid":{"rendered":"https:\/\/serveiseducatius.xtec.cat\/badalona\/?p=23010"},"modified":"2024-10-10T11:33:01","modified_gmt":"2024-10-10T09:33:01","slug":"24-octubre-el-dia-de-les-biblioteques","status":"publish","type":"post","link":"https:\/\/serveiseducatius.xtec.cat\/badalona\/portada\/24-octubre-el-dia-de-les-biblioteques\/","title":{"rendered":"24 d&#8217;octubre, dia de les Biblioteques!"},"content":{"rendered":"<p><img loading=\"lazy\" decoding=\"async\" class=\"wp-image-23012 aligncenter\" src=\"https:\/\/serveiseducatius.xtec.cat\/badalona\/wp-content\/uploads\/usu1088\/2024\/10\/CARTEL_BIBLIOTECAS_VERSION_CAT.png\" alt=\"CARTEL_BIBLIOTECAS_VERSI\u00d3N_CAT\" width=\"333\" height=\"481\" \/><\/p>\n<p>El pr\u00f2xim dia 24 d&#8217;octubre se celebra el Dia de les biblioteques i biblioteques escolars. L&#8217;<a href=\"https:\/\/www.amigosdellibro.com\/\"><span class=\"hiddenSpellError\">Asociaci\u00f3n<\/span>\u00a0<span class=\"hiddenSpellError\">Espa\u00f1ola<\/span>\u00a0de\u00a0<span class=\"hiddenSpellError\">Amigos<\/span>\u00a0del\u00a0<span class=\"hiddenSpellError\">Libro<\/span>\u00a0Infantil\u00a0<span class=\"hiddenGrammarError\">y<\/span>\u00a0Juveni<\/a>l organitza una jornada plena d&#8217;activitats a Cartagena i ens convida a celebrar amb el <a href=\"https:\/\/drive.google.com\/file\/d\/1URCg_VMf3dHDMuLKWrpv4xHEQjzE1ho6\/view?usp=drive_link\">cartell d&#8217;aquesta edici\u00f3<\/a> (a c\u00e0rrec de Laia Gim\u00e9nez Buenaventura), a m\u00e9s del<a href=\"https:\/\/drive.google.com\/drive\/folders\/16RobTOCjuxHntrifigzzqCBec56N9hkL\"> text commemoratiu<\/a> de la ploma de\u00a0<span class=\"hiddenSpellError\">Patxi<\/span>\u00a0<span class=\"hiddenSpellError\">Zubizarreta<\/span>.<\/p>\n<p>Des del Ministeri de Cultura proposen el lema &#8220;<a href=\"https:\/\/www.cultura.gob.es\/cultura\/areas\/bibliotecas\/mc\/dia-bibliotecas-2024\/presentacion.html\">Por un\u00a0<span class=\"hiddenSpellError\">futuro<\/span>\u00a0sostenible<\/a>&#8221; per l&#8217;edici\u00f3 d&#8217;enguany.<\/p>\n","protected":false},"excerpt":{"rendered":"<p>El pr\u00f2xim dia 24 d&#8217;octubre se celebra el Dia de les biblioteques i biblioteques escolars. L&#8217;Asociaci\u00f3n\u00a0Espa\u00f1ola\u00a0de\u00a0Amigos\u00a0del\u00a0Libro\u00a0Infantil\u00a0y\u00a0Juvenil organitza una jornada plena [&hellip;]<\/p>\n","protected":false},"author":48,"featured_media":23012,"comment_status":"closed","ping_status":"closed","sticky":false,"template":"","format":"standard","meta":{"_bbp_topic_count":0,"_bbp_reply_count":0,"_bbp_total_topic_count":0,"_bbp_total_reply_count":0,"_bbp_voice_count":0,"_bbp_anonymous_reply_count":0,"_bbp_topic_count_hidden":0,"_bbp_reply_count_hidden":0,"_bbp_forum_subforum_count":0,"site-sidebar-layout":"default","site-content-layout":"","ast-site-content-layout":"","site-content-style":"default","site-sidebar-style":"default","ast-global-header-display":"","ast-banner-title-visibility":"","ast-main-header-display":"","ast-hfb-above-header-display":"","ast-hfb-below-header-display":"","ast-hfb-mobile-header-display":"","site-post-title":"","ast-breadcrumbs-content":"","ast-featured-img":"","footer-sml-layout":"","theme-transparent-header-meta":"","adv-header-id-meta":"","stick-header-meta":"","header-above-stick-meta":"","header-main-stick-meta":"","header-below-stick-meta":"","astra-migrate-meta-layouts":"default","ast-page-background-enabled":"default","ast-page-background-meta":{"desktop":{"background-color":"var(--ast-global-color-4)","background-image":"","background-repeat":"repeat","background-position":"center center","background-size":"auto","background-attachment":"scroll","background-type":"","background-media":"","overlay-type":"","overlay-color":"","overlay-opacity":"","overlay-gradient":""},"tablet":{"background-color":"","background-image":"","background-repeat":"repeat","background-position":"center center","background-size":"auto","background-attachment":"scroll","background-type":"","background-media":"","overlay-type":"","overlay-color":"","overlay-opacity":"","overlay-gradient":""},"mobile":{"background-color":"","background-image":"","background-repeat":"repeat","background-position":"center center","background-size":"auto","background-attachment":"scroll","background-type":"","background-media":"","overlay-type":"","overlay-color":"","overlay-opacity":"","overlay-gradient":""}},"ast-content-background-meta":{"desktop":{"background-color":"var(--ast-global-color-5)","background-image":"","background-repeat":"repeat","background-position":"center center","background-size":"auto","background-attachment":"scroll","background-type":"","background-media":"","overlay-type":"","overlay-color":"","overlay-opacity":"","overlay-gradient":""},"tablet":{"background-color":"var(--ast-global-color-5)","background-image":"","background-repeat":"repeat","background-position":"center center","background-size":"auto","background-attachment":"scroll","background-type":"","background-media":"","overlay-type":"","overlay-color":"","overlay-opacity":"","overlay-gradient":""},"mobile":{"background-color":"var(--ast-global-color-5)","background-image":"","background-repeat":"repeat","background-position":"center center","background-size":"auto","background-attachment":"scroll","background-type":"","background-media":"","overlay-type":"","overlay-color":"","overlay-opacity":"","overlay-gradient":""}},"footnotes":""},"categories":[81,29],"tags":[162,100,208,273],"class_list":["post-23010","post","type-post","status-publish","format-standard","has-post-thumbnail","hentry","category-biblioteca-escolar","category-portada","tag-biblioteca-escolar","tag-lectura","tag-noticies","tag-xarxa-de-biblioteques"],"post_mailing_queue_ids":[],"_links":{"self":[{"href":"https:\/\/serveiseducatius.xtec.cat\/badalona\/wp-json\/wp\/v2\/posts\/23010","targetHints":{"allow":["GET"]}}],"collection":[{"href":"https:\/\/serveiseducatius.xtec.cat\/badalona\/wp-json\/wp\/v2\/posts"}],"about":[{"href":"https:\/\/serveiseducatius.xtec.cat\/badalona\/wp-json\/wp\/v2\/types\/post"}],"author":[{"embeddable":true,"href":"https:\/\/serveiseducatius.xtec.cat\/badalona\/wp-json\/wp\/v2\/users\/48"}],"replies":[{"embeddable":true,"href":"https:\/\/serveiseducatius.xtec.cat\/badalona\/wp-json\/wp\/v2\/comments?post=23010"}],"version-history":[{"count":2,"href":"https:\/\/serveiseducatius.xtec.cat\/badalona\/wp-json\/wp\/v2\/posts\/23010\/revisions"}],"predecessor-version":[{"id":23014,"href":"https:\/\/serveiseducatius.xtec.cat\/badalona\/wp-json\/wp\/v2\/posts\/23010\/revisions\/23014"}],"wp:featuredmedia":[{"embeddable":true,"href":"https:\/\/serveiseducatius.xtec.cat\/badalona\/wp-json\/wp\/v2\/media\/23012"}],"wp:attachment":[{"href":"https:\/\/serveiseducatius.xtec.cat\/badalona\/wp-json\/wp\/v2\/media?parent=23010"}],"wp:term":[{"taxonomy":"category","embeddable":true,"href":"https:\/\/serveiseducatius.xtec.cat\/badalona\/wp-json\/wp\/v2\/categories?post=23010"},{"taxonomy":"post_tag","embeddable":true,"href":"https:\/\/serveiseducatius.xtec.cat\/badalona\/wp-json\/wp\/v2\/tags?post=23010"}],"curies":[{"name":"wp","href":"https:\/\/api.w.org\/{rel}","templated":true}]}}