{"id":22978,"date":"2024-10-08T08:50:54","date_gmt":"2024-10-08T06:50:54","guid":{"rendered":"https:\/\/serveiseducatius.xtec.cat\/badalona\/?p=22978"},"modified":"2024-10-07T13:24:42","modified_gmt":"2024-10-07T11:24:42","slug":"taller-conviure-amb-les-pantalles-estrategies-dintervencio-sense-que-les-pantalles-sinterposin","status":"publish","type":"post","link":"https:\/\/serveiseducatius.xtec.cat\/badalona\/general\/taller-conviure-amb-les-pantalles-estrategies-dintervencio-sense-que-les-pantalles-sinterposin\/","title":{"rendered":"Taller &#8220;Conviure amb les pantalles. Estrat\u00e8gies d&#8217;intervenci\u00f3 sense que les pantalles s&#8217;interposin&#8221;"},"content":{"rendered":"<p><img loading=\"lazy\" decoding=\"async\" class=\"wp-image-22979 alignleft\" src=\"https:\/\/serveiseducatius.xtec.cat\/badalona\/wp-content\/uploads\/usu1088\/2024\/10\/espai-salut.-prevencio-de-les-addicions.png\" alt=\"\" width=\"485\" height=\"484\" srcset=\"https:\/\/serveiseducatius.xtec.cat\/badalona\/wp-content\/uploads\/usu1088\/2024\/10\/espai-salut.-prevencio-de-les-addicions.png 729w, https:\/\/serveiseducatius.xtec.cat\/badalona\/wp-content\/uploads\/usu1088\/2024\/10\/espai-salut.-prevencio-de-les-addicions-300x300.png 300w, https:\/\/serveiseducatius.xtec.cat\/badalona\/wp-content\/uploads\/usu1088\/2024\/10\/espai-salut.-prevencio-de-les-addicions-150x150.png 150w\" sizes=\"auto, (max-width: 485px) 100vw, 485px\" \/><\/p>\n<p>Des del <a href=\"https:\/\/www.badiujove.cat\/#home\" target=\"_blank\" rel=\"noopener\"><strong>Badiu Jove<\/strong><\/a> ens fan arribar aquesta proposta per a professionals, relacionada amb la <strong>prevenci\u00f3 de les addiccions a les pantalles<\/strong> que realitzaran el proper <strong>dilluns 28 d&#8217;octubre de 16:30 a 18h<\/strong>.<\/p>\n<p>Al taller &#8220;<strong><em>Conviure amb les pantalles. Estrat\u00e8gies d&#8217;intervenci\u00f3 sense que les pantalles s&#8217;interposin<\/em><\/strong>&#8221; de l&#8217;espai de prevenci\u00f3 a les addiccions, es treballar\u00e0 al voltant de la problem\u00e0tica dels tel\u00e8fons m\u00f2bils dins i fora els instituts i es parlar\u00e0 sobre les estrat\u00e8gies per intervenir amb els joves sense la necessitat d&#8217;utilitzar els m\u00f2bils.\u00a0<\/p>\n<p>Cal inscripci\u00f3 a\u00a0<a href=\"mailto:badiujove@badalona.cat\u00a0\">badiujove@badalona.cat\u00a0<\/a> o trucant al 690 30 68 12\/ 93 483 29 34.<\/p>\n","protected":false},"excerpt":{"rendered":"<p>Des del Badiu Jove ens fan arribar aquesta proposta per a professionals, relacionada amb la prevenci\u00f3 de les addiccions a [&hellip;]<\/p>\n","protected":false},"author":49,"featured_media":22979,"comment_status":"closed","ping_status":"closed","sticky":false,"template":"","format":"standard","meta":{"_bbp_topic_count":0,"_bbp_reply_count":0,"_bbp_total_topic_count":0,"_bbp_total_reply_count":0,"_bbp_voice_count":0,"_bbp_anonymous_reply_count":0,"_bbp_topic_count_hidden":0,"_bbp_reply_count_hidden":0,"_bbp_forum_subforum_count":0,"site-sidebar-layout":"default","site-content-layout":"","ast-site-content-layout":"","site-content-style":"default","site-sidebar-style":"default","ast-global-header-display":"","ast-banner-title-visibility":"","ast-main-header-display":"","ast-hfb-above-header-display":"","ast-hfb-below-header-display":"","ast-hfb-mobile-header-display":"","site-post-title":"","ast-breadcrumbs-content":"","ast-featured-img":"","footer-sml-layout":"","theme-transparent-header-meta":"","adv-header-id-meta":"","stick-header-meta":"","header-above-stick-meta":"","header-main-stick-meta":"","header-below-stick-meta":"","astra-migrate-meta-layouts":"default","ast-page-background-enabled":"default","ast-page-background-meta":{"desktop":{"background-color":"var(--ast-global-color-4)","background-image":"","background-repeat":"repeat","background-position":"center center","background-size":"auto","background-attachment":"scroll","background-type":"","background-media":"","overlay-type":"","overlay-color":"","overlay-opacity":"","overlay-gradient":""},"tablet":{"background-color":"","background-image":"","background-repeat":"repeat","background-position":"center center","background-size":"auto","background-attachment":"scroll","background-type":"","background-media":"","overlay-type":"","overlay-color":"","overlay-opacity":"","overlay-gradient":""},"mobile":{"background-color":"","background-image":"","background-repeat":"repeat","background-position":"center center","background-size":"auto","background-attachment":"scroll","background-type":"","background-media":"","overlay-type":"","overlay-color":"","overlay-opacity":"","overlay-gradient":""}},"ast-content-background-meta":{"desktop":{"background-color":"var(--ast-global-color-5)","background-image":"","background-repeat":"repeat","background-position":"center center","background-size":"auto","background-attachment":"scroll","background-type":"","background-media":"","overlay-type":"","overlay-color":"","overlay-opacity":"","overlay-gradient":""},"tablet":{"background-color":"var(--ast-global-color-5)","background-image":"","background-repeat":"repeat","background-position":"center center","background-size":"auto","background-attachment":"scroll","background-type":"","background-media":"","overlay-type":"","overlay-color":"","overlay-opacity":"","overlay-gradient":""},"mobile":{"background-color":"var(--ast-global-color-5)","background-image":"","background-repeat":"repeat","background-position":"center center","background-size":"auto","background-attachment":"scroll","background-type":"","background-media":"","overlay-type":"","overlay-color":"","overlay-opacity":"","overlay-gradient":""}},"footnotes":""},"categories":[165,1,29],"tags":[166,434,779],"class_list":["post-22978","post","type-post","status-publish","format-standard","has-post-thumbnail","hentry","category-formacio","category-general","category-portada","tag-formacio","tag-pantalles","tag-prevencio"],"post_mailing_queue_ids":[],"_links":{"self":[{"href":"https:\/\/serveiseducatius.xtec.cat\/badalona\/wp-json\/wp\/v2\/posts\/22978","targetHints":{"allow":["GET"]}}],"collection":[{"href":"https:\/\/serveiseducatius.xtec.cat\/badalona\/wp-json\/wp\/v2\/posts"}],"about":[{"href":"https:\/\/serveiseducatius.xtec.cat\/badalona\/wp-json\/wp\/v2\/types\/post"}],"author":[{"embeddable":true,"href":"https:\/\/serveiseducatius.xtec.cat\/badalona\/wp-json\/wp\/v2\/users\/49"}],"replies":[{"embeddable":true,"href":"https:\/\/serveiseducatius.xtec.cat\/badalona\/wp-json\/wp\/v2\/comments?post=22978"}],"version-history":[{"count":3,"href":"https:\/\/serveiseducatius.xtec.cat\/badalona\/wp-json\/wp\/v2\/posts\/22978\/revisions"}],"predecessor-version":[{"id":22984,"href":"https:\/\/serveiseducatius.xtec.cat\/badalona\/wp-json\/wp\/v2\/posts\/22978\/revisions\/22984"}],"wp:featuredmedia":[{"embeddable":true,"href":"https:\/\/serveiseducatius.xtec.cat\/badalona\/wp-json\/wp\/v2\/media\/22979"}],"wp:attachment":[{"href":"https:\/\/serveiseducatius.xtec.cat\/badalona\/wp-json\/wp\/v2\/media?parent=22978"}],"wp:term":[{"taxonomy":"category","embeddable":true,"href":"https:\/\/serveiseducatius.xtec.cat\/badalona\/wp-json\/wp\/v2\/categories?post=22978"},{"taxonomy":"post_tag","embeddable":true,"href":"https:\/\/serveiseducatius.xtec.cat\/badalona\/wp-json\/wp\/v2\/tags?post=22978"}],"curies":[{"name":"wp","href":"https:\/\/api.w.org\/{rel}","templated":true}]}}