{"id":22930,"date":"2024-10-01T10:19:01","date_gmt":"2024-10-01T08:19:01","guid":{"rendered":"https:\/\/serveiseducatius.xtec.cat\/badalona\/?p=22930"},"modified":"2024-09-30T14:27:05","modified_gmt":"2024-09-30T12:27:05","slug":"dia-internacional-de-conscienciacio-sobre-la-perdua-i-el-malbaratament-daliments","status":"publish","type":"post","link":"https:\/\/serveiseducatius.xtec.cat\/badalona\/general\/dia-internacional-de-conscienciacio-sobre-la-perdua-i-el-malbaratament-daliments\/","title":{"rendered":"Dia Internacional de Conscienciaci\u00f3 sobre la p\u00e8rdua i el malbaratament d&#8217;aliments"},"content":{"rendered":"<p><img loading=\"lazy\" decoding=\"async\" class=\"wp-image-22931 alignleft\" src=\"https:\/\/serveiseducatius.xtec.cat\/badalona\/wp-content\/uploads\/usu1088\/2024\/09\/FAO.png\" alt=\"\" width=\"358\" height=\"338\" \/><\/p>\n<p><span style=\"font-weight: 400;\">El passat 29 de setembre es va celebrar el <\/span><b>Dia Internacional de conscienciaci\u00f3 sobre la p\u00e8rdua i el malbaratament d\u2019aliments<\/b><span style=\"font-weight: 400;\">.\u00a0<\/span><\/p>\n<p><span style=\"font-weight: 400;\">La pand\u00e8mia de la COVID-19 ha provocat un despertar mundial sobre la necessitat de transformar i reequilibrar la manera de produir i consumir els nostres aliments. Reduir les p\u00e8rdues i els residus d\u2019aliments \u00e9s essencial en un m\u00f3n on el nombre de persones afectades per la fam ha anat augmentant lentament des del 2014. Es perden i malgasten tones i tones d\u2019aliments comestibles cada dia. La p\u00e8rdua i el malbaratament d&#8217;aliments tamb\u00e9 exerceixen una pressi\u00f3 innecess\u00e0ria sobre la base de recursos naturals i sobre el medi ambient. Aquest fet provoca l&#8217;esgotament de la base de recursos naturals i genera gasos d&#8217;efecte hivernacle.<\/span><\/p>\n<p><span style=\"font-weight: 400;\">Donada la seva relaci\u00f3 amb els ODS (<em>Objectius de Desenvolupament Sostenible<\/em>) i el vector de <em>Ciutadania Democr\u00e0tica i Consci\u00e8ncia Global<\/em>, u<\/span><span style=\"font-weight: 400;\">s adjuntem alguns recursos per si ho voleu treballar:<\/span><\/p>\n<ul>\n<li><a href=\"https:\/\/youtu.be\/b9PSlav-gPA\" target=\"_blank\" rel=\"noopener\"><span style=\"font-weight: 400;\">Video de conscienciaci\u00f3<\/span><\/a><span style=\"font-weight: 400;\"> elaborat per la FAO (Organitzaci\u00f3 de les Nacions Unides per a l\u2019Agricultura i l\u2019Alimentaci\u00f3).\u00a0<\/span><\/li>\n<li><span style=\"font-weight: 400;\">La campanya de comunicaci\u00f3 \u201c<\/span><a href=\"https:\/\/somgentdeprofit.cat\/\" target=\"_blank\" rel=\"noopener\"><span style=\"font-weight: 400;\">Som Gent de Profit<\/span><\/a><span style=\"font-weight: 400;\">\u201d on podreu trobar recursos i eines, realitzada per l\u2019Ag\u00e8ncia de Residus de Catalunya-<\/span><\/li>\n<li><span style=\"font-weight: 400;\">El <\/span><a href=\"https:\/\/fablabbcn.org\/projects\/score\" target=\"_blank\" rel=\"noopener\"><span style=\"font-weight: 400;\">projecte SCORE <\/span><\/a><span style=\"font-weight: 400;\">\u00a0d\u2019Economia circular en el qual participen algun dels centres de la nostra ciutat, promogut pel <\/span><span style=\"font-weight: 400;\">\u00a0<\/span><a href=\"https:\/\/fablabbcn.org\/\" target=\"_blank\" rel=\"noopener\"><span style=\"font-weight: 400;\">FabLab Bcn.<\/span><\/a><\/li>\n<\/ul>\n","protected":false},"excerpt":{"rendered":"<p>El passat 29 de setembre es va celebrar el Dia Internacional de conscienciaci\u00f3 sobre la p\u00e8rdua i el malbaratament d\u2019aliments.\u00a0 [&hellip;]<\/p>\n","protected":false},"author":49,"featured_media":22931,"comment_status":"closed","ping_status":"closed","sticky":false,"template":"","format":"standard","meta":{"_bbp_topic_count":0,"_bbp_reply_count":0,"_bbp_total_topic_count":0,"_bbp_total_reply_count":0,"_bbp_voice_count":0,"_bbp_anonymous_reply_count":0,"_bbp_topic_count_hidden":0,"_bbp_reply_count_hidden":0,"_bbp_forum_subforum_count":0,"site-sidebar-layout":"default","site-content-layout":"","ast-site-content-layout":"","site-content-style":"default","site-sidebar-style":"default","ast-global-header-display":"","ast-banner-title-visibility":"","ast-main-header-display":"","ast-hfb-above-header-display":"","ast-hfb-below-header-display":"","ast-hfb-mobile-header-display":"","site-post-title":"","ast-breadcrumbs-content":"","ast-featured-img":"","footer-sml-layout":"","theme-transparent-header-meta":"","adv-header-id-meta":"","stick-header-meta":"","header-above-stick-meta":"","header-main-stick-meta":"","header-below-stick-meta":"","astra-migrate-meta-layouts":"default","ast-page-background-enabled":"default","ast-page-background-meta":{"desktop":{"background-color":"var(--ast-global-color-4)","background-image":"","background-repeat":"repeat","background-position":"center center","background-size":"auto","background-attachment":"scroll","background-type":"","background-media":"","overlay-type":"","overlay-color":"","overlay-opacity":"","overlay-gradient":""},"tablet":{"background-color":"","background-image":"","background-repeat":"repeat","background-position":"center center","background-size":"auto","background-attachment":"scroll","background-type":"","background-media":"","overlay-type":"","overlay-color":"","overlay-opacity":"","overlay-gradient":""},"mobile":{"background-color":"","background-image":"","background-repeat":"repeat","background-position":"center center","background-size":"auto","background-attachment":"scroll","background-type":"","background-media":"","overlay-type":"","overlay-color":"","overlay-opacity":"","overlay-gradient":""}},"ast-content-background-meta":{"desktop":{"background-color":"var(--ast-global-color-5)","background-image":"","background-repeat":"repeat","background-position":"center center","background-size":"auto","background-attachment":"scroll","background-type":"","background-media":"","overlay-type":"","overlay-color":"","overlay-opacity":"","overlay-gradient":""},"tablet":{"background-color":"var(--ast-global-color-5)","background-image":"","background-repeat":"repeat","background-position":"center center","background-size":"auto","background-attachment":"scroll","background-type":"","background-media":"","overlay-type":"","overlay-color":"","overlay-opacity":"","overlay-gradient":""},"mobile":{"background-color":"var(--ast-global-color-5)","background-image":"","background-repeat":"repeat","background-position":"center center","background-size":"auto","background-attachment":"scroll","background-type":"","background-media":"","overlay-type":"","overlay-color":"","overlay-opacity":"","overlay-gradient":""}},"footnotes":""},"categories":[153,1,29,76],"tags":[1977,1507,302,1902],"class_list":["post-22930","post","type-post","status-publish","format-standard","has-post-thumbnail","hentry","category-escoles-verdes","category-general","category-portada","category-recursos","tag-malbaratament-alimentari","tag-ods","tag-recursos","tag-vectors"],"post_mailing_queue_ids":[],"_links":{"self":[{"href":"https:\/\/serveiseducatius.xtec.cat\/badalona\/wp-json\/wp\/v2\/posts\/22930","targetHints":{"allow":["GET"]}}],"collection":[{"href":"https:\/\/serveiseducatius.xtec.cat\/badalona\/wp-json\/wp\/v2\/posts"}],"about":[{"href":"https:\/\/serveiseducatius.xtec.cat\/badalona\/wp-json\/wp\/v2\/types\/post"}],"author":[{"embeddable":true,"href":"https:\/\/serveiseducatius.xtec.cat\/badalona\/wp-json\/wp\/v2\/users\/49"}],"replies":[{"embeddable":true,"href":"https:\/\/serveiseducatius.xtec.cat\/badalona\/wp-json\/wp\/v2\/comments?post=22930"}],"version-history":[{"count":2,"href":"https:\/\/serveiseducatius.xtec.cat\/badalona\/wp-json\/wp\/v2\/posts\/22930\/revisions"}],"predecessor-version":[{"id":22933,"href":"https:\/\/serveiseducatius.xtec.cat\/badalona\/wp-json\/wp\/v2\/posts\/22930\/revisions\/22933"}],"wp:featuredmedia":[{"embeddable":true,"href":"https:\/\/serveiseducatius.xtec.cat\/badalona\/wp-json\/wp\/v2\/media\/22931"}],"wp:attachment":[{"href":"https:\/\/serveiseducatius.xtec.cat\/badalona\/wp-json\/wp\/v2\/media?parent=22930"}],"wp:term":[{"taxonomy":"category","embeddable":true,"href":"https:\/\/serveiseducatius.xtec.cat\/badalona\/wp-json\/wp\/v2\/categories?post=22930"},{"taxonomy":"post_tag","embeddable":true,"href":"https:\/\/serveiseducatius.xtec.cat\/badalona\/wp-json\/wp\/v2\/tags?post=22930"}],"curies":[{"name":"wp","href":"https:\/\/api.w.org\/{rel}","templated":true}]}}