{"id":2279,"date":"2015-04-09T09:51:11","date_gmt":"2015-04-09T07:51:11","guid":{"rendered":"http:\/\/serveiseducatius.xtec.cat\/badalona\/general\/aparaeasaeanataaacaiaa-adaeala-alalaiabaraea-aalaeasa-aaalataeasa-acaaapaaacaiataaatasa-aaa-alaaeasacaoalaaa-aianacalauasaiavaaaa-aaanaiamaaalaeamaa\/"},"modified":"2016-12-22T13:34:15","modified_gmt":"2016-12-22T12:34:15","slug":"aparaeasaeanataaacaiaa-adaeala-alalaiabaraea-aalaeasa-aaalataeasa-acaaapaaacaiataaatasa-aaa-alaaeasacaoalaaa-aianacalauasaiavaaaa-aaanaiamaaalaeamaa","status":"publish","type":"post","link":"https:\/\/serveiseducatius.xtec.cat\/badalona\/general\/aparaeasaeanataaacaiaa-adaeala-alalaiabaraea-aalaeasa-aaalataeasa-acaaapaaacaiataaatasa-aaa-alaaeasacaoalaaa-aianacalauasaiavaaaa-aaanaiamaaalaeamaa\/","title":{"rendered":"Presentaci\u00f3 del llibre: Les altes capacitats a l&#8217;escola inclusiva: animalem"},"content":{"rendered":"<table border=\"0\" cellpadding=\"1\" cellspacing=\"1\" style=\"width:500px\">\n<tbody>\n<tr>\n<td><a href=\"http:\/\/www.elfull.com\/Imagenes\/PorIdentidad?identidad=727c2d3d-0086-49f5-b8e6-4ed091378399\" target=\"_blank\"><img decoding=\"async\" alt=\"\" src=\"https:\/\/lh5.googleusercontent.com\/-tK7l9Drupu0\/VSY4AbJtheI\/AAAAAAAACtw\/aWNwM8tfqNs\/s912\/presentaci%25C3%25B3%252016%2520babril.jpg\" style=\"height:188px; width:250px\" \/><\/a><\/td>\n<td>\n<p><span style=\"font-size:12px\"><span style=\"font-family:verdana,geneva,sans-serif\">El proper dijous, 16 d&#39;abril tindr\u00e0 lloc a l&#39;<a href=\"http:\/\/www.espaibetulia.cat\" target=\"_blank\">Espai Bet\u00falia<\/a> la presentaci\u00f3 del llibre&nbsp;<em>Les altes capacitats a l&rsquo;escola inclusiva: Animalem<\/em>, de Maria S. Dauder. Il&middot;lustracions de Georgina Gonz\u00e1lez Puig.<\/span><\/span><\/p>\n<p><span style=\"font-size:12px\"><span style=\"font-family:verdana,geneva,sans-serif\">El llibre \u00e9s una col&middot;lecci\u00f3 de contes per a nens i nenes amb altes capacitats i cont\u00e9 propostes did\u00e0ctiques en catal\u00e0 i angl\u00e8s.<\/span><\/span><\/p>\n<\/td>\n<\/tr>\n<\/tbody>\n<\/table>\n","protected":false},"excerpt":{"rendered":"<p>El proper dijous, 16 d&#39;abril tindr\u00e0 lloc a l&#39;Espai Bet\u00falia la presentaci\u00f3 del llibre&nbsp;Les altes capacitats a l&rsquo;escola inclusiva: Animalem, [&hellip;]<\/p>\n","protected":false},"author":1,"featured_media":0,"comment_status":"open","ping_status":"open","sticky":false,"template":"","format":"standard","meta":{"_bbp_topic_count":0,"_bbp_reply_count":0,"_bbp_total_topic_count":0,"_bbp_total_reply_count":0,"_bbp_voice_count":0,"_bbp_anonymous_reply_count":0,"_bbp_topic_count_hidden":0,"_bbp_reply_count_hidden":0,"_bbp_forum_subforum_count":0,"site-sidebar-layout":"default","site-content-layout":"","ast-site-content-layout":"","site-content-style":"default","site-sidebar-style":"default","ast-global-header-display":"","ast-banner-title-visibility":"","ast-main-header-display":"","ast-hfb-above-header-display":"","ast-hfb-below-header-display":"","ast-hfb-mobile-header-display":"","site-post-title":"","ast-breadcrumbs-content":"","ast-featured-img":"","footer-sml-layout":"","theme-transparent-header-meta":"","adv-header-id-meta":"","stick-header-meta":"","header-above-stick-meta":"","header-main-stick-meta":"","header-below-stick-meta":"","astra-migrate-meta-layouts":"default","ast-page-background-enabled":"default","ast-page-background-meta":{"desktop":{"background-color":"var(--ast-global-color-4)","background-image":"","background-repeat":"repeat","background-position":"center center","background-size":"auto","background-attachment":"scroll","background-type":"","background-media":"","overlay-type":"","overlay-color":"","overlay-opacity":"","overlay-gradient":""},"tablet":{"background-color":"","background-image":"","background-repeat":"repeat","background-position":"center center","background-size":"auto","background-attachment":"scroll","background-type":"","background-media":"","overlay-type":"","overlay-color":"","overlay-opacity":"","overlay-gradient":""},"mobile":{"background-color":"","background-image":"","background-repeat":"repeat","background-position":"center center","background-size":"auto","background-attachment":"scroll","background-type":"","background-media":"","overlay-type":"","overlay-color":"","overlay-opacity":"","overlay-gradient":""}},"ast-content-background-meta":{"desktop":{"background-color":"var(--ast-global-color-5)","background-image":"","background-repeat":"repeat","background-position":"center center","background-size":"auto","background-attachment":"scroll","background-type":"","background-media":"","overlay-type":"","overlay-color":"","overlay-opacity":"","overlay-gradient":""},"tablet":{"background-color":"var(--ast-global-color-5)","background-image":"","background-repeat":"repeat","background-position":"center center","background-size":"auto","background-attachment":"scroll","background-type":"","background-media":"","overlay-type":"","overlay-color":"","overlay-opacity":"","overlay-gradient":""},"mobile":{"background-color":"var(--ast-global-color-5)","background-image":"","background-repeat":"repeat","background-position":"center center","background-size":"auto","background-attachment":"scroll","background-type":"","background-media":"","overlay-type":"","overlay-color":"","overlay-opacity":"","overlay-gradient":""}},"footnotes":""},"categories":[1,76],"tags":[397,454],"class_list":["post-2279","post","type-post","status-publish","format-standard","hentry","category-general","category-recursos","tag-altes-capacitats","tag-inclusio"],"post_mailing_queue_ids":[],"_links":{"self":[{"href":"https:\/\/serveiseducatius.xtec.cat\/badalona\/wp-json\/wp\/v2\/posts\/2279","targetHints":{"allow":["GET"]}}],"collection":[{"href":"https:\/\/serveiseducatius.xtec.cat\/badalona\/wp-json\/wp\/v2\/posts"}],"about":[{"href":"https:\/\/serveiseducatius.xtec.cat\/badalona\/wp-json\/wp\/v2\/types\/post"}],"author":[{"embeddable":true,"href":"https:\/\/serveiseducatius.xtec.cat\/badalona\/wp-json\/wp\/v2\/users\/1"}],"replies":[{"embeddable":true,"href":"https:\/\/serveiseducatius.xtec.cat\/badalona\/wp-json\/wp\/v2\/comments?post=2279"}],"version-history":[{"count":1,"href":"https:\/\/serveiseducatius.xtec.cat\/badalona\/wp-json\/wp\/v2\/posts\/2279\/revisions"}],"predecessor-version":[{"id":3523,"href":"https:\/\/serveiseducatius.xtec.cat\/badalona\/wp-json\/wp\/v2\/posts\/2279\/revisions\/3523"}],"wp:attachment":[{"href":"https:\/\/serveiseducatius.xtec.cat\/badalona\/wp-json\/wp\/v2\/media?parent=2279"}],"wp:term":[{"taxonomy":"category","embeddable":true,"href":"https:\/\/serveiseducatius.xtec.cat\/badalona\/wp-json\/wp\/v2\/categories?post=2279"},{"taxonomy":"post_tag","embeddable":true,"href":"https:\/\/serveiseducatius.xtec.cat\/badalona\/wp-json\/wp\/v2\/tags?post=2279"}],"curies":[{"name":"wp","href":"https:\/\/api.w.org\/{rel}","templated":true}]}}