{"id":22651,"date":"2024-09-08T18:45:21","date_gmt":"2024-09-08T16:45:21","guid":{"rendered":"https:\/\/serveiseducatius.xtec.cat\/badalona\/?p=22651"},"modified":"2024-09-12T08:25:42","modified_gmt":"2024-09-12T06:25:42","slug":"maleta-de-coeducacio-per-secundaria","status":"publish","type":"post","link":"https:\/\/serveiseducatius.xtec.cat\/badalona\/recursos\/maletes-pedagogiques\/maleta-de-coeducacio-per-secundaria\/","title":{"rendered":"Maleta de Coeducaci\u00f3 per Secund\u00e0ria"},"content":{"rendered":"<p><span style=\"font-weight: 400;\">La Maleta de Coeducaci\u00f3 per Secund\u00e0ria cont\u00e9 20 llibres i 5 jocs coeducatius amb diferents tem\u00e0tiques com la sexualitat, la menstruaci\u00f3,\u00a0 diversitat afectiva i sexual, feminisme, igualtat de g\u00e8nere i la prevenci\u00f3 de l\u2019ab\u00fas sexual.<\/span><\/p>\n<p><a href=\"https:\/\/drive.google.com\/file\/d\/1B35diOtXEql97oCvDEVv8Fjiwaev1MpL\/view?usp=sharing\" target=\"_blank\" rel=\"noopener\">Inventari maleta coeducaci\u00f3 secund\u00e0ria<\/a><\/p>\n<p><a href=\"https:\/\/view.genially.com\/5fc8c4f674ef7b0d20769c8e\/presentation-maleta-coeducacio-secundaria\" target=\"_blank\" rel=\"noopener\">Genially maleta coeducaci\u00f3<\/a><\/p>\n<p><a href=\"https:\/\/ja.cat\/reservamaletesbdn\" target=\"_blank\" rel=\"noopener\">Reserva aquesta maleta did\u00e0ctica<\/a><\/p>\n<p>\u00a0<img loading=\"lazy\" decoding=\"async\" class=\"alignnone  wp-image-22753\" src=\"https:\/\/serveiseducatius.xtec.cat\/badalona\/wp-content\/uploads\/usu1088\/2024\/09\/IMG-20240910-WA0008-768x1024.jpg\" alt=\"\" width=\"416\" height=\"555\" srcset=\"https:\/\/serveiseducatius.xtec.cat\/badalona\/wp-content\/uploads\/usu1088\/2024\/09\/IMG-20240910-WA0008-768x1024.jpg 768w, https:\/\/serveiseducatius.xtec.cat\/badalona\/wp-content\/uploads\/usu1088\/2024\/09\/IMG-20240910-WA0008-225x300.jpg 225w, https:\/\/serveiseducatius.xtec.cat\/badalona\/wp-content\/uploads\/usu1088\/2024\/09\/IMG-20240910-WA0008-1152x1536.jpg 1152w, https:\/\/serveiseducatius.xtec.cat\/badalona\/wp-content\/uploads\/usu1088\/2024\/09\/IMG-20240910-WA0008.jpg 1200w\" sizes=\"auto, (max-width: 416px) 100vw, 416px\" \/><\/p>\n","protected":false},"excerpt":{"rendered":"<p>La Maleta de Coeducaci\u00f3 per Secund\u00e0ria cont\u00e9 20 llibres i 5 jocs coeducatius amb diferents tem\u00e0tiques com la sexualitat, la [&hellip;]<\/p>\n","protected":false},"author":48,"featured_media":22752,"comment_status":"closed","ping_status":"closed","sticky":false,"template":"","format":"standard","meta":{"_bbp_topic_count":0,"_bbp_reply_count":0,"_bbp_total_topic_count":0,"_bbp_total_reply_count":0,"_bbp_voice_count":0,"_bbp_anonymous_reply_count":0,"_bbp_topic_count_hidden":0,"_bbp_reply_count_hidden":0,"_bbp_forum_subforum_count":0,"site-sidebar-layout":"default","site-content-layout":"","ast-site-content-layout":"","site-content-style":"default","site-sidebar-style":"default","ast-global-header-display":"","ast-banner-title-visibility":"","ast-main-header-display":"","ast-hfb-above-header-display":"","ast-hfb-below-header-display":"","ast-hfb-mobile-header-display":"","site-post-title":"","ast-breadcrumbs-content":"","ast-featured-img":"","footer-sml-layout":"","theme-transparent-header-meta":"","adv-header-id-meta":"","stick-header-meta":"","header-above-stick-meta":"","header-main-stick-meta":"","header-below-stick-meta":"","astra-migrate-meta-layouts":"default","ast-page-background-enabled":"default","ast-page-background-meta":{"desktop":{"background-color":"var(--ast-global-color-4)","background-image":"","background-repeat":"repeat","background-position":"center center","background-size":"auto","background-attachment":"scroll","background-type":"","background-media":"","overlay-type":"","overlay-color":"","overlay-opacity":"","overlay-gradient":""},"tablet":{"background-color":"","background-image":"","background-repeat":"repeat","background-position":"center center","background-size":"auto","background-attachment":"scroll","background-type":"","background-media":"","overlay-type":"","overlay-color":"","overlay-opacity":"","overlay-gradient":""},"mobile":{"background-color":"","background-image":"","background-repeat":"repeat","background-position":"center center","background-size":"auto","background-attachment":"scroll","background-type":"","background-media":"","overlay-type":"","overlay-color":"","overlay-opacity":"","overlay-gradient":""}},"ast-content-background-meta":{"desktop":{"background-color":"var(--ast-global-color-5)","background-image":"","background-repeat":"repeat","background-position":"center center","background-size":"auto","background-attachment":"scroll","background-type":"","background-media":"","overlay-type":"","overlay-color":"","overlay-opacity":"","overlay-gradient":""},"tablet":{"background-color":"var(--ast-global-color-5)","background-image":"","background-repeat":"repeat","background-position":"center center","background-size":"auto","background-attachment":"scroll","background-type":"","background-media":"","overlay-type":"","overlay-color":"","overlay-opacity":"","overlay-gradient":""},"mobile":{"background-color":"var(--ast-global-color-5)","background-image":"","background-repeat":"repeat","background-position":"center center","background-size":"auto","background-attachment":"scroll","background-type":"","background-media":"","overlay-type":"","overlay-color":"","overlay-opacity":"","overlay-gradient":""}},"footnotes":""},"categories":[82],"tags":[1950,1951,1952],"class_list":["post-22651","post","type-post","status-publish","format-standard","has-post-thumbnail","hentry","category-maletes-pedagogiques","tag-maletes-1r-2n-eso","tag-maletes-3r-4t-eso","tag-maletes-coeducacio-i-valors"],"post_mailing_queue_ids":[],"_links":{"self":[{"href":"https:\/\/serveiseducatius.xtec.cat\/badalona\/wp-json\/wp\/v2\/posts\/22651","targetHints":{"allow":["GET"]}}],"collection":[{"href":"https:\/\/serveiseducatius.xtec.cat\/badalona\/wp-json\/wp\/v2\/posts"}],"about":[{"href":"https:\/\/serveiseducatius.xtec.cat\/badalona\/wp-json\/wp\/v2\/types\/post"}],"author":[{"embeddable":true,"href":"https:\/\/serveiseducatius.xtec.cat\/badalona\/wp-json\/wp\/v2\/users\/48"}],"replies":[{"embeddable":true,"href":"https:\/\/serveiseducatius.xtec.cat\/badalona\/wp-json\/wp\/v2\/comments?post=22651"}],"version-history":[{"count":3,"href":"https:\/\/serveiseducatius.xtec.cat\/badalona\/wp-json\/wp\/v2\/posts\/22651\/revisions"}],"predecessor-version":[{"id":22765,"href":"https:\/\/serveiseducatius.xtec.cat\/badalona\/wp-json\/wp\/v2\/posts\/22651\/revisions\/22765"}],"wp:featuredmedia":[{"embeddable":true,"href":"https:\/\/serveiseducatius.xtec.cat\/badalona\/wp-json\/wp\/v2\/media\/22752"}],"wp:attachment":[{"href":"https:\/\/serveiseducatius.xtec.cat\/badalona\/wp-json\/wp\/v2\/media?parent=22651"}],"wp:term":[{"taxonomy":"category","embeddable":true,"href":"https:\/\/serveiseducatius.xtec.cat\/badalona\/wp-json\/wp\/v2\/categories?post=22651"},{"taxonomy":"post_tag","embeddable":true,"href":"https:\/\/serveiseducatius.xtec.cat\/badalona\/wp-json\/wp\/v2\/tags?post=22651"}],"curies":[{"name":"wp","href":"https:\/\/api.w.org\/{rel}","templated":true}]}}