{"id":22548,"date":"2024-09-05T13:42:10","date_gmt":"2024-09-05T11:42:10","guid":{"rendered":"https:\/\/serveiseducatius.xtec.cat\/badalona\/?p=22548"},"modified":"2024-09-05T11:51:32","modified_gmt":"2024-09-05T09:51:32","slug":"prestec-de-maletes-didactiques-i-aparells-2024-25","status":"publish","type":"post","link":"https:\/\/serveiseducatius.xtec.cat\/badalona\/general\/prestec-de-maletes-didactiques-i-aparells-2024-25\/","title":{"rendered":"Pr\u00e9stec de maletes did\u00e0ctiques i aparells 2024\/25"},"content":{"rendered":"<p>&nbsp;<\/p>\n<p><img loading=\"lazy\" decoding=\"async\" class=\"alignnone  wp-image-22552\" src=\"https:\/\/serveiseducatius.xtec.cat\/badalona\/wp-content\/uploads\/usu1088\/2024\/09\/WhatsApp-Image-2024-09-05-at-10.16.45-1024x768.jpeg\" alt=\"\" width=\"440\" height=\"330\" \/><\/p>\n<p><span style=\"font-family: helvetica, arial, sans-serif; font-size: 12pt;\">Amb l\u2019inici del nou curs iniciem el proc\u00e9s per a reservar maletes did\u00e0ctiques i aparells a trav\u00e9s d&#8217;aquest <a href=\"https:\/\/forms.gle\/WpLdom2L8pDm3ECc9\" target=\"_blank\" rel=\"noopener\">formulari<\/a>.<\/span><\/p>\n<p>Estar\u00e0 actiu del <b>9\u00a0al 23 de setembre<\/b>. S&#8217;adjudicar\u00e0 en funci\u00f3 de la demanda i amb els criteris seg\u00fcents:<\/p>\n<div>\n<ul>\n<li>Que en puguin gaudir el m\u00e0xim nombre de centres.<\/li>\n<li>Es prioritzaran centres que no n\u2019hagin gaudit l\u2019any anterior.<\/li>\n<li>Que el centre hagi complert les normes d\u2019us el curs anterior.<\/li>\n<\/ul>\n<p>A cada per\u00edode nom\u00e9s es pot triar una maleta. Podeu omplir tants formularis com vulgueu.<\/p><\/div>\n<div>\u00a0<\/div>\n<div>Un cop recollides les demandes ens posarem en contacte per comunicar-vos quines maletes se us han adjudicat.<\/p>\n<p><b>Per\u00edodes de pr\u00e9stec<\/b>:<\/div>\n<div>\u00a0<\/div>\n<div>1r trimestre:\u00a0<\/div>\n<div>\n<ol>\n<li><b>7 d&#8217;octubre al 30 d\u2019octubre<\/b><\/li>\n<li><b>11 de novembre al 9 de desembre<\/b><\/li>\n<\/ol>\n<p>2n trimestre:\u00a0<\/p><\/div>\n<div>\n<ol>\n<li><b>13 de gener al 31 de gener<\/b><\/li>\n<li><b>10 de febrer al 28 de febrer\u00a0<\/b><\/li>\n<li><b>10 de mar\u00e7 fins al 4 d\u2019abril<\/b><\/li>\n<\/ol>\n<p>3r trimestre:<\/p><\/div>\n<div>\n<ol>\n<li><b>28 d&#8217;abril fins al 30 de maig<\/b><\/li>\n<\/ol>\n<\/div>\n<div>Durant la resta del curs podreu fer reserva de maletes did\u00e0ctiques, aparells i eines, sempre que estiguin disponibles, trucant al 93.460.22.26 o enviant un email a <a href=\"mailto:crp-badalona@xtec.cat\">crp-badalona@xtec.cat<\/a><\/div>\n","protected":false},"excerpt":{"rendered":"<p>&nbsp; Amb l\u2019inici del nou curs iniciem el proc\u00e9s per a reservar maletes did\u00e0ctiques i aparells a trav\u00e9s d&#8217;aquest formulari. [&hellip;]<\/p>\n","protected":false},"author":15,"featured_media":22552,"comment_status":"closed","ping_status":"closed","sticky":false,"template":"","format":"standard","meta":{"_bbp_topic_count":0,"_bbp_reply_count":0,"_bbp_total_topic_count":0,"_bbp_total_reply_count":0,"_bbp_voice_count":0,"_bbp_anonymous_reply_count":0,"_bbp_topic_count_hidden":0,"_bbp_reply_count_hidden":0,"_bbp_forum_subforum_count":0,"site-sidebar-layout":"default","site-content-layout":"","ast-site-content-layout":"","site-content-style":"default","site-sidebar-style":"default","ast-global-header-display":"","ast-banner-title-visibility":"","ast-main-header-display":"","ast-hfb-above-header-display":"","ast-hfb-below-header-display":"","ast-hfb-mobile-header-display":"","site-post-title":"","ast-breadcrumbs-content":"","ast-featured-img":"","footer-sml-layout":"","theme-transparent-header-meta":"","adv-header-id-meta":"","stick-header-meta":"","header-above-stick-meta":"","header-main-stick-meta":"","header-below-stick-meta":"","astra-migrate-meta-layouts":"default","ast-page-background-enabled":"default","ast-page-background-meta":{"desktop":{"background-color":"var(--ast-global-color-4)","background-image":"","background-repeat":"repeat","background-position":"center center","background-size":"auto","background-attachment":"scroll","background-type":"","background-media":"","overlay-type":"","overlay-color":"","overlay-opacity":"","overlay-gradient":""},"tablet":{"background-color":"","background-image":"","background-repeat":"repeat","background-position":"center center","background-size":"auto","background-attachment":"scroll","background-type":"","background-media":"","overlay-type":"","overlay-color":"","overlay-opacity":"","overlay-gradient":""},"mobile":{"background-color":"","background-image":"","background-repeat":"repeat","background-position":"center center","background-size":"auto","background-attachment":"scroll","background-type":"","background-media":"","overlay-type":"","overlay-color":"","overlay-opacity":"","overlay-gradient":""}},"ast-content-background-meta":{"desktop":{"background-color":"var(--ast-global-color-5)","background-image":"","background-repeat":"repeat","background-position":"center center","background-size":"auto","background-attachment":"scroll","background-type":"","background-media":"","overlay-type":"","overlay-color":"","overlay-opacity":"","overlay-gradient":""},"tablet":{"background-color":"var(--ast-global-color-5)","background-image":"","background-repeat":"repeat","background-position":"center center","background-size":"auto","background-attachment":"scroll","background-type":"","background-media":"","overlay-type":"","overlay-color":"","overlay-opacity":"","overlay-gradient":""},"mobile":{"background-color":"var(--ast-global-color-5)","background-image":"","background-repeat":"repeat","background-position":"center center","background-size":"auto","background-attachment":"scroll","background-type":"","background-media":"","overlay-type":"","overlay-color":"","overlay-opacity":"","overlay-gradient":""}},"footnotes":""},"categories":[80,1,82,29,76],"tags":[293],"class_list":["post-22548","post","type-post","status-publish","format-standard","has-post-thumbnail","hentry","category-aparells","category-general","category-maletes-pedagogiques","category-portada","category-recursos","tag-maletes-pedagogiques"],"post_mailing_queue_ids":[],"_links":{"self":[{"href":"https:\/\/serveiseducatius.xtec.cat\/badalona\/wp-json\/wp\/v2\/posts\/22548","targetHints":{"allow":["GET"]}}],"collection":[{"href":"https:\/\/serveiseducatius.xtec.cat\/badalona\/wp-json\/wp\/v2\/posts"}],"about":[{"href":"https:\/\/serveiseducatius.xtec.cat\/badalona\/wp-json\/wp\/v2\/types\/post"}],"author":[{"embeddable":true,"href":"https:\/\/serveiseducatius.xtec.cat\/badalona\/wp-json\/wp\/v2\/users\/15"}],"replies":[{"embeddable":true,"href":"https:\/\/serveiseducatius.xtec.cat\/badalona\/wp-json\/wp\/v2\/comments?post=22548"}],"version-history":[{"count":1,"href":"https:\/\/serveiseducatius.xtec.cat\/badalona\/wp-json\/wp\/v2\/posts\/22548\/revisions"}],"predecessor-version":[{"id":22559,"href":"https:\/\/serveiseducatius.xtec.cat\/badalona\/wp-json\/wp\/v2\/posts\/22548\/revisions\/22559"}],"wp:featuredmedia":[{"embeddable":true,"href":"https:\/\/serveiseducatius.xtec.cat\/badalona\/wp-json\/wp\/v2\/media\/22552"}],"wp:attachment":[{"href":"https:\/\/serveiseducatius.xtec.cat\/badalona\/wp-json\/wp\/v2\/media?parent=22548"}],"wp:term":[{"taxonomy":"category","embeddable":true,"href":"https:\/\/serveiseducatius.xtec.cat\/badalona\/wp-json\/wp\/v2\/categories?post=22548"},{"taxonomy":"post_tag","embeddable":true,"href":"https:\/\/serveiseducatius.xtec.cat\/badalona\/wp-json\/wp\/v2\/tags?post=22548"}],"curies":[{"name":"wp","href":"https:\/\/api.w.org\/{rel}","templated":true}]}}