{"id":2233,"date":"2015-02-25T11:54:03","date_gmt":"2015-02-25T10:54:03","guid":{"rendered":"http:\/\/serveiseducatius.xtec.cat\/badalona\/general\/axaxaiaxa-ajaoaranaaadaeasa-acaiaeanataafaiaqauaeasa-adaaeanasaeanayaaamaeanata-asaeacauanadaaaraia-adaea-abaaadaaalaoanaaa\/"},"modified":"2016-12-22T11:45:50","modified_gmt":"2016-12-22T10:45:50","slug":"axaxaiaxa-ajaoaranaaadaeasa-acaiaeanataafaiaqauaeasa-adaaeanasaeanayaaamaeanata-asaeacauanadaaaraia-adaea-abaaadaaalaoanaaa","status":"publish","type":"post","link":"https:\/\/serveiseducatius.xtec.cat\/badalona\/general\/axaxaiaxa-ajaoaranaaadaeasa-acaiaeanataafaiaqauaeasa-adaaeanasaeanayaaamaeanata-asaeacauanadaaaraia-adaea-abaaadaaalaoanaaa\/","title":{"rendered":"XXIX Jornades Cient\u00edfiques d&#8217;Ensenyament Secundari de Badalona"},"content":{"rendered":"<table border=\"0\" class=\"htmtableborders\" style=\"width:615px\">\n<tbody>\n<tr>\n<td><a href=\"http:\/\/agora.xtec.cat\/se-badalona\/intranet\/file.php?file=public\/Jornades_Cient%C3%ADfiques_ES_BDN_2015_cartell_%281%29.pdf\" target=\"_blank\"><img decoding=\"async\" <img decoding=\"async\" src=\"http:\/\/serveiseducatius.xtec.cat\/badalona\/wp-content\/uploads\/usu1088\/2016\/07\/poster.jpg\" style=\"height:251px; width:180px\" \/><\/a><\/td>\n<td>\n<p><span style=\"font-size:12px\"><span style=\"font-family:verdana,geneva,sans-serif\"><strong>XXIX Jornades Cient\u00edfiques d&#39;Ensenyament Secundari<\/strong><br \/>\n\t\t\tLes JJCC consisteixen en una exposici\u00f3 p\u00fablica durant tres dies dels treballs d&#39;investigaci\u00f3 duts a terme per l&#39;alumnat de la ciutat i de les poblacions ve\u00efnes.<\/span><\/span><\/p>\n<p><span style=\"font-size:12px\"><span style=\"font-family:verdana,geneva,sans-serif\">La durada de l&#39;exposici\u00f3 oral dels treballs seleccionats ser\u00e0 d&#39;un m\u00e0xim de 10 minuts. Els joves tindran a la seva disposici\u00f3 la tecnologia necess\u00e0ria: ordinador, so, internet&#8230;<\/span><\/span><\/p>\n<p><span style=\"font-size:12px\"><span style=\"font-family:verdana,geneva,sans-serif\">Els dies <strong>17, 18 i 19 de mar\u00e7 de 2015<\/strong> es presentaran els treballs al <a href=\"http:\/\/www.bcin.org\/imgs\/mapa.jpg\" target=\"_blank\">Centre Internacional de Negocis de Badalona<\/a> &quot;BCIN&quot;.<br \/>\n\t\t\tPer a m\u00e9s informaci\u00f3 entreu al <a href=\"https:\/\/sites.google.com\/a\/xtec.cat\/jjccbdn\/2015\" target=\"_blank\">web de les Jornades<\/a>.<br \/>\n\t\t\tConsulteu la <a <a href=\"http:\/\/serveiseducatius.xtec.cat\/badalona\/wp-content\/uploads\/usu1088\/2016\/07\/Llistat_treballs.pdf\" target=\"_blank\">relaci\u00f3 de treballs<\/a> que es presentaran.<br \/>\n\t\t\tL&#39;horari ser\u00e0 el mateix pels tres dies: de 9:30 a 13h.<\/span><\/span><\/p>\n<\/td>\n<\/tr>\n<\/tbody>\n<\/table>\n","protected":false},"excerpt":{"rendered":"","protected":false},"author":1,"featured_media":0,"comment_status":"open","ping_status":"open","sticky":false,"template":"","format":"standard","meta":{"_bbp_topic_count":0,"_bbp_reply_count":0,"_bbp_total_topic_count":0,"_bbp_total_reply_count":0,"_bbp_voice_count":0,"_bbp_anonymous_reply_count":0,"_bbp_topic_count_hidden":0,"_bbp_reply_count_hidden":0,"_bbp_forum_subforum_count":0,"site-sidebar-layout":"default","site-content-layout":"","ast-site-content-layout":"","site-content-style":"default","site-sidebar-style":"default","ast-global-header-display":"","ast-banner-title-visibility":"","ast-main-header-display":"","ast-hfb-above-header-display":"","ast-hfb-below-header-display":"","ast-hfb-mobile-header-display":"","site-post-title":"","ast-breadcrumbs-content":"","ast-featured-img":"","footer-sml-layout":"","theme-transparent-header-meta":"","adv-header-id-meta":"","stick-header-meta":"","header-above-stick-meta":"","header-main-stick-meta":"","header-below-stick-meta":"","astra-migrate-meta-layouts":"default","ast-page-background-enabled":"default","ast-page-background-meta":{"desktop":{"background-color":"var(--ast-global-color-4)","background-image":"","background-repeat":"repeat","background-position":"center center","background-size":"auto","background-attachment":"scroll","background-type":"","background-media":"","overlay-type":"","overlay-color":"","overlay-opacity":"","overlay-gradient":""},"tablet":{"background-color":"","background-image":"","background-repeat":"repeat","background-position":"center center","background-size":"auto","background-attachment":"scroll","background-type":"","background-media":"","overlay-type":"","overlay-color":"","overlay-opacity":"","overlay-gradient":""},"mobile":{"background-color":"","background-image":"","background-repeat":"repeat","background-position":"center center","background-size":"auto","background-attachment":"scroll","background-type":"","background-media":"","overlay-type":"","overlay-color":"","overlay-opacity":"","overlay-gradient":""}},"ast-content-background-meta":{"desktop":{"background-color":"var(--ast-global-color-5)","background-image":"","background-repeat":"repeat","background-position":"center center","background-size":"auto","background-attachment":"scroll","background-type":"","background-media":"","overlay-type":"","overlay-color":"","overlay-opacity":"","overlay-gradient":""},"tablet":{"background-color":"var(--ast-global-color-5)","background-image":"","background-repeat":"repeat","background-position":"center center","background-size":"auto","background-attachment":"scroll","background-type":"","background-media":"","overlay-type":"","overlay-color":"","overlay-opacity":"","overlay-gradient":""},"mobile":{"background-color":"var(--ast-global-color-5)","background-image":"","background-repeat":"repeat","background-position":"center center","background-size":"auto","background-attachment":"scroll","background-type":"","background-media":"","overlay-type":"","overlay-color":"","overlay-opacity":"","overlay-gradient":""}},"footnotes":""},"categories":[66,1,299],"tags":[167,205,190,192,208],"class_list":["post-2233","post","type-post","status-publish","format-standard","hentry","category-dinamitzacio","category-general","category-jornades-cientifiques","tag-badalona","tag-intraweb","tag-jjcc","tag-jornades-cientifiques","tag-noticies"],"post_mailing_queue_ids":[],"_links":{"self":[{"href":"https:\/\/serveiseducatius.xtec.cat\/badalona\/wp-json\/wp\/v2\/posts\/2233","targetHints":{"allow":["GET"]}}],"collection":[{"href":"https:\/\/serveiseducatius.xtec.cat\/badalona\/wp-json\/wp\/v2\/posts"}],"about":[{"href":"https:\/\/serveiseducatius.xtec.cat\/badalona\/wp-json\/wp\/v2\/types\/post"}],"author":[{"embeddable":true,"href":"https:\/\/serveiseducatius.xtec.cat\/badalona\/wp-json\/wp\/v2\/users\/1"}],"replies":[{"embeddable":true,"href":"https:\/\/serveiseducatius.xtec.cat\/badalona\/wp-json\/wp\/v2\/comments?post=2233"}],"version-history":[{"count":1,"href":"https:\/\/serveiseducatius.xtec.cat\/badalona\/wp-json\/wp\/v2\/posts\/2233\/revisions"}],"predecessor-version":[{"id":3477,"href":"https:\/\/serveiseducatius.xtec.cat\/badalona\/wp-json\/wp\/v2\/posts\/2233\/revisions\/3477"}],"wp:attachment":[{"href":"https:\/\/serveiseducatius.xtec.cat\/badalona\/wp-json\/wp\/v2\/media?parent=2233"}],"wp:term":[{"taxonomy":"category","embeddable":true,"href":"https:\/\/serveiseducatius.xtec.cat\/badalona\/wp-json\/wp\/v2\/categories?post=2233"},{"taxonomy":"post_tag","embeddable":true,"href":"https:\/\/serveiseducatius.xtec.cat\/badalona\/wp-json\/wp\/v2\/tags?post=2233"}],"curies":[{"name":"wp","href":"https:\/\/api.w.org\/{rel}","templated":true}]}}